{"id":10052,"date":"2019-02-21T20:06:51","date_gmt":"2019-02-21T23:06:51","guid":{"rendered":"https:\/\/blogs.correiobraziliense.com.br\/vicente\/?p=10052"},"modified":"2019-02-21T20:07:30","modified_gmt":"2019-02-21T23:07:30","slug":"servidores-da-valec-farao-manifestacao-em-frente-ao-mpt-df-nesta-sexta","status":"publish","type":"post","link":"https:\/\/blogs.correiobraziliense.com.br\/vicente\/servidores-da-valec-farao-manifestacao-em-frente-ao-mpt-df-nesta-sexta\/","title":{"rendered":"Servidores da Valec far\u00e3o manifesta\u00e7\u00e3o em frente ao MPT-DF nesta sexta"},"content":{"rendered":"<h2>SIMONE KAFRUNI<\/h2>\n<h2><\/h2>\n<h2>Amea\u00e7ados pela extin\u00e7\u00e3o da Valec, servidores p\u00fablicos da empresa far\u00e3o uma manifesta\u00e7\u00e3o, nesta sexta-feira (22\/2), \u00e0s 14h30, em frente ao Minist\u00e9rio P\u00fablico do Trabalho (MPT-DF), onde ser\u00e1 realizada uma audi\u00eancia com o objetivo de apurar den\u00fancias sobre o fechamento da estatal respons\u00e1vel pelas ferrovias no Brasil.<\/h2>\n<p>&nbsp;<\/p>\n<p>A audi\u00eancia foi convocada pela procuradora Ana Cristina Tostes Ribeiro e reunir\u00e1 l\u00edderan\u00e7as da Associa\u00e7\u00e3o dos Empregados P\u00fablicos da Valec (AEPValec) e da Associa\u00e7\u00e3o dos Servidores da Valec, al\u00e9m de representantes dos funcion\u00e1rios do Grupo Executivo de Integra\u00e7\u00e3o da Pol\u00edtica de Transporte (Geipot) e da Rede Ferrovi\u00e1ria Federal (RFFSA), \u00f3rg\u00e3os j\u00e1 extintos, cujos profissionais foram absorvidos pela Valec.<\/p>\n<p>&nbsp;<\/p>\n<p>Se a investiga\u00e7\u00e3o for aceita pelo MPT, um inqu\u00e9rito civil p\u00fablico pode ser aberto. Conforme o presidente da AEPValec, Luiz Gonzaga de Souza Congu\u00ea, houve uma den\u00fancia an\u00f4nima sobre uma reuni\u00e3o que o ministro da Infraestrutura, Tarc\u00edsio Gomes de Freitas, teria feito por de videoconfer\u00eancia com superintendentes do Departamento Nacional de Infraestrutura de Transportes (Dnit), na qual teria dito que a Valec ser\u00e1 extinta, prevendo demiss\u00e3o dos servidores e contrata\u00e7\u00e3o de terceirizados.<\/p>\n<p>&nbsp;<\/p>\n<p>Atualmente, a Valec tem 380 concursados do certame realizado em 2012, mas como \u00e9 sucessora da RFFSA e do Geipot, tem 712 servidores diretos. Al\u00e9m das lideran\u00e7as participarem da audi\u00eancia, servidores prometem fazer uma manifesta\u00e7\u00e3o em frente ao MPT. \u201cA inten\u00e7\u00e3o \u00e9 sensibilizar o Minist\u00e9rio P\u00fablico do Trabalho e provar que somos categoria unida. Queremos colocar nossa m\u00e3o de obra qualificada no modal ferrovi\u00e1rio. Temos o direito \u00e0 estabilidade previsto em Constitui\u00e7\u00e3o\u201d, disse.<\/p>\n<p>&nbsp;<\/p>\n<p>Segundo Congu\u00ea, um representante do Minist\u00e9rio da Infraestrutura estar\u00e1 presente na audi\u00eancia e o presidente da Valec, M\u00e1rcio Aquino, tamb\u00e9m. \u201cA depender do resultado da audi\u00eancia, \u00e9 poss\u00edvel que a procuradora instaure processo para apurar as den\u00fancias\u201d, estimou.A categoria defende que os servidores concursados da Valec det\u00eam expertise em rela\u00e7\u00e3o a projetos, constru\u00e7\u00e3o e manuten\u00e7\u00e3o de ferrovias no Brasil, \u201csendo fundamentais para o funcionamento do setor\u201d. A Valec constr\u00f3i e opera ferrovias no pa\u00eds, como a Ferrovia Norte-Sul (FNS) e a Ferrovia de Integra\u00e7\u00e3o Oeste-Leste (Fiol).<\/p>\n<p>&nbsp;<\/p>\n<p>Apesar de existir desde a d\u00e9cada de 1980, o primeiro e \u00fanico concurso p\u00fablico da estatal foi realizado em 2012, ap\u00f3s Termo de Ajuste de Conduta com o MPT, que questionou o fato de a m\u00e3o de obra da empresa ser, at\u00e9 ent\u00e3o, composta principalmente por comissionados e terceirizados.<\/p>\n<p>&nbsp;<\/p>\n<p>As not\u00edcias sobre a amea\u00e7a de demiss\u00e3o t\u00eam apavorado os empregados que atuam na estatal, por\u00e9m, at\u00e9 o momento, n\u00e3o houve, at\u00e9 o momento, qualquer comunica\u00e7\u00e3o oficial sobre demiss\u00e3o em massa.<\/p>\n","protected":false},"excerpt":{"rendered":"<p>SIMONE KAFRUNI Amea\u00e7ados pela extin\u00e7\u00e3o da Valec, servidores p\u00fablicos da empresa far\u00e3o uma manifesta\u00e7\u00e3o, nesta sexta-feira (22\/2), \u00e0s 14h30, em frente ao Minist\u00e9rio P\u00fablico do Trabalho (MPT-DF), onde ser\u00e1 realizada uma audi\u00eancia com o objetivo de apurar den\u00fancias sobre o fechamento da estatal respons\u00e1vel pelas ferrovias no Brasil. &nbsp; A audi\u00eancia foi convocada pela procuradora [&hellip;]<\/p>\n","protected":false},"author":22,"featured_media":0,"comment_status":"open","ping_status":"closed","sticky":false,"template":"","format":"standard","meta":{"footnotes":""},"categories":[600],"tags":[1375,476,467,123,3705],"class_list":["post-10052","post","type-post","status-publish","format-standard","hentry","category-economia","tag-extincao","tag-funcionarios","tag-governo","tag-servidores","tag-valec"],"_links":{"self":[{"href":"https:\/\/blogs.correiobraziliense.com.br\/vicente\/wp-json\/wp\/v2\/posts\/10052","targetHints":{"allow":["GET"]}}],"collection":[{"href":"https:\/\/blogs.correiobraziliense.com.br\/vicente\/wp-json\/wp\/v2\/posts"}],"about":[{"href":"https:\/\/blogs.correiobraziliense.com.br\/vicente\/wp-json\/wp\/v2\/types\/post"}],"author":[{"embeddable":true,"href":"https:\/\/blogs.correiobraziliense.com.br\/vicente\/wp-json\/wp\/v2\/users\/22"}],"replies":[{"embeddable":true,"href":"https:\/\/blogs.correiobraziliense.com.br\/vicente\/wp-json\/wp\/v2\/comments?post=10052"}],"version-history":[{"count":1,"href":"https:\/\/blogs.correiobraziliense.com.br\/vicente\/wp-json\/wp\/v2\/posts\/10052\/revisions"}],"predecessor-version":[{"id":10053,"href":"https:\/\/blogs.correiobraziliense.com.br\/vicente\/wp-json\/wp\/v2\/posts\/10052\/revisions\/10053"}],"wp:attachment":[{"href":"https:\/\/blogs.correiobraziliense.com.br\/vicente\/wp-json\/wp\/v2\/media?parent=10052"}],"wp:term":[{"taxonomy":"category","embeddable":true,"href":"https:\/\/blogs.correiobraziliense.com.br\/vicente\/wp-json\/wp\/v2\/categories?post=10052"},{"taxonomy":"post_tag","embeddable":true,"href":"https:\/\/blogs.correiobraziliense.com.br\/vicente\/wp-json\/wp\/v2\/tags?post=10052"}],"curies":[{"name":"wp","href":"https:\/\/api.w.org\/{rel}","templated":true}]}}