{"id":10049,"date":"2019-02-21T09:13:30","date_gmt":"2019-02-21T12:13:30","guid":{"rendered":"https:\/\/blogs.correiobraziliense.com.br\/vicente\/?p=10049"},"modified":"2019-02-21T13:22:23","modified_gmt":"2019-02-21T16:22:23","slug":"co-responde-por-metade-do-crescimento-dos-planos-de-saude-no-brasil","status":"publish","type":"post","link":"https:\/\/blogs.correiobraziliense.com.br\/vicente\/co-responde-por-metade-do-crescimento-dos-planos-de-saude-no-brasil\/","title":{"rendered":"CO responde por metade do crescimento dos planos de sa\u00fade no Brasil"},"content":{"rendered":"<h2>HAMILTON FERRARI<\/h2>\n<h2><\/h2>\n<h2>A regi\u00e3o Centro-Oeste foi a que mais contribuiu para a retomada do setor de Sa\u00fade Suplementar em 2018, respondendo por mais de 100 mil dos 200,2 mil novos benefici\u00e1rios que entraram no sistema privado de sa\u00fade no ano passado.<\/h2>\n<p>&nbsp;<\/p>\n<p><a href=\"https:\/\/blogs.correiobraziliense.com.br\/vicente\/wp-content\/uploads\/sites\/16\/2019\/02\/PlanoSaude.png\"><img loading=\"lazy\" decoding=\"async\" class=\"wp-image-10050 alignleft\" src=\"https:\/\/blogs.correiobraziliense.com.br\/vicente\/wp-content\/uploads\/sites\/16\/2019\/02\/PlanoSaude.png\" alt=\"\" width=\"730\" height=\"536\" srcset=\"https:\/\/blogs.correiobraziliense.com.br\/vicente\/wp-content\/uploads\/sites\/16\/2019\/02\/PlanoSaude.png 752w, https:\/\/blogs.correiobraziliense.com.br\/vicente\/wp-content\/uploads\/sites\/16\/2019\/02\/PlanoSaude-300x220.png 300w, https:\/\/blogs.correiobraziliense.com.br\/vicente\/wp-content\/uploads\/sites\/16\/2019\/02\/PlanoSaude-350x257.png 350w, https:\/\/blogs.correiobraziliense.com.br\/vicente\/wp-content\/uploads\/sites\/16\/2019\/02\/PlanoSaude-550x404.png 550w, https:\/\/blogs.correiobraziliense.com.br\/vicente\/wp-content\/uploads\/sites\/16\/2019\/02\/PlanoSaude-230x169.png 230w\" sizes=\"auto, (max-width: 730px) 100vw, 730px\" \/><\/a>Segundo levantamento feito pela Federa\u00e7\u00e3o Nacional de Sa\u00fade Suplementar (FenaSa\u00fade), com base nos dados da Ag\u00eancia Nacional de Sa\u00fade Suplementar (ANS), todos os estados da regi\u00e3o apresentaram crescimento nesse indicador, com destaque para Mato Grosso, que registrou alta de 6,47% no n\u00famero de consumidores de plano de sa\u00fade, totalizando 590,1 mil pessoas.<\/p>\n<p>&nbsp;<\/p>\n<p>\u201cO Centro-Oeste \u00e9 uma das regi\u00f5es que mais cresce no Brasil, puxada pelo agroneg\u00f3cio, que tem empregado muita m\u00e3o de obra. \u00c9 razo\u00e1vel supor que essa realidade j\u00e1 esteja refletida na ades\u00e3o de novos participantes no sistema privado de sa\u00fade. Afinal, o segmento de planos de sa\u00fade \u00e9 atrelado ao desempenho econ\u00f4mico\u201d, destaca Jo\u00e3o Alceu Amoroso Lima, presidente da FenaSa\u00fade.<\/p>\n<p>&nbsp;<\/p>\n<p><em>Bras\u00edlia, 09h13min<\/em><\/p>\n","protected":false},"excerpt":{"rendered":"<p>HAMILTON FERRARI A regi\u00e3o Centro-Oeste foi a que mais contribuiu para a retomada do setor de Sa\u00fade Suplementar em 2018, respondendo por mais de 100 mil dos 200,2 mil novos benefici\u00e1rios que entraram no sistema privado de sa\u00fade no ano passado. &nbsp; Segundo levantamento feito pela Federa\u00e7\u00e3o Nacional de Sa\u00fade Suplementar (FenaSa\u00fade), com base nos [&hellip;]<\/p>\n","protected":false},"author":22,"featured_media":0,"comment_status":"open","ping_status":"closed","sticky":false,"template":"","format":"standard","meta":{"footnotes":""},"categories":[600],"tags":[489,2297,113,3197,215],"class_list":["post-10049","post","type-post","status-publish","format-standard","hentry","category-economia","tag-489","tag-agricultura","tag-crescimento","tag-fenasaude","tag-planos-de-saude"],"_links":{"self":[{"href":"https:\/\/blogs.correiobraziliense.com.br\/vicente\/wp-json\/wp\/v2\/posts\/10049","targetHints":{"allow":["GET"]}}],"collection":[{"href":"https:\/\/blogs.correiobraziliense.com.br\/vicente\/wp-json\/wp\/v2\/posts"}],"about":[{"href":"https:\/\/blogs.correiobraziliense.com.br\/vicente\/wp-json\/wp\/v2\/types\/post"}],"author":[{"embeddable":true,"href":"https:\/\/blogs.correiobraziliense.com.br\/vicente\/wp-json\/wp\/v2\/users\/22"}],"replies":[{"embeddable":true,"href":"https:\/\/blogs.correiobraziliense.com.br\/vicente\/wp-json\/wp\/v2\/comments?post=10049"}],"version-history":[{"count":1,"href":"https:\/\/blogs.correiobraziliense.com.br\/vicente\/wp-json\/wp\/v2\/posts\/10049\/revisions"}],"predecessor-version":[{"id":10051,"href":"https:\/\/blogs.correiobraziliense.com.br\/vicente\/wp-json\/wp\/v2\/posts\/10049\/revisions\/10051"}],"wp:attachment":[{"href":"https:\/\/blogs.correiobraziliense.com.br\/vicente\/wp-json\/wp\/v2\/media?parent=10049"}],"wp:term":[{"taxonomy":"category","embeddable":true,"href":"https:\/\/blogs.correiobraziliense.com.br\/vicente\/wp-json\/wp\/v2\/categories?post=10049"},{"taxonomy":"post_tag","embeddable":true,"href":"https:\/\/blogs.correiobraziliense.com.br\/vicente\/wp-json\/wp\/v2\/tags?post=10049"}],"curies":[{"name":"wp","href":"https:\/\/api.w.org\/{rel}","templated":true}]}}