{"id":10047,"date":"2019-02-21T12:02:52","date_gmt":"2019-02-21T15:02:52","guid":{"rendered":"https:\/\/blogs.correiobraziliense.com.br\/vicente\/?p=10047"},"modified":"2019-02-21T12:02:52","modified_gmt":"2019-02-21T15:02:52","slug":"reforma-da-previdencia-depende-de-muita-negociacao-e-so-devera-ser-aprovada-em-outubro-preve-eurasia","status":"publish","type":"post","link":"https:\/\/blogs.correiobraziliense.com.br\/vicente\/reforma-da-previdencia-depende-de-muita-negociacao-e-so-devera-ser-aprovada-em-outubro-preve-eurasia\/","title":{"rendered":"Reforma da Previd\u00eancia depende de muita negocia\u00e7\u00e3o e s\u00f3 dever\u00e1 ser aprovada em outubro, prev\u00ea Eurasia"},"content":{"rendered":"<p>ROSANA HESSEL<\/p>\n<p>&nbsp;<\/p>\n<p>A equipe econ\u00f4mica trabalha com um cronograma bastante otimista para a aprova\u00e7\u00e3o da nova reforma da Previd\u00eancia, cuja proposta foi entregue ontem pelo presidente Jair Bolsonaro ao Legislativo. O secret\u00e1rio de Previd\u00eancia e Trabalho, Rog\u00e9rio Marinho, trabalha com a chance de a Proposta de Emenda \u00e0 Constitui\u00e7\u00e3o (PEC) da Previd\u00eancia ser aprovada nas duas Casas do Congresso at\u00e9 junho, ou seja, antes do in\u00edcio do recesso. Contudo, pelas estimativas do Eurasia Group, consultoria sediada em Washington, a previs\u00e3o \u00e9 que esse prazo seja bem mais longo, devendo se estender at\u00e9 outubro no Senado, sem atropelos, porque o governo ainda precisa construir a base de apoio entre os parlamentares, criando um consenso sobre o texto, que sofrer\u00e1 ajustes e reduzir\u00e1 a economia prevista ao menos pela metade.<\/p>\n<p>A PEC passar\u00e1 pelas comiss\u00f5es de Constitui\u00e7\u00e3o, Justi\u00e7a e Cidadania (CCJC) e pela comiss\u00e3o mista de Previd\u00eancia, que ainda precisar\u00e1 ser criada para analisar o tema, antes de chegar ao plen\u00e1rio da C\u00e2mara.\u00a0Pelas previs\u00f5es da Eurasia, considerando um cen\u00e1rio base, sem turbul\u00eancias pelo caminho, essa vota\u00e7\u00e3o em plen\u00e1rio ocorrer\u00e1\u00a0entre o fim de junho e in\u00edcio de julho. Para ent\u00e3o ser encaminhada ao Senado, a PEC precisar\u00e1 ser aprovada em dois turnos por, no m\u00ednimo, 308 votos de parlamentares da C\u00e2mara. Depois, come\u00e7a o rito novamente das vota\u00e7\u00f5es nas comiss\u00f5es no Senado at\u00e9 que a PEC chegue ao plen\u00e1rio, provavelmente, no fim de setembro. A vota\u00e7\u00e3o poder\u00e1 ocorrer at\u00e9 o m\u00eas seguinte e ser\u00e1 necess\u00e1rio o aval de, pelo menos, 49 senadores, tamb\u00e9m em dois turnos. Mas se o texto sofrer altera\u00e7\u00e3o, ele volta para a C\u00e2mara.<\/p>\n<p>&nbsp;<\/p>\n<p><strong>Economia menor<\/strong><\/p>\n<p>&nbsp;<\/p>\n<p>A PEC da nova reforma da Previd\u00eancia, a mais ampla j\u00e1 proposta e pretende\u00a0gerar uma economia de R$ 1,1 trilh\u00e3o em um prazo de dez anos, pelas contas do governo. Nos primeiros quatro anos, a expectativa \u00e9 de uma economia de R$ 189 bilh\u00f5es.\u00a0\u00a0Na avalia\u00e7\u00e3o dos especialistas do Eurasia Group, a\u00a0proposta \u00e9 um pouco mais robusta do que o previsto pela consultoria e foi elaborada para considerar a capacidade de vend\u00ea-la publicamente. Contudo, as chances de aprova\u00e7\u00e3o estimadas foram mantidas em 70%, &#8220;e ainda \u00e9 prov\u00e1vel que seja dilu\u00edda antes da aprova\u00e7\u00e3o&#8221;. Ao ver da consultoria, muito depender\u00e1 de como o governo vende a legisla\u00e7\u00e3o e de como constr\u00f3i pontes com l\u00edderes partid\u00e1rios. Apesar de a proposta ser bem projetada para agradar a opini\u00e3o p\u00fablica, em um contexto em que o governo n\u00e3o tem uma base de apoio leal, &#8220;h\u00e1 muito argumentamos que as chances de aprovar uma robusta reforma previdenci\u00e1ria dependem da capacidade do governo de vend\u00ea-la ao p\u00fablico&#8221;.<\/p>\n<p>&#8220;A proposta \u00e9 bem projetada do ponto de vista da opini\u00e3o p\u00fablica. Em um contexto em que o governo n\u00e3o tem uma base de apoio leal, h\u00e1 muito argumentamos que as chances de aprovar uma robusta reforma previdenci\u00e1ria dependem da capacidade do governo de vend\u00ea-la ao p\u00fablico. Como tal, a batalha da comunica\u00e7\u00e3o pol\u00edtica ser\u00e1 fundamental&#8221;, destaca o cientista pol\u00edtico Christopher Garman, diretor para Am\u00e9ricas do Eurasia Group. Pelas estimativas da consultoria,\u00a0a proposta modificada da reforma dever\u00e1 economizar de R$ 400 bilh\u00f5es a R$ 600 bilh\u00f5es nos pr\u00f3ximos dez anos, ou seja, menos da metade do montante previsto pela equipe liderada pelo ministro da Economia, Paulo Guedes. &#8221;<\/p>\n<p>O relat\u00f3rio do Eurasia criticou o envio de um projeto de lei em separado para tratar das aposentadorias dos militares. &#8220;\u00c9 uma bagun\u00e7a, mas construtiva. Parlamentares dizem ao Eurasia que eles n\u00e3o aprovar\u00e3o o projeto de lei a menos que o governo tamb\u00e9m enfrente as aposentadorias militares, que \u00e9 a base de Bolsonaro. Embora os legisladores tenham reclamado que as aposentadorias militares n\u00e3o foram inclu\u00eddas na emenda constitucional do governo, o fato de que isso ser\u00e1 resolvido ajuda&#8221;, destacou o texto.<\/p>\n<p>O especialista ainda acredita que o governo est\u00e1 longe de conseguir um apoio de 320 a 340 votos para aprovar a reforma com calma.\u00a0&#8220;O governo precisa construir a base. Mesmo partidos que se declaram parte da &#8220;base&#8221; como PR, d\u00e3o apoio condicional. Acho que o governo tem uma base grande de parlamentares com boa vontade, mas as vota\u00e7\u00e3o ter que ser constru\u00eddas voto a voto&#8221;, destacou.<\/p>\n","protected":false},"excerpt":{"rendered":"<p>ROSANA HESSEL  A equipe econ\u00f4mica trabalha com um cronograma bastante otimista para a aprova\u00e7\u00e3o da nova reforma da Previd\u00eancia, cuja proposta foi entregue ontem pelo presidente Jair Bolsonaro ao Legislativo. O secret\u00e1rio de Previd\u00eancia e Trabalho, Rog\u00e9rio Marinho, trabalha com a chance de a Proposta de Emenda \u00e0 Constitui\u00e7\u00e3o (PEC) da Previd\u00eancia ser aprovada nas duas Casas do Congresso at\u00e9 junho, ou seja, antes do in\u00edcio do recesso. Contudo, pelas estimativas do Eurasia Group, consultoria sediada em Washington, a previs\u00e3o \u00e9 que esse prazo seja bem mais longo, devendo se estender at\u00e9 outubro, porque o governo ainda precisa construir a base de apoio entre os parlamentares, criando um consenso sobre o texto, que sofrer\u00e1 ajustes e reduzir\u00e1 a economia prevista ao menos pela metade.<\/p>\n","protected":false},"author":22,"featured_media":0,"comment_status":"open","ping_status":"closed","sticky":false,"template":"","format":"standard","meta":{"footnotes":""},"categories":[600],"tags":[],"class_list":["post-10047","post","type-post","status-publish","format-standard","hentry","category-economia"],"_links":{"self":[{"href":"https:\/\/blogs.correiobraziliense.com.br\/vicente\/wp-json\/wp\/v2\/posts\/10047","targetHints":{"allow":["GET"]}}],"collection":[{"href":"https:\/\/blogs.correiobraziliense.com.br\/vicente\/wp-json\/wp\/v2\/posts"}],"about":[{"href":"https:\/\/blogs.correiobraziliense.com.br\/vicente\/wp-json\/wp\/v2\/types\/post"}],"author":[{"embeddable":true,"href":"https:\/\/blogs.correiobraziliense.com.br\/vicente\/wp-json\/wp\/v2\/users\/22"}],"replies":[{"embeddable":true,"href":"https:\/\/blogs.correiobraziliense.com.br\/vicente\/wp-json\/wp\/v2\/comments?post=10047"}],"version-history":[{"count":1,"href":"https:\/\/blogs.correiobraziliense.com.br\/vicente\/wp-json\/wp\/v2\/posts\/10047\/revisions"}],"predecessor-version":[{"id":10048,"href":"https:\/\/blogs.correiobraziliense.com.br\/vicente\/wp-json\/wp\/v2\/posts\/10047\/revisions\/10048"}],"wp:attachment":[{"href":"https:\/\/blogs.correiobraziliense.com.br\/vicente\/wp-json\/wp\/v2\/media?parent=10047"}],"wp:term":[{"taxonomy":"category","embeddable":true,"href":"https:\/\/blogs.correiobraziliense.com.br\/vicente\/wp-json\/wp\/v2\/categories?post=10047"},{"taxonomy":"post_tag","embeddable":true,"href":"https:\/\/blogs.correiobraziliense.com.br\/vicente\/wp-json\/wp\/v2\/tags?post=10047"}],"curies":[{"name":"wp","href":"https:\/\/api.w.org\/{rel}","templated":true}]}}