{"id":10044,"date":"2019-02-20T19:07:10","date_gmt":"2019-02-20T22:07:10","guid":{"rendered":"https:\/\/blogs.correiobraziliense.com.br\/vicente\/?p=10044"},"modified":"2019-02-20T21:26:14","modified_gmt":"2019-02-21T00:26:14","slug":"diretoria-da-cni-recusa-mocao-de-apoio-a-robson","status":"publish","type":"post","link":"https:\/\/blogs.correiobraziliense.com.br\/vicente\/diretoria-da-cni-recusa-mocao-de-apoio-a-robson\/","title":{"rendered":"Diretoria da CNI recusa mo\u00e7\u00e3o de apoio a Robson"},"content":{"rendered":"<h2>PAULO SILVA PINTO<\/h2>\n<h2><\/h2>\n<h2>A pris\u00e3o de Robson Braga de Andrade, presidente da Confedera\u00e7\u00e3o Nacional da Ind\u00fastria (CNI),\u00a0na ter\u00e7a-feira (19\/02), n\u00e3o poderia ocorrido em um dia pior para ele. Era a data marcada para a reuni\u00e3o de diretoria da entidade. Na aus\u00eancia de Robson, o encontro foi comandado por Paulo Afonso Ferreira, um dos cinco vice-presidentes executivos e, dentre eles, o mais pr\u00f3ximo do principal nome da CNI.<\/h2>\n<p>&nbsp;<\/p>\n<p>A pris\u00e3o n\u00e3o foi discutida na reuni\u00e3o. Mas Ferreira tentou fazer do lim\u00e3o uma limonada: prop\u00f4s que se fizesse ali uma mo\u00e7\u00e3o de apoio a Robson para ser assinada por todos os presentes. Mas seria melhor ter ignorado a pris\u00e3o por completo: a proposta foi recusada, o que pegou mal para o presidente.<\/p>\n<p>&nbsp;<\/p>\n<p>Robson, acusado de fraudar o Sistema S, foi libertado \u00e0 noite. Mas, para dirigentes da entidade, a imagem dele est\u00e1 muito comprometida. \u201cComo pode algu\u00e9m que foi preso discutir interesses da ind\u00fastria com o governo?\u201d, indaga um membro da diretoria que prefere n\u00e3o ser identificado.<\/p>\n<p>&nbsp;<\/p>\n<p><em>Bras\u00edlia, 19h07min<\/em><\/p>\n","protected":false},"excerpt":{"rendered":"<p>PAULO SILVA PINTO A pris\u00e3o de Robson Braga de Andrade, presidente da Confedera\u00e7\u00e3o Nacional da Ind\u00fastria (CNI),\u00a0na ter\u00e7a-feira (19\/02), n\u00e3o poderia ocorrido em um dia pior para ele. Era a data marcada para a reuni\u00e3o de diretoria da entidade. Na aus\u00eancia de Robson, o encontro foi comandado por Paulo Afonso Ferreira, um dos cinco vice-presidentes [&hellip;]<\/p>\n","protected":false},"author":22,"featured_media":0,"comment_status":"open","ping_status":"closed","sticky":false,"template":"","format":"standard","meta":{"footnotes":""},"categories":[600],"tags":[706,3119,3704,351,3699,3701],"class_list":["post-10044","post","type-post","status-publish","format-standard","hentry","category-economia","tag-cni","tag-diretoria","tag-mocao","tag-prisao","tag-robson","tag-sistema-s"],"_links":{"self":[{"href":"https:\/\/blogs.correiobraziliense.com.br\/vicente\/wp-json\/wp\/v2\/posts\/10044","targetHints":{"allow":["GET"]}}],"collection":[{"href":"https:\/\/blogs.correiobraziliense.com.br\/vicente\/wp-json\/wp\/v2\/posts"}],"about":[{"href":"https:\/\/blogs.correiobraziliense.com.br\/vicente\/wp-json\/wp\/v2\/types\/post"}],"author":[{"embeddable":true,"href":"https:\/\/blogs.correiobraziliense.com.br\/vicente\/wp-json\/wp\/v2\/users\/22"}],"replies":[{"embeddable":true,"href":"https:\/\/blogs.correiobraziliense.com.br\/vicente\/wp-json\/wp\/v2\/comments?post=10044"}],"version-history":[{"count":1,"href":"https:\/\/blogs.correiobraziliense.com.br\/vicente\/wp-json\/wp\/v2\/posts\/10044\/revisions"}],"predecessor-version":[{"id":10045,"href":"https:\/\/blogs.correiobraziliense.com.br\/vicente\/wp-json\/wp\/v2\/posts\/10044\/revisions\/10045"}],"wp:attachment":[{"href":"https:\/\/blogs.correiobraziliense.com.br\/vicente\/wp-json\/wp\/v2\/media?parent=10044"}],"wp:term":[{"taxonomy":"category","embeddable":true,"href":"https:\/\/blogs.correiobraziliense.com.br\/vicente\/wp-json\/wp\/v2\/categories?post=10044"},{"taxonomy":"post_tag","embeddable":true,"href":"https:\/\/blogs.correiobraziliense.com.br\/vicente\/wp-json\/wp\/v2\/tags?post=10044"}],"curies":[{"name":"wp","href":"https:\/\/api.w.org\/{rel}","templated":true}]}}