{"id":10040,"date":"2019-02-19T21:35:36","date_gmt":"2019-02-20T00:35:36","guid":{"rendered":"https:\/\/blogs.correiobraziliense.com.br\/vicente\/?p=10040"},"modified":"2019-02-19T21:37:30","modified_gmt":"2019-02-20T00:37:30","slug":"guedes-defende-juncao-do-banco-do-nordeste-com-o-bndes-em-reuniao","status":"publish","type":"post","link":"https:\/\/blogs.correiobraziliense.com.br\/vicente\/guedes-defende-juncao-do-banco-do-nordeste-com-o-bndes-em-reuniao\/","title":{"rendered":"Guedes defende jun\u00e7\u00e3o do Banco do Nordeste com o BNDES em reuni\u00e3o"},"content":{"rendered":"<h2>HAMILTON FERRARI<\/h2>\n<h2>Durante reuni\u00e3o com governadores, o ministro da Economia, Paulo Guedes, disse que, para melhorar a situa\u00e7\u00e3o fiscal tanto da Uni\u00e3o, quanto dos estados, \u00e9 preciso diminuir o n\u00famero de estatais. No caso do governo federal, citou a abertamente a possibilidade de juntar o Banco do Nordeste com o Banco Nacional de Desenvolvimento Econ\u00f4mico e Social (BNDES).<\/h2>\n<p>&nbsp;<\/p>\n<p>A primeira \u00e9 de economia mista, de capital aberto e controlada pelo governo federal. A Uni\u00e3o \u00e9 acionista majorit\u00e1ria. A sede fica na cidade de Fortaleza, no Cear\u00e1. O Banco tem como fun\u00e7\u00e3o atuar como institui\u00e7\u00e3o de desenvolvimento da regi\u00e3o Nordeste. O papel \u00e9 parecido com o do BNDES, mas em escala menor. A inten\u00e7\u00e3o de Guedes \u00e9 juntar os dois para centralizar o mercado de cr\u00e9dito para incentivar o setor produtivo.<\/p>\n<p>&nbsp;<\/p>\n<p>Ele se reuniu com os governadores do Acre, Para\u00edba e Rio Grande do Norte. Conhecido pelo discurso firme e contundente, o ministro bateu v\u00e1rias vezes na tecla da venda de ativos. O recado dado aos governadores foi enf\u00e1tico: n\u00e3o adianta ir ao Minist\u00e9rio da Economia pedir ajuda financeira para os estados sem um plano claro para melhorar as contas p\u00fablicas. O cronograma de ajuste regionais se basearia em dois pilares: redu\u00e7\u00e3o de gastos e privatiza\u00e7\u00f5es.<\/p>\n<p>&nbsp;<\/p>\n<p>V\u00e1rios estados est\u00e3o em calamidade financeira. Entre eles, o Rio Grande do Norte, cuja governadora, a petista F\u00e1tima Bezerra, se reuniu com Guedes na noite desta ter\u00e7a-feira (19\/2). O ministro n\u00e3o segurou a m\u00e3o no discurso e criticou as gest\u00f5es passadas do partido dela, que, segundo ele, foi contribuiu para implementar uma estado criminoso e de corrup\u00e7\u00e3o sistem\u00e1tica no pa\u00eds. Os presentes ressaltaram que a situa\u00e7\u00e3o foi at\u00e9 \u201cconstrangedora\u201d, j\u00e1 que Guedes tratou do tema durante muito tempo. \u201cDos 50 minutos da reuni\u00e3o, 48 minutos s\u00f3 ele falou\u201d, afirmou um parlamentar integrante da bancada do Rio Grande do Norte.<\/p>\n<p>&nbsp;<\/p>\n<p>Neste per\u00edodo, Guedes tamb\u00e9m ressaltou que a reforma da Previd\u00eancia \u00e9 o \u201cin\u00edcio de tudo\u201d, destacando que nada pode ser viabilizado sem a aprova\u00e7\u00e3o da proposta. Na manh\u00e3 desta quarta-feira (20\/2), o ministro se reunir\u00e1 novamente com os gestores durante o F\u00f3rum de Governadores, que ocorre no Centro Internacional de Conven\u00e7\u00f5es do Brasil (CICB).<\/p>\n<p>&nbsp;<\/p>\n<p><strong>Ajuda<\/strong><\/p>\n<p>&nbsp;<\/p>\n<p>O Rio Grande do Norte est\u00e1 com dificuldades financeiras, com um deficit de mais de R$ 4 bilh\u00f5es. Na sa\u00edda da reuni\u00e3o, a governadora do estado, F\u00e1tima Bezerra, afirmou que teve di\u00e1logo republicano com o ministro e que ele sinalizou que as portas est\u00e3o abertas. \u201cA proposta (de reforma) ainda n\u00e3o foi apresentada ao F\u00f3rum dos Governadores ou o Congresso Nacional. Estamos aguardando. Isso sendo apresentado, que se garanta transpar\u00eancia total e ampla participa\u00e7\u00e3o no debate\u201d, ressaltou.<\/p>\n<p>&nbsp;<\/p>\n<p>F\u00e1tima afirmou ainda que tratou com o ministro sobre \u201ctodo o esfor\u00e7o que o administra\u00e7\u00e3o regional vem fazendo\u201d para reduzir gastos. Mas tamb\u00e9m pediu uma ajuda do governo federal. \u201cN\u00f3s colocamos a necessidade imperiosa de contar com a contribui\u00e7\u00e3o do governo federal atrav\u00e9s de recursos extras para que possa fazer o enfrentamento diante do desequil\u00edbrio fiscal\u201d, afirmou.<\/p>\n<p>&nbsp;<\/p>\n<p>O secret\u00e1rio do Tesouro Nacional, Mansueto Almeida, prepara um novo programa de socorro aos Estados que t\u00eam problemas de caixa. A medida vai antecipar recursos que ser\u00e3o obtidos ao longo dos quatro anos de mandato em troca da aprova\u00e7\u00e3o de medidas de ajuste fiscal que ter\u00e3o de ser aprovadas pelas Assembleias Legislativas.<\/p>\n<p>&nbsp;<\/p>\n<p><strong>Apoio \u00e0 reforma\u00a0<\/strong><\/p>\n<p>&nbsp;<\/p>\n<p>O governador do Acre, Gerson Cameli (PP) destacou que h\u00e1 boa vontade de todos os presentes do F\u00f3rum de Governadores, que ocorre hoje, em apoiar a reforma da Previd\u00eancia. \u201cOs 27 governadores est\u00e3o em sintonia para aprovar a reforma da Previd\u00eancia. Fizemos uma pauta para apresentar ao ministro no encontro, que inclui apoio \u00e0 reforma, e tamb\u00e9m pede um novo pacto federativo e a renegocia\u00e7\u00e3o da d\u00edvida de estados e munic\u00edpios\u201d, afirmou.<\/p>\n<p>&nbsp;<\/p>\n<p>Cameli contou ainda que o estado do Acre s\u00f3 dever\u00e1 regularizar o pagamento do 13\u00ba dos servidores apenas em outubro. \u201cEstamos com problema ser\u00edssimo na Previd\u00eancia e tentando fazer a renegocia\u00e7\u00e3o com os funcion\u00e1rios. Quando assumimos, o 13\u00ba estava em aberto e come\u00e7amos a pagar neste m\u00eas, de forma escalonada. Primeiro, os que ganham at\u00e9 R$ 1,5 mil. Depois, em mar\u00e7o, quem ganha R$ 3 mil, e assim por diante e, acho que, at\u00e9 outubro, vamos concluir o pagamento\u201d, afirmou.<\/p>\n<p>&nbsp;<\/p>\n<p>Um parlamentar que participu de uma das reuni\u00f5es disse, por\u00e9m, que a proposta de Guedes em incluir os estados e munic\u00edpios na reforma n\u00e3o deve passar no Congresso. &#8220;A bancada do Nordeste est\u00e1 majoritariamente em desacordo com isso. Se for fazer reforma nos estados, cada um deve fazer a sua, com os governadores colocando a cara&#8221;, afirmou.<\/p>\n<p>&nbsp;<\/p>\n<p><em>Bras\u00edlia, 21h34min<\/em><\/p>\n","protected":false},"excerpt":{"rendered":"<p>HAMILTON FERRARI Durante reuni\u00e3o com governadores, o ministro da Economia, Paulo Guedes, disse que, para melhorar a situa\u00e7\u00e3o fiscal tanto da Uni\u00e3o, quanto dos estados, \u00e9 preciso diminuir o n\u00famero de estatais. No caso do governo federal, citou a abertamente a possibilidade de juntar o Banco do Nordeste com o Banco Nacional de Desenvolvimento Econ\u00f4mico [&hellip;]<\/p>\n","protected":false},"author":22,"featured_media":0,"comment_status":"open","ping_status":"closed","sticky":false,"template":"","format":"standard","meta":{"footnotes":""},"categories":[600],"tags":[89,3616,3703,3702],"class_list":["post-10040","post","type-post","status-publish","format-standard","hentry","category-economia","tag-bndes","tag-guedes","tag-juncao","tag-nordeste"],"_links":{"self":[{"href":"https:\/\/blogs.correiobraziliense.com.br\/vicente\/wp-json\/wp\/v2\/posts\/10040","targetHints":{"allow":["GET"]}}],"collection":[{"href":"https:\/\/blogs.correiobraziliense.com.br\/vicente\/wp-json\/wp\/v2\/posts"}],"about":[{"href":"https:\/\/blogs.correiobraziliense.com.br\/vicente\/wp-json\/wp\/v2\/types\/post"}],"author":[{"embeddable":true,"href":"https:\/\/blogs.correiobraziliense.com.br\/vicente\/wp-json\/wp\/v2\/users\/22"}],"replies":[{"embeddable":true,"href":"https:\/\/blogs.correiobraziliense.com.br\/vicente\/wp-json\/wp\/v2\/comments?post=10040"}],"version-history":[{"count":3,"href":"https:\/\/blogs.correiobraziliense.com.br\/vicente\/wp-json\/wp\/v2\/posts\/10040\/revisions"}],"predecessor-version":[{"id":10043,"href":"https:\/\/blogs.correiobraziliense.com.br\/vicente\/wp-json\/wp\/v2\/posts\/10040\/revisions\/10043"}],"wp:attachment":[{"href":"https:\/\/blogs.correiobraziliense.com.br\/vicente\/wp-json\/wp\/v2\/media?parent=10040"}],"wp:term":[{"taxonomy":"category","embeddable":true,"href":"https:\/\/blogs.correiobraziliense.com.br\/vicente\/wp-json\/wp\/v2\/categories?post=10040"},{"taxonomy":"post_tag","embeddable":true,"href":"https:\/\/blogs.correiobraziliense.com.br\/vicente\/wp-json\/wp\/v2\/tags?post=10040"}],"curies":[{"name":"wp","href":"https:\/\/api.w.org\/{rel}","templated":true}]}}