{"id":10019,"date":"2019-02-13T20:45:59","date_gmt":"2019-02-13T22:45:59","guid":{"rendered":"https:\/\/blogs.correiobraziliense.com.br\/vicente\/?p=10019"},"modified":"2019-02-13T20:49:56","modified_gmt":"2019-02-13T22:49:56","slug":"empresarios-esperam-mais-investimentos-entre-seis-e-12-meses","status":"publish","type":"post","link":"https:\/\/blogs.correiobraziliense.com.br\/vicente\/empresarios-esperam-mais-investimentos-entre-seis-e-12-meses\/","title":{"rendered":"Empres\u00e1rios esperam mais investimentos entre seis e 12 meses"},"content":{"rendered":"<h2><a href=\"https:\/\/blogs.correiobraziliense.com.br\/vicente\/wp-content\/uploads\/sites\/16\/2019\/02\/WhatsApp-Image-2019-02-13-at-20.39.26-1-1.jpeg\"><img loading=\"lazy\" decoding=\"async\" class=\"size-full wp-image-10022 aligncenter\" src=\"https:\/\/blogs.correiobraziliense.com.br\/vicente\/wp-content\/uploads\/sites\/16\/2019\/02\/WhatsApp-Image-2019-02-13-at-20.39.26-1-1.jpeg\" alt=\"\" width=\"750\" height=\"778\" srcset=\"https:\/\/blogs.correiobraziliense.com.br\/vicente\/wp-content\/uploads\/sites\/16\/2019\/02\/WhatsApp-Image-2019-02-13-at-20.39.26-1-1.jpeg 750w, https:\/\/blogs.correiobraziliense.com.br\/vicente\/wp-content\/uploads\/sites\/16\/2019\/02\/WhatsApp-Image-2019-02-13-at-20.39.26-1-1-289x300.jpeg 289w, https:\/\/blogs.correiobraziliense.com.br\/vicente\/wp-content\/uploads\/sites\/16\/2019\/02\/WhatsApp-Image-2019-02-13-at-20.39.26-1-1-337x350.jpeg 337w, https:\/\/blogs.correiobraziliense.com.br\/vicente\/wp-content\/uploads\/sites\/16\/2019\/02\/WhatsApp-Image-2019-02-13-at-20.39.26-1-1-550x571.jpeg 550w, https:\/\/blogs.correiobraziliense.com.br\/vicente\/wp-content\/uploads\/sites\/16\/2019\/02\/WhatsApp-Image-2019-02-13-at-20.39.26-1-1-230x239.jpeg 230w\" sizes=\"auto, (max-width: 750px) 100vw, 750px\" \/><\/a><\/h2>\n<h2>HAMILTON FERRARI<\/h2>\n<h2>Confiantes de que o governo Jair Bolsonaro ter\u00e1 condi\u00e7\u00f5es de aprovar a reforma da Previd\u00eancia Social e dar continuidade na desburocratiza\u00e7\u00e3o da economia, os empres\u00e1rios d\u00e3o o prazo de seis meses a um ano para que o otimismo se concretize de forma mais forte. Por enquanto, a avalia\u00e7\u00e3o \u00e9 de que h\u00e1 uma certa cautela, mas que est\u00e1 preste a ser vencida com a implementa\u00e7\u00e3o de medidas estruturantes.<\/h2>\n<p>&nbsp;<\/p>\n<p>Executivos que participaram do Semin\u00e1rio de Abertura do Ano de 2019, promovido pela Revista Voto, no Brasil 21, em Bras\u00edlia, n\u00e3o esconderam a empolga\u00e7\u00e3o com a equipe econ\u00f4mica montada e os discursos de um futuro mais pr\u00f3spero para o pa\u00eds.<\/p>\n<p>&nbsp;<\/p>\n<p>Eles ouviram os discursos de privatiza\u00e7\u00e3o do secret\u00e1rio de Desestatiza\u00e7\u00e3o, Salim Mattar, e de abertura comercial do secret\u00e1rio de Com\u00e9rcio Exterior e Assuntos Internacionais, Marcos Troyjo. Ambos do Minist\u00e9rio da Economia. Com abertura do evento com vice-presidente da Rep\u00fablica, Hamilton Mour\u00e3o, e fechamento com o ministro-chefe da Casa Civil, Onyx Lorenzoni, empres\u00e1rios aplaudiram as inten\u00e7\u00e3o do novo governo.<\/p>\n<p>&nbsp;<\/p>\n<p>De fato, o discurso tem agradado os integrantes do setor produtivo. N\u00e3o s\u00f3 nas \u00e1reas setoriais, mas, principalmente, com a confian\u00e7a de aprova\u00e7\u00e3o da reforma da Previd\u00eancia. Os executivos entendem que, em seis meses, ser\u00e1 poss\u00edvel vislumbrar mudan\u00e7as mais significativas na economia.<\/p>\n<p>&nbsp;<\/p>\n<p>Eduardo Marchiori, CEO da Mercer Brasil, explicou que a reforma da Previd\u00eancia \u00e9 fundamental para diminuir o endividamento p\u00fablico e gerar investimento produtivo. \u201cTem tudo para dar certo\u201d, disse. \u201cEu acho que os investimentos v\u00eam naturalmente. N\u00f3s precisamos continuar com a sinaliza\u00e7\u00e3o, mas sa\u00edmos daqui hoje com a certeza de uma agenda clara. O plano \u00e9 claro, est\u00e3o todos alinhados e sabem a prioridade do que precisa ser feito\u201d, completou.<\/p>\n<p>&nbsp;<\/p>\n<p>Segundo o executivo, h\u00e1 um otimismo cauteloso por enquanto, mas que, aprovada a proposta que modifica a legisla\u00e7\u00e3o de aposentadorias e pens\u00f5es, n\u00e3o tem d\u00favida de que a confian\u00e7a e os investimentos v\u00e3o crescer. \u201cE enfim entramos no ciclo virtuoso\u201d, afirmou Marchiori.<\/p>\n<p>&nbsp;<\/p>\n<p><strong>Investimento<\/strong><\/p>\n<p>&nbsp;<\/p>\n<p>Noel Prioux, presidente do Carrefour Brasil, avalia que o Brasil tem seis meses muito importante daqui para frente. \u201cTodo mundo est\u00e1 esperando algumas reformas para realmente investir. Temos que esperar um pouco para ver algumas a\u00e7\u00f5es concretas e tomar a decis\u00e3o. Seis meses para mudar o Brasil\u201d, enfatizou.<\/p>\n<p>&nbsp;<\/p>\n<p>Maur\u00edcio Harger, executivo da CMPC Celulose, declarou que a empresa investiu R$ 5 bilh\u00f5es no Brasil nos \u00faltimos cinco anos, o que demonstra a perspectiva positiva em rela\u00e7\u00e3o ao futuro. \u201cIsso revela o que n\u00f3s pensamos para o pa\u00eds no projeto de longo prazo\u201d, afirmou. \u201cVamos continuar com otimismo. Acredito que em seis meses vamos ter boas not\u00edcias\u201d, completou.<\/p>\n<p>&nbsp;<\/p>\n<p>Affonso Nina, presidente da Sonda Brasil, deu de seis meses a um ano para que os investimentos saiam do papel. Segundo ele, ap\u00f3s a reforma da Previd\u00eancia, h\u00e1 a necessidade de modifica\u00e7\u00e3o nas regras tribut\u00e1rias, dada a complexidade do regime de impostos do pa\u00eds. \u201cTamb\u00e9m n\u00e3o tem milagre. N\u00e3o vamos acha que, em um ano, n\u00f3s vamos resolver o que n\u00f3s estamos carregando h\u00e1 d\u00e9cadas\u201d, destacou.<\/p>\n<p>&nbsp;<\/p>\n<p><strong>Euforia<\/strong><\/p>\n<p>&nbsp;<\/p>\n<p>Outros empres\u00e1rios se demonstram extremamente confiantes com a nova pol\u00edtica adotada pelo governo Jair Bolsonaro. Alguns enfatizaram que a nova gest\u00e3o est\u00e1 em empenhada em acabar com a corrup\u00e7\u00e3o, que prejudica tanto o setor p\u00fablico, quanto a iniciativa privada.<\/p>\n<p>&nbsp;<\/p>\n<p>Washington Cinel, fundador da Gocil, \u00e9 um dos que est\u00e3o em euforia. Ele ressaltou que o Brasil busca o estado \u201ccl\u00e1ssico\u201d, que \u00e9 leve e c\u00e9lere. \u201cO Brasil j\u00e1 perdeu muito tempo. E n\u00f3s n\u00e3o temos mais tempo para perder\u201d, alegou. \u201cCom toda essa corrup\u00e7\u00e3o, n\u00f3s ainda somos a 8\u00aa economia do mundo. Imagina se nesses 20 anos que se passaram n\u00f3s tiv\u00e9ssemos um governo determinado, buscando fazer as coisas certas\u201d, completou.<\/p>\n<p>&nbsp;<\/p>\n<p>Segundo Cinel, o governo Bolsonaro traz \u201cum claro direcionamento contra a corrup\u00e7\u00e3o\u201d. \u201cN\u00e3o pode mais fazer parte do Brasil. Eu tenho uma sensa\u00e7\u00e3o hoje que o Brasil n\u00e3o est\u00e1 sendo mais roubado. Se tem alguma \u00e1rea que est\u00e1 sendo roubada, \u00e9 porque n\u00e3o chegou o controle l\u00e1 ainda\u201d, disse.<\/p>\n<p>&nbsp;<\/p>\n<p>Sobre a reforma da Previd\u00eancia, o executivo da Gocil afirmou que est\u00e1 otimista com o retorno de Bolsonaro \u00e0 articula\u00e7\u00e3o pol\u00edtica. \u201cEu vi hoje nas redes sociais que o nosso presidente j\u00e1 teve alta e assume a partir de amanh\u00e3 ou depois a coordena\u00e7\u00e3o pol\u00edtica da reforma previdenci\u00e1ria. \u00d3timo! Acho que ele pensou em colocar a cara para bater e olho no olho. Porque n\u00f3s n\u00e3o temos outra sa\u00edda a n\u00e3o aprovar essa reforma previdenci\u00e1ria o mais r\u00e1pido poss\u00edvel\u201d, afirmou.<\/p>\n<p>&nbsp;<\/p>\n<p><em>Bras\u00edlia, 20h34min<\/em><\/p>\n","protected":false},"excerpt":{"rendered":"<p>HAMILTON FERRARI Confiantes de que o governo Jair Bolsonaro ter\u00e1 condi\u00e7\u00f5es de aprovar a reforma da Previd\u00eancia Social e dar continuidade na desburocratiza\u00e7\u00e3o da economia, os empres\u00e1rios d\u00e3o o prazo de seis meses a um ano para que o otimismo se concretize de forma mais forte. Por enquanto, a avalia\u00e7\u00e3o \u00e9 de que h\u00e1 uma [&hellip;]<\/p>\n","protected":false},"author":22,"featured_media":0,"comment_status":"open","ping_status":"closed","sticky":false,"template":"","format":"standard","meta":{"footnotes":""},"categories":[600],"tags":[2554,301,467,3623,429,614],"class_list":["post-10019","post","type-post","status-publish","format-standard","hentry","category-economia","tag-bolsonaro","tag-empresarios","tag-governo","tag-investimento","tag-previdencia","tag-reforma"],"_links":{"self":[{"href":"https:\/\/blogs.correiobraziliense.com.br\/vicente\/wp-json\/wp\/v2\/posts\/10019","targetHints":{"allow":["GET"]}}],"collection":[{"href":"https:\/\/blogs.correiobraziliense.com.br\/vicente\/wp-json\/wp\/v2\/posts"}],"about":[{"href":"https:\/\/blogs.correiobraziliense.com.br\/vicente\/wp-json\/wp\/v2\/types\/post"}],"author":[{"embeddable":true,"href":"https:\/\/blogs.correiobraziliense.com.br\/vicente\/wp-json\/wp\/v2\/users\/22"}],"replies":[{"embeddable":true,"href":"https:\/\/blogs.correiobraziliense.com.br\/vicente\/wp-json\/wp\/v2\/comments?post=10019"}],"version-history":[{"count":2,"href":"https:\/\/blogs.correiobraziliense.com.br\/vicente\/wp-json\/wp\/v2\/posts\/10019\/revisions"}],"predecessor-version":[{"id":10023,"href":"https:\/\/blogs.correiobraziliense.com.br\/vicente\/wp-json\/wp\/v2\/posts\/10019\/revisions\/10023"}],"wp:attachment":[{"href":"https:\/\/blogs.correiobraziliense.com.br\/vicente\/wp-json\/wp\/v2\/media?parent=10019"}],"wp:term":[{"taxonomy":"category","embeddable":true,"href":"https:\/\/blogs.correiobraziliense.com.br\/vicente\/wp-json\/wp\/v2\/categories?post=10019"},{"taxonomy":"post_tag","embeddable":true,"href":"https:\/\/blogs.correiobraziliense.com.br\/vicente\/wp-json\/wp\/v2\/tags?post=10019"}],"curies":[{"name":"wp","href":"https:\/\/api.w.org\/{rel}","templated":true}]}}