{"id":10015,"date":"2019-02-13T12:23:15","date_gmt":"2019-02-13T14:23:15","guid":{"rendered":"https:\/\/blogs.correiobraziliense.com.br\/vicente\/?p=10015"},"modified":"2019-02-13T12:23:15","modified_gmt":"2019-02-13T14:23:15","slug":"fora-de-agenda-flavio-bolsonaro-visita-paulo-guedes","status":"publish","type":"post","link":"https:\/\/blogs.correiobraziliense.com.br\/vicente\/fora-de-agenda-flavio-bolsonaro-visita-paulo-guedes\/","title":{"rendered":"Fora de agenda, Fl\u00e1vio Bolsonaro visita Paulo Guedes"},"content":{"rendered":"<h2>HAMILTON FERRARI<\/h2>\n<h2><\/h2>\n<h2>O senador Fl\u00e1vio Bolsonaro (PSL-RJ), filho do presidente Jair Bolsonaro, se reuniu na manh\u00e3 desta quarta-feira (13\/2) com o ministro da Economia, Paulo Guedes, para tratar sobre a reforma da Previd\u00eancia e o Pacto Federativo. O encontro n\u00e3o estava previsto na agenda oficial do ministro.<\/h2>\n<h2><\/h2>\n<p>Fl\u00e1vio Bolsonaro disse que estava com saudades do ministro. \u201c\u00c9 mais uma visita de cortesia\u201d, afirmou. \u201cEu estava com saudades do Paulo Guedes, de bater um papo com ele. Mas ele deu, ali, mais ou menos como \u00e9 que vai ser a proposta que vai ser discutida com o presidente amanh\u00e3 (14\/2) da (reforma da) Previd\u00eancia e falamos muito do Pacto Federativo, como \u00e9 que ele pretende fazer a entrega desta mensagem no Senado Federal\u201d, completou.<\/p>\n<p>&nbsp;<\/p>\n<p>Ele ressaltou que levou um pouco do clima do Casa Legislativa para Guedes. Segundo Fl\u00e1vio Bolsonaro, os parlamentares est\u00e3o receptivos para a proposta. \u201cEu acho importante ele fazer essa comunica\u00e7\u00e3o com o parlamento para explicar melhor a proposta, falar dos detalhes. \u00c9 importante. \u00c9 um tema complexo. N\u00e3o \u00e9 qualquer um que compreende. Parlamentares t\u00eam uma dificuldade tamb\u00e9m entender alguns detalhes tamb\u00e9m, como o impacto, o alcance global da reforma\u201d, disse. \u201cVai ser um trabalho que tem que ser feito dia ap\u00f3s dia de convencimento, porque \u00e9 fundamental para o nosso pa\u00eds\u201d, completou.<\/p>\n<p>&nbsp;<\/p>\n<p>Sobre o Pacto Federativo, Fl\u00e1vio Bolsonaro afirmou que conversou sobre a redistribui\u00e7\u00e3o de atribui\u00e7\u00f5es e responsabilidades de or\u00e7amento. \u201cEu acho isso que tem que ser uma outra PEC\u201d, disse. \u201cS\u00e3o duas coisas que s\u00e3o pilares importantes para o nosso pa\u00eds\u201d, acrescentou.<\/p>\n<p>&nbsp;<\/p>\n<p>O senado destacou ainda que \u201cse Deus quiser\u201d Bolsonaro estar\u00e1 em casa ainda hoje (13\/2). \u201cSabe como \u00e9\u2026 Tudo bem, n\u00e9\u2026 militar, paraquedista, j\u00e1 quer subir rampa, j\u00e1 quer trabalhar, mas tem que ficar os dias ali de repouso ainda\u201d, brincou. \u201cMas ele vai certamente vai receber pessoas no Alvorada (para tratar sobre a reforma)\u201d, completou.<\/p>\n<p>&nbsp;<\/p>\n<p>A assessoria de imprensa do Minist\u00e9rio da Economia ainda n\u00e3o se pronunciou porque o encontro n\u00e3o estava previsto na agenda oficial.<\/p>\n<p>&nbsp;<\/p>\n<p><em>Bras\u00edlia, 12h20min<\/em><\/p>\n","protected":false},"excerpt":{"rendered":"<p>HAMILTON FERRARI O senador Fl\u00e1vio Bolsonaro (PSL-RJ), filho do presidente Jair Bolsonaro, se reuniu na manh\u00e3 desta quarta-feira (13\/2) com o ministro da Economia, Paulo Guedes, para tratar sobre a reforma da Previd\u00eancia e o Pacto Federativo. O encontro n\u00e3o estava previsto na agenda oficial do ministro. Fl\u00e1vio Bolsonaro disse que estava com saudades do [&hellip;]<\/p>\n","protected":false},"author":22,"featured_media":0,"comment_status":"open","ping_status":"closed","sticky":false,"template":"","format":"aside","meta":{"footnotes":""},"categories":[600],"tags":[2554,589,3697,3616,614,3668],"class_list":["post-10015","post","type-post","status-publish","format-aside","hentry","category-economia","tag-bolsonaro","tag-economia","tag-flavio","tag-guedes","tag-reforma","tag-visita","post_format-post-format-aside"],"_links":{"self":[{"href":"https:\/\/blogs.correiobraziliense.com.br\/vicente\/wp-json\/wp\/v2\/posts\/10015","targetHints":{"allow":["GET"]}}],"collection":[{"href":"https:\/\/blogs.correiobraziliense.com.br\/vicente\/wp-json\/wp\/v2\/posts"}],"about":[{"href":"https:\/\/blogs.correiobraziliense.com.br\/vicente\/wp-json\/wp\/v2\/types\/post"}],"author":[{"embeddable":true,"href":"https:\/\/blogs.correiobraziliense.com.br\/vicente\/wp-json\/wp\/v2\/users\/22"}],"replies":[{"embeddable":true,"href":"https:\/\/blogs.correiobraziliense.com.br\/vicente\/wp-json\/wp\/v2\/comments?post=10015"}],"version-history":[{"count":1,"href":"https:\/\/blogs.correiobraziliense.com.br\/vicente\/wp-json\/wp\/v2\/posts\/10015\/revisions"}],"predecessor-version":[{"id":10017,"href":"https:\/\/blogs.correiobraziliense.com.br\/vicente\/wp-json\/wp\/v2\/posts\/10015\/revisions\/10017"}],"wp:attachment":[{"href":"https:\/\/blogs.correiobraziliense.com.br\/vicente\/wp-json\/wp\/v2\/media?parent=10015"}],"wp:term":[{"taxonomy":"category","embeddable":true,"href":"https:\/\/blogs.correiobraziliense.com.br\/vicente\/wp-json\/wp\/v2\/categories?post=10015"},{"taxonomy":"post_tag","embeddable":true,"href":"https:\/\/blogs.correiobraziliense.com.br\/vicente\/wp-json\/wp\/v2\/tags?post=10015"}],"curies":[{"name":"wp","href":"https:\/\/api.w.org\/{rel}","templated":true}]}}