{"id":10010,"date":"2019-02-13T09:10:27","date_gmt":"2019-02-13T11:10:27","guid":{"rendered":"https:\/\/blogs.correiobraziliense.com.br\/vicente\/?p=10010"},"modified":"2019-02-13T17:34:22","modified_gmt":"2019-02-13T19:34:22","slug":"brunet-e-belfort-no-combate-a-violencia-contra-a-mulher","status":"publish","type":"post","link":"https:\/\/blogs.correiobraziliense.com.br\/vicente\/brunet-e-belfort-no-combate-a-violencia-contra-a-mulher\/","title":{"rendered":"Brunet e Belfort no combate \u00e0 viol\u00eancia contra a mulher"},"content":{"rendered":"<h2>V\u00edtor Belfort \u00e9 o primeiro garoto propaganda da Secretaria de Desenvolvimento Social e Direitos Humanos do Estado Rio de Janeiro. A custo zero, Vitor, esposa e filhos, dar\u00e3o importante mensagem para o combate \u00e0 viol\u00eancia contra a mulher. A campanha ser\u00e1 lan\u00e7ada nos tel\u00f5es do RioOpen, apoiador da causa.<\/h2>\n<p>&nbsp;<\/p>\n<figure id=\"attachment_10011\" aria-describedby=\"caption-attachment-10011\" style=\"width: 435px\" class=\"wp-caption alignleft\"><a href=\"https:\/\/blogs.correiobraziliense.com.br\/vicente\/wp-content\/uploads\/sites\/16\/2019\/02\/CBNFOT110320161153.jpg\"><img loading=\"lazy\" decoding=\"async\" class=\" wp-image-10011\" src=\"https:\/\/blogs.correiobraziliense.com.br\/vicente\/wp-content\/uploads\/sites\/16\/2019\/02\/CBNFOT110320161153.jpg\" alt=\"\" width=\"435\" height=\"548\" srcset=\"https:\/\/blogs.correiobraziliense.com.br\/vicente\/wp-content\/uploads\/sites\/16\/2019\/02\/CBNFOT110320161153.jpg 800w, https:\/\/blogs.correiobraziliense.com.br\/vicente\/wp-content\/uploads\/sites\/16\/2019\/02\/CBNFOT110320161153-238x300.jpg 238w, https:\/\/blogs.correiobraziliense.com.br\/vicente\/wp-content\/uploads\/sites\/16\/2019\/02\/CBNFOT110320161153-768x967.jpg 768w, https:\/\/blogs.correiobraziliense.com.br\/vicente\/wp-content\/uploads\/sites\/16\/2019\/02\/CBNFOT110320161153-278x350.jpg 278w, https:\/\/blogs.correiobraziliense.com.br\/vicente\/wp-content\/uploads\/sites\/16\/2019\/02\/CBNFOT110320161153-550x692.jpg 550w, https:\/\/blogs.correiobraziliense.com.br\/vicente\/wp-content\/uploads\/sites\/16\/2019\/02\/CBNFOT110320161153-230x290.jpg 230w\" sizes=\"auto, (max-width: 435px) 100vw, 435px\" \/><\/a><figcaption id=\"caption-attachment-10011\" class=\"wp-caption-text\">Foto: Instagram\/Reprodu\u00e7\u00e3o da internet<\/figcaption><\/figure>\n<p>Luiza Brunet tamb\u00e9m aderiu \u00e0 campanha. Ao final do v\u00eddeo, h\u00e1 uma grava\u00e7\u00e3o com a voz da ex-modelo alertando que viol\u00eancia contra a mulher \u00e9 crime, e ainda destaca os telefones de aux\u00edlio \u00e0s v\u00edtimas. No pr\u00f3ximo dia 20 de mar\u00e7o, a secret\u00e1ria Fabiana Bentes anuncia Brunet como madrinha do tema da secretaria.<\/p>\n<p>&nbsp;<\/p>\n<p>O an\u00fancio ser\u00e1 feito em um evento com cem mulheres no Conselho Estadual dos Direitos da Mulher (Cedim), na Zona Portur\u00e1ria. Segundo o \u00faltimo levantamento do Dossi\u00ea Mulher do Instituto de Seguran\u00e7a P\u00fablica, divulgado em 2018, as mulheres continuam sendo as maiores v\u00edtimas dos crimes de estupro (84,7%), amea\u00e7a (67,6%), les\u00e3o corporal dolosa (65,5%), ass\u00e9dio sexual (97,7%) e importuna\u00e7\u00e3o ofensiva ao pudor (92,1%).<\/p>\n<p>&nbsp;<\/p>\n<p>Liga\u00e7\u00f5es para o servi\u00e7o 190 da Pol\u00edcia Militar, classificadas como crimes contra a mulher, representam 11% das ocorr\u00eancias, perdendo apenas para perturba\u00e7\u00e3o do trabalho e sossego alheios (14,5%). Em 2017, foram registradas 119.887 liga\u00e7\u00f5es com ocorr\u00eancias.<\/p>\n<p>&nbsp;<\/p>\n<p><em>Bras\u00edlia, 09h10min<\/em><\/p>\n","protected":false},"excerpt":{"rendered":"<p>V\u00edtor Belfort \u00e9 o primeiro garoto propaganda da Secretaria de Desenvolvimento Social e Direitos Humanos do Estado Rio de Janeiro. A custo zero, Vitor, esposa e filhos, dar\u00e3o importante mensagem para o combate \u00e0 viol\u00eancia contra a mulher. A campanha ser\u00e1 lan\u00e7ada nos tel\u00f5es do RioOpen, apoiador da causa. &nbsp; Luiza Brunet tamb\u00e9m aderiu \u00e0 [&hellip;]<\/p>\n","protected":false},"author":22,"featured_media":0,"comment_status":"open","ping_status":"closed","sticky":false,"template":"","format":"standard","meta":{"footnotes":""},"categories":[600],"tags":[],"class_list":["post-10010","post","type-post","status-publish","format-standard","hentry","category-economia"],"_links":{"self":[{"href":"https:\/\/blogs.correiobraziliense.com.br\/vicente\/wp-json\/wp\/v2\/posts\/10010","targetHints":{"allow":["GET"]}}],"collection":[{"href":"https:\/\/blogs.correiobraziliense.com.br\/vicente\/wp-json\/wp\/v2\/posts"}],"about":[{"href":"https:\/\/blogs.correiobraziliense.com.br\/vicente\/wp-json\/wp\/v2\/types\/post"}],"author":[{"embeddable":true,"href":"https:\/\/blogs.correiobraziliense.com.br\/vicente\/wp-json\/wp\/v2\/users\/22"}],"replies":[{"embeddable":true,"href":"https:\/\/blogs.correiobraziliense.com.br\/vicente\/wp-json\/wp\/v2\/comments?post=10010"}],"version-history":[{"count":2,"href":"https:\/\/blogs.correiobraziliense.com.br\/vicente\/wp-json\/wp\/v2\/posts\/10010\/revisions"}],"predecessor-version":[{"id":10018,"href":"https:\/\/blogs.correiobraziliense.com.br\/vicente\/wp-json\/wp\/v2\/posts\/10010\/revisions\/10018"}],"wp:attachment":[{"href":"https:\/\/blogs.correiobraziliense.com.br\/vicente\/wp-json\/wp\/v2\/media?parent=10010"}],"wp:term":[{"taxonomy":"category","embeddable":true,"href":"https:\/\/blogs.correiobraziliense.com.br\/vicente\/wp-json\/wp\/v2\/categories?post=10010"},{"taxonomy":"post_tag","embeddable":true,"href":"https:\/\/blogs.correiobraziliense.com.br\/vicente\/wp-json\/wp\/v2\/tags?post=10010"}],"curies":[{"name":"wp","href":"https:\/\/api.w.org\/{rel}","templated":true}]}}