{"id":953,"date":"2019-09-06T08:00:31","date_gmt":"2019-09-06T11:00:31","guid":{"rendered":"https:\/\/blogs.correiobraziliense.com.br\/trilhasonora\/?p=953"},"modified":"2019-09-05T11:28:11","modified_gmt":"2019-09-05T14:28:11","slug":"sons-da-noite-feitico-mineiro-tera-programacao-especial-para-celebrar-os-30-anos-de-historia","status":"publish","type":"post","link":"https:\/\/blogs.correiobraziliense.com.br\/trilhasonora\/sons-da-noite-feitico-mineiro-tera-programacao-especial-para-celebrar-os-30-anos-de-historia\/","title":{"rendered":"Sons da Noite: Feiti\u00e7o Mineiro ter\u00e1 programa\u00e7\u00e3o especial para celebrar os 30 anos de hist\u00f3ria"},"content":{"rendered":"<h3>Confira a coluna Sons da Noite desta sexta-feira (6\/9) publicada no Divirta-se Mais<\/h3>\n<p><strong>Feiti\u00e7o, 30 anos<\/strong><\/p>\n<p>Em outubro, o mais tradicional palco da m\u00fasica no circuito noturno brasiliense, o Feiti\u00e7o Mineiro (306 Norte) completa 30 anos. Para celebrar a data, o produtor art\u00edstico Gerson Alvim elaborou a programa\u00e7\u00e3o de shows, que ser\u00e1 aberta com o encontro entre o Quinteto Violado e Clodo Ferreira, nos dias 4 e 5.<\/p>\n<p>Paulinho Pedra Azul, cantor e compositor brasileiro com maior presen\u00e7a naquele concorrido espa\u00e7o art\u00edstico, \u00e9 a atra\u00e7\u00e3o nos dias 11 e 12, enquanto a grande int\u00e9rprete Indiana Nomma solta a voz nos dias 18 e 19. N\u00e3o recomendado para menores de 18 anos.<\/p>\n<p><strong>Eu recomendo<\/strong><br \/>\n\u00cdcone da noite brasiliense, o DJ Sony comanda as pick ups na primeira edi\u00e7\u00e3o da Sunset Doma Rooftop (Setor de Hot\u00e9is e Turismo Norte, trecho 1), neste domingo, a partir das 17h. Ele promete manter a pista de dan\u00e7a lotada tocando o melhor da house music.<\/p>\n<p><strong>Atra\u00e7\u00f5es diversas<\/strong><br \/>\nA edi\u00e7\u00e3o deste ano do Luau do Iate, no dia 28 pr\u00f3ximo, na orla do clube ter\u00e1 diversas atra\u00e7\u00f5es. V\u00e3o se apresentar a banda Bar\u00e3o Vermelho, com o show <em>Bar\u00e3oprasempre<\/em>; Fernanda Abreu, Paulo Miklos (ex-Tit\u00e3s) e Eduardo e M\u00f4nica, badalado bloco carnavalesco de Bras\u00edlia. N\u00e3o recomendado para menores de 14 anos.<\/p>\n<p><strong>Mais amor<\/strong><br \/>\nUm dos maiores nomes do reggae no pa\u00eds, a banda carioca Ponto de Equil\u00edbrio traz a turn\u00ea do show <em>Mais amor \u00e0 capital<\/em>, em breve. No show que faz no dia 21 pr\u00f3ximo no Minas Bras\u00edlia T\u00eanis Clube Setor de Clubes Norte), tendo como convidados Tati Poetella, MC Marechal, Lourena, Duo Roots e o DJ Hugo Drop. N\u00e3o recomendado para menores de 18 anos.<\/p>\n<p><strong>Rock tributos<\/strong><br \/>\nTr\u00eas \u00edcones do rock brasileiro ser\u00e3o celebrados pelo Projeto Tributos em breve, no Teatro da Unip (913 Sul). No dia 14, o cantor paulistano Alex Sanderson faz o show <em>Pra sempre Legi\u00e3o<\/em>; enquanto no dia 15, a banda Carne Crua homenageia o Bar\u00e3o Vermelho e a Ba\u00fa Revirado relembra o eterno Raul Seixas. N\u00e3o recomendado para menores de 12 anos.<\/p>\n<p><strong>Belas can\u00e7\u00f5es<\/strong><br \/>\nCoautor de cl\u00e1ssicos da MPB como <em>Toada<\/em>, <em>Sapato velho<\/em> e <em>Velho companheiro<\/em>, Cl\u00e1udio Nucci (ex-Boca Livre) volta \u00e0 capital no dia 14 pr\u00f3ximo como o show <em>Acentos brasileiros<\/em>. O cantor e compositor ocupa o palco do Espa\u00e7o Cultural do Choro, tendo como convidados a cantora carioca Dri Gon\u00e7alves e o grupo brasiliense Gente de Casa. N\u00e3o recomendado para menores de 14 anos.<\/p>\n<p><strong>Vinho &amp; balada<\/strong><br \/>\nO festival Sparkling Wine Fair, que movimenta o Pont\u00e3o do Lago Sul, sexta-feira e s\u00e1bado da pr\u00f3xima semana, promove festa nas duas noites. Quem comanda a balada, entre 22h30 e 2h, \u00e9 o DJ Thiago May.<\/p>\n<figure id=\"attachment_955\" aria-describedby=\"caption-attachment-955\" style=\"width: 800px\" class=\"wp-caption aligncenter\"><img loading=\"lazy\" decoding=\"async\" class=\"wp-image-955 size-full\" src=\"https:\/\/blogs.correiobraziliense.com.br\/trilhasonora\/wp-content\/uploads\/sites\/39\/2019\/09\/CBNFOT030920190421.jpg\" alt=\"\" width=\"800\" height=\"532\" srcset=\"https:\/\/blogs.correiobraziliense.com.br\/trilhasonora\/wp-content\/uploads\/sites\/39\/2019\/09\/CBNFOT030920190421.jpg 800w, https:\/\/blogs.correiobraziliense.com.br\/trilhasonora\/wp-content\/uploads\/sites\/39\/2019\/09\/CBNFOT030920190421-300x200.jpg 300w, https:\/\/blogs.correiobraziliense.com.br\/trilhasonora\/wp-content\/uploads\/sites\/39\/2019\/09\/CBNFOT030920190421-768x511.jpg 768w, https:\/\/blogs.correiobraziliense.com.br\/trilhasonora\/wp-content\/uploads\/sites\/39\/2019\/09\/CBNFOT030920190421-550x366.jpg 550w, https:\/\/blogs.correiobraziliense.com.br\/trilhasonora\/wp-content\/uploads\/sites\/39\/2019\/09\/CBNFOT030920190421-230x153.jpg 230w\" sizes=\"auto, (max-width: 800px) 100vw, 800px\" \/><figcaption id=\"caption-attachment-955\" class=\"wp-caption-text\">Cr\u00e9dito: Bento Viana\/Divulga\u00e7\u00e3o. Litieh, cantora.<\/figcaption><\/figure>\n<p><strong>Mistura r\u00edtmica<\/strong><br \/>\nShows gratuitos e ritmos variados \u00e9 o que o p\u00fablico poder\u00e1 apreciar na Feira de Artesanato que o Pier 21 (Avenida das Na\u00e7\u00f5es) promove neste fim de semana. Sexta, a partir das 20h, se apresentam Mila F\u00e1 e Litieh (<strong>foto<\/strong>); e s\u00e1bado, com in\u00edcio \u00e0s 15h, mostrar\u00e3o seus trabalhos Dara, Akio Ponte e o grupo Jazz na Carta. Classifica\u00e7\u00e3o indicativa livre.<\/p>\n","protected":false},"excerpt":{"rendered":"<p>Confira a coluna Sons da Noite desta sexta-feira (6\/9) publicada no Divirta-se Mais<\/p>\n","protected":false},"author":84,"featured_media":954,"comment_status":"open","ping_status":"open","sticky":false,"template":"","format":"standard","meta":{"footnotes":""},"categories":[27],"tags":[],"class_list":["post-953","post","type-post","status-publish","format-standard","has-post-thumbnail","hentry","category-coluna-sons-da-noite"],"_links":{"self":[{"href":"https:\/\/blogs.correiobraziliense.com.br\/trilhasonora\/wp-json\/wp\/v2\/posts\/953","targetHints":{"allow":["GET"]}}],"collection":[{"href":"https:\/\/blogs.correiobraziliense.com.br\/trilhasonora\/wp-json\/wp\/v2\/posts"}],"about":[{"href":"https:\/\/blogs.correiobraziliense.com.br\/trilhasonora\/wp-json\/wp\/v2\/types\/post"}],"author":[{"embeddable":true,"href":"https:\/\/blogs.correiobraziliense.com.br\/trilhasonora\/wp-json\/wp\/v2\/users\/84"}],"replies":[{"embeddable":true,"href":"https:\/\/blogs.correiobraziliense.com.br\/trilhasonora\/wp-json\/wp\/v2\/comments?post=953"}],"version-history":[{"count":1,"href":"https:\/\/blogs.correiobraziliense.com.br\/trilhasonora\/wp-json\/wp\/v2\/posts\/953\/revisions"}],"predecessor-version":[{"id":956,"href":"https:\/\/blogs.correiobraziliense.com.br\/trilhasonora\/wp-json\/wp\/v2\/posts\/953\/revisions\/956"}],"wp:featuredmedia":[{"embeddable":true,"href":"https:\/\/blogs.correiobraziliense.com.br\/trilhasonora\/wp-json\/wp\/v2\/media\/954"}],"wp:attachment":[{"href":"https:\/\/blogs.correiobraziliense.com.br\/trilhasonora\/wp-json\/wp\/v2\/media?parent=953"}],"wp:term":[{"taxonomy":"category","embeddable":true,"href":"https:\/\/blogs.correiobraziliense.com.br\/trilhasonora\/wp-json\/wp\/v2\/categories?post=953"},{"taxonomy":"post_tag","embeddable":true,"href":"https:\/\/blogs.correiobraziliense.com.br\/trilhasonora\/wp-json\/wp\/v2\/tags?post=953"}],"curies":[{"name":"wp","href":"https:\/\/api.w.org\/{rel}","templated":true}]}}