{"id":946,"date":"2019-08-30T09:21:15","date_gmt":"2019-08-30T12:21:15","guid":{"rendered":"https:\/\/blogs.correiobraziliense.com.br\/trilhasonora\/?p=946"},"modified":"2019-08-29T17:28:30","modified_gmt":"2019-08-29T20:28:30","slug":"sons-da-noite-paulinho-da-viola-fara-tributo-ao-pai-em-show-em-brasilia","status":"publish","type":"post","link":"https:\/\/blogs.correiobraziliense.com.br\/trilhasonora\/sons-da-noite-paulinho-da-viola-fara-tributo-ao-pai-em-show-em-brasilia\/","title":{"rendered":"Sons da Noite: Paulinho da Viola far\u00e1 tributo ao pai em show em Bras\u00edlia"},"content":{"rendered":"<h3>Confira a coluna Sons da Noite desta sexta-feira (30\/8) publicada no Divirta-se Mais<\/h3>\n<p><strong>Paulinho em fam\u00edlia<\/strong><\/p>\n<p>Em <em>Na Madrugada<\/em>, o show que far\u00e1 em <a href=\"https:\/\/www.correiobraziliense.com.br\/app\/noticia\/diversao-e-arte\/2019\/05\/17\/interna_diversao_arte,755373\/ingressos-show-paulinho-da-viola-em-brasilia.shtml\">21 de setembro, no audit\u00f3rio master do Centro de Conven\u00e7\u00f5es Ulysses Guimar\u00e3es<\/a>, Paulinho da Viola prestar\u00e1 tributo ao pai, C\u00e9sar Faria, mestre do viol\u00e3o e um dos criadores do regional \u00c9poca de Ouro. O cantor e compositor ter\u00e1 a companhia do grupo formado por oito m\u00fasicos, entre eles o filho e violonista Jo\u00e3o Rabello e a filha e cantora Beatriz Rabello.<\/p>\n<p>O repert\u00f3rio do espet\u00e1culo inclui um set instrumental, com o autoral <em>Choro negro<\/em> e choros de Jacob de Bandolim. Na parte dos sambas est\u00e3o <em>Amor \u00e0 natureza<\/em>, <em>Cora\u00e7\u00e3o leviano<\/em>, <em>Perdoa,<\/em> <em>Sinal fechado<\/em>, <em>Timoneiro<\/em>, <em>Vela no breu<\/em> e claro, o hino <em>Foi um rio que passou em minha vida<\/em>. N\u00e3o recomendado para menores de 12 anos. Os ingressos est\u00e3o \u00e0 venda no G2 do Bras\u00edlia Shopping.<\/p>\n<p><strong>Eu recomendo<\/strong><br \/>\nCompositor, cantor e violonista que sempre teve o olhar voltado para o cotidiano da cidade, Fl\u00e1vio Faria construiu, a partir dos anos 1980, uma obra relevante na cena musical brasiliense. Parte deste trabalho ele mostra em show s\u00e1bado (31\/8), \u00e0s 21h30, no Feiti\u00e7o Mineiro, acompanhado pela banda formada por Alexandre Futuro (guitarra), Alex Willik (contrabaixo), Jo\u00e3o Denicol (bateria), T\u00e2nia Bernauss (piano e voz) e Glau Gimenes (backing vocal). N\u00e3o recomendado para menores de 18 anos.<\/p>\n<p><strong>Piano internacional<\/strong><br \/>\nM\u00fasicos brasileiros premiados internacionalmente, Cristian Budu e Fabio Martino s\u00e3o as pr\u00f3ximas atra\u00e7\u00f5es da s\u00e9rie de concertos <em>Piano brasileiro<\/em>, no audit\u00f3rio do Centro Cultural ADUnB (Universidade de Bras\u00edlia). Eles se apresentam em 14 de setembro, interpretando pe\u00e7as de Heitor Villa-Lobos, Camargo Guarnieri, Fr\u00e9d\u00e9ric Fran\u00e7ois Chopin e Robert Schumann. Classifica\u00e7\u00e3o indicativa livre. Os ingressos est\u00e3o \u00e0 venda no local.<\/p>\n<p><strong>L\u00edricas femininas<\/strong><br \/>\n<em>Sonora Brasil<\/em> \u00e9 considerado o maior projeto de circula\u00e7\u00e3o musical do pa\u00eds. Promovido pelo Sesc, a s\u00e9rie chega \u00e0 22\u00aa edi\u00e7\u00e3o, sob o t\u00edtulo <em>L\u00edricas Femininas \u2014 A Presen\u00e7a da mulher na m\u00fasica brasileira<\/em>, com a participa\u00e7\u00e3o de 14 artistas \u2014 entre elas as cantoras Badi Assad (SP), Ceumar (MG) e C\u00e1tia de Fran\u00e7a (PB) e Vanessa Melo (BA). Classifica\u00e7\u00e3o indicativa livre.<\/p>\n<p><strong>Virada musical<\/strong><br \/>\n\u00c1guas Claras receber\u00e1 das 23h59 do dia 7 \u00e0s 5h do dia 8 de setembro a Madrugada sem Fronteiras, uma virada musical-gastron\u00f4mica que se espalhar\u00e1 pelo complexo formado pelos restaurantes Emp\u00f3rio \u00c1rabe, Dolce Far Niente, MaYuu Sushi, D\u00f3lar Furado Burger e Delicatus Confeitaria. Na parte art\u00edstica os destaques s\u00e3o os shows das bandas Brasiliana (black e soul music) e Brega &amp; Rosas (o melhor da m\u00fasica brega com arranjos dan\u00e7antes); e os DJs Ceham Wash, Thiago Freitas e Marcos Pinheiro.<\/p>\n<p><strong>M\u00faltiplo talento<\/strong><br \/>\nJana Figarella, destaque no espet\u00e1culo C\u00e1ssia Eller, o musical, retorna a Bras\u00edlia com um show solo s\u00e1bado (31\/8), \u00e0s 19h, no Teatro Pl\u00ednio Marcos da Funarte. Cantora, compositora e instrumentista talentosa, ela vai interpretar can\u00e7\u00f5es, rocks e blues autorais, e releituras de cl\u00e1ssicos de Chico Buarque e Caetano Veloso. N\u00e3o recomendado para menores de 14 anos.<\/p>\n<p><strong>Temas autorais<\/strong><br \/>\nDe volta a Bras\u00edlia, o violinista e bandolinista norte-americano Ted Falcon se apresenta sexta (30\/8),\u00e0s 21h, no Espa\u00e7o Cultural do Choro (Eixo Monumental), com o Brazilian Strings Trio. Ao lado de F\u00e9lix J\u00fanior (viol\u00e3o 7 cordas) e Luiz Ungarelli (percuss\u00e3o), ele interpreta temas autorais e cl\u00e1ssicos da MPB. H\u00e1 a participa\u00e7\u00e3o especial de Eduardo Souza (viol\u00e3o) e Pablo Fagundes (gaita). N\u00e3o recomendado para menores de 14 anos<\/p>\n<p><strong>Voz negra<\/strong><br \/>\nCantora, compositora e atriz origin\u00e1ria do bairro Brasil\u00e2ndia, Zona Norte de S\u00e3o Paulo Liliane de Carvalho, a Negra Li, um dos nomes de destaque da MPB contempor\u00e2nea, ser\u00e1 a atra\u00e7\u00e3o art\u00edstica da 16\u00aa edi\u00e7\u00e3o do Pr\u00eamio Engenho Comunica\u00e7\u00e3o, quarta-feira pr\u00f3xima, na Embaixada de Portugal. Em 14 anos de carreira solo, ela lan\u00e7ou os CDs <em>Guerreira, Guerreira<\/em>, <em>Negra Livre<\/em>, <em>Tudo de Novo<\/em> e <em>Ra\u00edzes<\/em> e j\u00e1 gravou com grandes nomes da MPB como Caetano Veloso, Martinho da Vila, Nando Reis e Mano Brown. Evento s\u00f3 para convidados.<\/p>\n","protected":false},"excerpt":{"rendered":"<p>Confira a coluna Sons da Noite desta sexta-feira (30\/8) publicada no Divirta-se Mais Paulinho em fam\u00edlia Em Na Madrugada, o show que far\u00e1 em 21 de setembro, no audit\u00f3rio master do Centro de Conven\u00e7\u00f5es Ulysses Guimar\u00e3es, Paulinho da Viola prestar\u00e1 tributo ao pai, C\u00e9sar Faria, mestre do viol\u00e3o e um dos criadores do regional \u00c9poca de Ouro. O cantor e [&hellip;]<\/p>\n","protected":false},"author":84,"featured_media":947,"comment_status":"open","ping_status":"open","sticky":false,"template":"","format":"standard","meta":{"footnotes":""},"categories":[49],"tags":[],"class_list":["post-946","post","type-post","status-publish","format-standard","has-post-thumbnail","hentry","category-sons-da-noite"],"_links":{"self":[{"href":"https:\/\/blogs.correiobraziliense.com.br\/trilhasonora\/wp-json\/wp\/v2\/posts\/946","targetHints":{"allow":["GET"]}}],"collection":[{"href":"https:\/\/blogs.correiobraziliense.com.br\/trilhasonora\/wp-json\/wp\/v2\/posts"}],"about":[{"href":"https:\/\/blogs.correiobraziliense.com.br\/trilhasonora\/wp-json\/wp\/v2\/types\/post"}],"author":[{"embeddable":true,"href":"https:\/\/blogs.correiobraziliense.com.br\/trilhasonora\/wp-json\/wp\/v2\/users\/84"}],"replies":[{"embeddable":true,"href":"https:\/\/blogs.correiobraziliense.com.br\/trilhasonora\/wp-json\/wp\/v2\/comments?post=946"}],"version-history":[{"count":2,"href":"https:\/\/blogs.correiobraziliense.com.br\/trilhasonora\/wp-json\/wp\/v2\/posts\/946\/revisions"}],"predecessor-version":[{"id":949,"href":"https:\/\/blogs.correiobraziliense.com.br\/trilhasonora\/wp-json\/wp\/v2\/posts\/946\/revisions\/949"}],"wp:featuredmedia":[{"embeddable":true,"href":"https:\/\/blogs.correiobraziliense.com.br\/trilhasonora\/wp-json\/wp\/v2\/media\/947"}],"wp:attachment":[{"href":"https:\/\/blogs.correiobraziliense.com.br\/trilhasonora\/wp-json\/wp\/v2\/media?parent=946"}],"wp:term":[{"taxonomy":"category","embeddable":true,"href":"https:\/\/blogs.correiobraziliense.com.br\/trilhasonora\/wp-json\/wp\/v2\/categories?post=946"},{"taxonomy":"post_tag","embeddable":true,"href":"https:\/\/blogs.correiobraziliense.com.br\/trilhasonora\/wp-json\/wp\/v2\/tags?post=946"}],"curies":[{"name":"wp","href":"https:\/\/api.w.org\/{rel}","templated":true}]}}