{"id":941,"date":"2019-08-23T11:31:03","date_gmt":"2019-08-23T14:31:03","guid":{"rendered":"https:\/\/blogs.correiobraziliense.com.br\/trilhasonora\/?p=941"},"modified":"2019-08-23T11:31:03","modified_gmt":"2019-08-23T14:31:03","slug":"todo-veneno-vivo-universal-cassia-eller","status":"publish","type":"post","link":"https:\/\/blogs.correiobraziliense.com.br\/trilhasonora\/todo-veneno-vivo-universal-cassia-eller\/","title":{"rendered":"Todo veneno vivo: Universal lan\u00e7a \u00e1lbum duplo de C\u00e1ssia Eller gravado no Rio de Janeiro em 1997"},"content":{"rendered":"<h3><em>Todo veneno vivo<\/em>, \u00e1lbum duplo de C\u00e1ssia Eller, gravado no Teatro Rival, no Rio de Janeiro, em 1997 tem lan\u00e7amento nesta sexta-feira (23\/8) nas plataformas digitais. O lan\u00e7amento \u00e9 da Universal Music e tem por base o CD que a cantora havia lan\u00e7ado com m\u00fasicas de Cazuza.<\/h3>\n<p>Chega hoje \u00e0s principais lojas e aplicativos de m\u00fasica a vers\u00e3o in\u00e9dita do \u00e1lbum <em>Todo veneno vivo<\/em>, de C\u00e1ssia Eller. \u00c9 o registro que a gravadora PolyGram (atual Universal Music) fez do show apresentado pela cantora durante tr\u00eas noites de dezembro de 1997, no Teatro Rival, no centro do Rio de Janeiro.<\/p>\n<p>Vinte e um anos depois, os f\u00e3s de C\u00e1ssia &#8212; que iniciou a carreira em Bras\u00edlia &#8212; v\u00e3o poder apreciar no CD duplo e \u00e1lbum digital a \u00edntegra do espet\u00e1culo, produzido e dirigido por Wali Salom\u00e3o (o mesmo do antol\u00f3gico <em>Fa-Tal<\/em>, de Gal Coata). No repert\u00f3rio predominam composi\u00e7\u00f5es de Cazuza; mas, entre as 24 faixa &#8212; com takes in\u00e9ditos &#8212; h\u00e1 tamb\u00e9m m\u00fasicas de Rita Lee, Renato Russo, Lob\u00e3o, Luiz Melodia e P\u00e9ricles Cavalcanti.<\/p>\n<figure id=\"attachment_943\" aria-describedby=\"caption-attachment-943\" style=\"width: 377px\" class=\"wp-caption aligncenter\"><img loading=\"lazy\" decoding=\"async\" class=\"size-full wp-image-943\" src=\"https:\/\/blogs.correiobraziliense.com.br\/trilhasonora\/wp-content\/uploads\/sites\/39\/2019\/08\/image002-4.jpg\" alt=\"\" width=\"377\" height=\"377\" srcset=\"https:\/\/blogs.correiobraziliense.com.br\/trilhasonora\/wp-content\/uploads\/sites\/39\/2019\/08\/image002-4.jpg 377w, https:\/\/blogs.correiobraziliense.com.br\/trilhasonora\/wp-content\/uploads\/sites\/39\/2019\/08\/image002-4-150x150.jpg 150w, https:\/\/blogs.correiobraziliense.com.br\/trilhasonora\/wp-content\/uploads\/sites\/39\/2019\/08\/image002-4-300x300.jpg 300w, https:\/\/blogs.correiobraziliense.com.br\/trilhasonora\/wp-content\/uploads\/sites\/39\/2019\/08\/image002-4-230x230.jpg 230w\" sizes=\"auto, (max-width: 377px) 100vw, 377px\" \/><figcaption id=\"caption-attachment-943\" class=\"wp-caption-text\">Cr\u00e9dito: Universal Music\/Divulga\u00e7\u00e3o. Capa do disco<\/figcaption><\/figure>\n<p><em>Todo veneno vivo<\/em> tem produ\u00e7\u00e3o do m\u00fasico Rodrigo Garcia que \u00e0 \u00e9poca, tocou no show como convidado especial. Ele diz que o \u00e1lbum duplo traz um registro completo do show, sem interven\u00e7\u00f5es e co, eventuais &#8220;imperfei\u00e7\u00f5es&#8221;, o que d\u00e1 um sabor a mais a esse resgate de um momento \u00fanico da roqueira.<\/p>\n<h2>Repert\u00f3rio de <em>Todo veneno vivo<\/em><\/h2>\n<p>01 \u2013 <em>Brasil<\/em> (George Israel\/ Nilo Romero\/ Cazuza)\/ Cita\u00e7\u00e3o: Coisas nossas (Noel Rosa)<br \/>\n02 \u2013 <em>Blues da piedade<\/em> (Cazuza\/ Roberto Frejat)<br \/>\n03 \u2013 <em>Obrigado (por ter se mandado)<\/em> (Cazuza\/ Z\u00e9 Lu\u00eds)<br \/>\n04 \u2013 <em>Por que a gente \u00e9 assim?<\/em> (Cazuza\/ Ezequiel Neves\/ Roberto Frejat)<br \/>\n05 \u2013 <em>Todo o amor que houver nessa vida<\/em> (Roberto Frejat\/ Cazuza)<br \/>\n06 \u2013 <em>1\u00ba de julho<\/em> (Renato Russo)<br \/>\n07 \u2013 <em>S\u00f3 as m\u00e3es s\u00e3o felizes<\/em> (Cazuza\/ Roberto Frejat)<br \/>\n08 \u2013 <em>Vida bandida<\/em> (Lob\u00e3o\/ Bernardo Vilhena)<br \/>\n09 \u2013 <em>Ponto fraco<\/em> (Roberto Frejat\/ Cazuza)<br \/>\n10 \u2013 <em>Preciso dizer que te amo<\/em> (D\u00e9 Palmeira\/ Bebel Gilberto\/ Cazuza) *Part. Especial: Luce Dioliveira<br \/>\n11 \u2013 <em>N\u00f3s<\/em> (Ti\u00e3o Carvalho)<br \/>\n12 \u2013<em> Mis penas Lloraba Yo\u00a0<\/em>(Pecino Antonio Sanchez\/ Ramon Sanchez Gomez)\/ Soy Gitano (Camar\u00f3n Del La Isla)<br \/>\n13 \u2013 <em>Billy Neg\u00e3o<\/em> (Cazuza\/ Guto Goffi\/ Maur\u00edcio Barros)<br \/>\n14 \u2013 <em>Farrapo humano<\/em> (Luiz Melodia)<br \/>\n15 \u2013 <em>Fa\u00e7a o que quiser fazer<\/em> (Felipe Cambraia\/ L\u00facio Krops\/ F\u00e1bio Allman) *Part. Especial: F\u00e1bio Alman<br \/>\n16 \u2013 <em>A orelha de Eur\u00eddice<\/em> (Cazuza)<br \/>\n17 \u2013 <em>Menina mimada<\/em> (Cazuza)\/ Trecho de <em>Quinta-feir<\/em>a, extra\u00eddo do poema <em>Querido di\u00e1rio (T\u00f3picos para uma semana ut\u00f3pica)<\/em> (Cazuza)<br \/>\n18 \u2013 <em>Mal nenhum<\/em> (Cazuza\/ Lob\u00e3o)<br \/>\n19 \u2013 <em>Bete Balan\u00e7o<\/em> (Roberto Frejat\/ Cazuza)<br \/>\n20 \u2013 <em>Amor destrambelhado<\/em> (M\u00e1rcio Mello\/ Lanlan)<br \/>\n21 \u2013 <em>Todas as mulheres do mundo<\/em> (Rita Lee)\/ Cita\u00e7\u00e3o: <em>Bem-me-quer<\/em> (Rita Lee\/ Roberto Carvalho)<br \/>\n22 \u2013 <em>Gera\u00e7\u00e3o Coca Cola\u00a0<\/em>(Renato Russo)<br \/>\n23 \u2013 <em>Pro dia nascer feliz<\/em> (Roberto Frejat\/ Cazuza)\/Incidentais:<em> (I can\u2019t get no) Satisfaction<\/em> (Mick Jagger\/ Keith Richards)\/ <em>Let\u2019s spend the night together<\/em> ((Mick Jagger\/ Keith Richards)<br \/>\n24 \u2013 <em>Eu queria ser C\u00e1ssia Eller<\/em> (P\u00e9ricles Cavalcanti)<\/p>\n<h2>Ou\u00e7a faixas de <em>Todo veneno vivo<\/em>, de C\u00e1ssia Eller<\/h2>\n<p><iframe loading=\"lazy\" title=\"Brasil \/ Cita\u00e7\u00e3o: S\u00e3o Coisas Nossas (Ao Vivo No Rio De Janeiro \/ 1998)\" width=\"1333\" height=\"1000\" src=\"https:\/\/www.youtube.com\/embed\/JZ3ca9zJv2s?list=OLAK5uy_mkU4_E5v-d-6idoHbvgmgm-wxXaA1gedw\" frameborder=\"0\" allow=\"accelerometer; autoplay; clipboard-write; encrypted-media; gyroscope; picture-in-picture; web-share\" referrerpolicy=\"strict-origin-when-cross-origin\" allowfullscreen><\/iframe><\/p>\n","protected":false},"excerpt":{"rendered":"<p>Todo veneno vivo, \u00e1lbum duplo de C\u00e1ssia Eller, gravado no Teatro Rival, no Rio de Janeiro, em 1997 tem lan\u00e7amento nesta sexta-feira (23\/8) nas plataformas digitais. O lan\u00e7amento \u00e9 da Universal Music e tem por base o CD que a cantora havia lan\u00e7ado com m\u00fasicas de Cazuza.<\/p>\n","protected":false},"author":84,"featured_media":942,"comment_status":"open","ping_status":"open","sticky":false,"template":"","format":"standard","meta":{"footnotes":""},"categories":[113],"tags":[185,184],"class_list":["post-941","post","type-post","status-publish","format-standard","has-post-thumbnail","hentry","category-materia","tag-cassia-eller","tag-todo-veneno-vivo"],"_links":{"self":[{"href":"https:\/\/blogs.correiobraziliense.com.br\/trilhasonora\/wp-json\/wp\/v2\/posts\/941","targetHints":{"allow":["GET"]}}],"collection":[{"href":"https:\/\/blogs.correiobraziliense.com.br\/trilhasonora\/wp-json\/wp\/v2\/posts"}],"about":[{"href":"https:\/\/blogs.correiobraziliense.com.br\/trilhasonora\/wp-json\/wp\/v2\/types\/post"}],"author":[{"embeddable":true,"href":"https:\/\/blogs.correiobraziliense.com.br\/trilhasonora\/wp-json\/wp\/v2\/users\/84"}],"replies":[{"embeddable":true,"href":"https:\/\/blogs.correiobraziliense.com.br\/trilhasonora\/wp-json\/wp\/v2\/comments?post=941"}],"version-history":[{"count":1,"href":"https:\/\/blogs.correiobraziliense.com.br\/trilhasonora\/wp-json\/wp\/v2\/posts\/941\/revisions"}],"predecessor-version":[{"id":944,"href":"https:\/\/blogs.correiobraziliense.com.br\/trilhasonora\/wp-json\/wp\/v2\/posts\/941\/revisions\/944"}],"wp:featuredmedia":[{"embeddable":true,"href":"https:\/\/blogs.correiobraziliense.com.br\/trilhasonora\/wp-json\/wp\/v2\/media\/942"}],"wp:attachment":[{"href":"https:\/\/blogs.correiobraziliense.com.br\/trilhasonora\/wp-json\/wp\/v2\/media?parent=941"}],"wp:term":[{"taxonomy":"category","embeddable":true,"href":"https:\/\/blogs.correiobraziliense.com.br\/trilhasonora\/wp-json\/wp\/v2\/categories?post=941"},{"taxonomy":"post_tag","embeddable":true,"href":"https:\/\/blogs.correiobraziliense.com.br\/trilhasonora\/wp-json\/wp\/v2\/tags?post=941"}],"curies":[{"name":"wp","href":"https:\/\/api.w.org\/{rel}","templated":true}]}}