{"id":938,"date":"2019-08-23T09:00:18","date_gmt":"2019-08-23T12:00:18","guid":{"rendered":"https:\/\/blogs.correiobraziliense.com.br\/trilhasonora\/?p=938"},"modified":"2019-08-22T16:56:13","modified_gmt":"2019-08-22T19:56:13","slug":"programacao-diversificada","status":"publish","type":"post","link":"https:\/\/blogs.correiobraziliense.com.br\/trilhasonora\/programacao-diversificada\/","title":{"rendered":"Programa\u00e7\u00e3o diversificada"},"content":{"rendered":"<h3>Confira a coluna Sons da Noite publicada nesta sexta-feira (23\/8) no Divirta-se Mais<\/h3>\n<p>O pop e o rock estar\u00e3o em destaque na diversificada programa\u00e7\u00e3o de shows em Bras\u00edlia neste segundo semestre, tendo como protagonistas artistas brasileiros e grupos internacionais. A grande maioria ocorrer\u00e1 no audit\u00f3rio master do Centro de Conven\u00e7\u00f5es Ulysses Guimar\u00e3es.<\/p>\n<p>Naquele local se apresentar\u00e3o <a href=\"https:\/\/www.correiobraziliense.com.br\/app\/noticia\/diversao-e-arte\/2019\/06\/04\/interna_diversao_arte,759909\/ana-carolina-fogueira-em-alto-mar.shtml\">Ana Carolina<\/a> (dia 31 pr\u00f3ximo), <a href=\"https:\/\/www.correiobraziliense.com.br\/app\/noticia\/diversao-e-arte\/2019\/08\/12\/interna_diversao_arte,776751\/queen-extravaganza-passa-pela-capital-federal-com-show-em-setembro.shtml\">The Queen Extravaganza<\/a> (17 de setembro), o trio italiano Il Voglio (17 de outubro), <a href=\"https:\/\/www.correiobraziliense.com.br\/app\/noticia\/diversao-e-arte\/2019\/06\/16\/interna_diversao_arte,763061\/adriana-calcanhotto-margem-show-em-brasilia.shtml\">Adriana Calcanhotto<\/a> (foto\/18 de outubro), Led Zeppelin in Concert (26 de outubro), Tiago Iorc (21 de novembro) e a cantora portuguesa Carminho (28 de novembro).<\/p>\n<p>Em 28 pr\u00f3ximo, o Capital Inicial ser\u00e1 atra\u00e7\u00e3o da Quinta Cultural do projeto Na Praia; enquanto Guilherme Arantes, acompanhado por orquestra, cantar\u00e1 em 28 de setembro, no Teatro Unip (913 Sul).<\/p>\n<p><strong>Eu recomendo<\/strong><br \/>\nEspet\u00e1culo c\u00eanico-musical que faz muito sucesso em todo o pa\u00eds, o Beatles para crian\u00e7as estar\u00e1 de volta \u00e0 capital para apresenta\u00e7\u00e3o s\u00e1bado e domingo da pr\u00f3xima semana, \u00e0s 15h, no Teatro da Unip. Cl\u00e1ssicos da ic\u00f4nica banda de Liverpool, como <em>All you need is love<\/em>,<em> Hey Jude<\/em>, <em>Twist and shout<\/em> e <em>Yellow submarine<\/em> fazem parte do roteiro. Classifica\u00e7\u00e3o indicativa livre.<\/p>\n<p><strong>Pr\u00eamio musical<\/strong><br \/>\nEst\u00e3o definidos os locais onde os participantes da 5\u00aa edi\u00e7\u00e3o do Pr\u00eamio Profissionais da M\u00fasica se apresentar\u00e3o de 1\u00ba a 3 de novembro. Os pocket shows ser\u00e3o no Clube do Choro, C\u00e2mara Legislativa. Museu dos Correios, Teatro S\u00edlvio Barbato do Sesc e Teatro Pl\u00ednio Marcos da Funarte. Classifica\u00e7\u00e3o indicativa livre.<\/p>\n<p><strong>Cultura japonesa<\/strong><br \/>\nShows da cantora e bailarina Pamela Yuri e dos cantores Edson Saito e Roy Meollyi far\u00e3o parte da programa\u00e7\u00e3o da terceira edi\u00e7\u00e3o do Festival Made in Jap\u00e3o, que ocupar\u00e1 a arena lounge do Est\u00e1dio Nacional Man\u00e9 Garrincha, de 6 a 8 de setembro. Haver\u00e1 a participa\u00e7\u00e3o do bloco carnavalesco brasiliense Eduardo e M\u00f4nica. Classifica\u00e7\u00e3o indicativa livre.<\/p>\n<p><strong>Anos dourados<\/strong><br \/>\nGrandes sucessos de Glen Miller, Ray Coniff e Rom\u00e2nticos de Cuba e cl\u00e1ssicos da MPB estar\u00e3o no repert\u00f3rio da m\u00edtica Orquestra Tabajara, sob a reg\u00eancia do maestro Francisco Ara\u00fajo, nas duas apresenta\u00e7\u00f5es que far\u00e1 no fim da pr\u00f3xima semana em Bras\u00edlia. Os bailes, em clima de anos dourados, pelo projeto Venha dan\u00e7ar, ser\u00e3o sexta-feira, na AABB, e s\u00e1bado, no Iate Clube. N\u00e3o recomendado para menores de 18 anos.<\/p>\n<p><strong>Puro jazz<\/strong><br \/>\nA m\u00fasica de Pat Matheny \u00e9 o nome do show que Pedro Vasconcellos faz sexta (23\/8), \u00e0s 23h, na Cervejaria Criolina (Setor de Oficinas Sul). Na homenagem ao guitarrista e mestre do jazz norte-americano, o cavaquinista brasiliense tem a companhia de Z\u00e9 Krisha (guitarra), Pedro Miranda (contrabaixo ac\u00fastico), Renato Galv\u00e3o (bateria), Lu\u00eds Ungarelli (percuss\u00e3o), Misael Silvestre (teclado) e Thanise Silva (flauta). N\u00e3o recomendado para menores de 18 anos.<\/p>\n<p><strong>House music<\/strong><br \/>\nO DJ Bell Mesk lan\u00e7a, neste fim de semana, no Dudu Bar (303 Sul), onde \u00e9 residente h\u00e1 11 anos, a Bell Mesk Works \u2014 Volume 2. Nessa colet\u00e2nea de house music, ele reuniu cria\u00e7\u00f5es de 13 compositores internacionais deste segmento. Classifica\u00e7\u00e3o indicativa livre.<\/p>\n<p><strong>Clube da Esquina<\/strong><br \/>\nO universo de um dos movimentos mais importantes da MPB, o Clube da Esquina, ser\u00e1 revivido no show <em>Coisas de Minas<\/em> sexta, \u00e0s 21h, no Teatro dos Banc\u00e1rios (entrequadra 314\/315 Sul). O grupo formado por Pec\u00ea Sousa (vocal), Agilson Alc\u00e2ntara (guitarra e viol\u00e3o), Fernando Nantra (baixo) e Sandro Ara\u00fajo (percuss\u00e3o) revisitar\u00e1 cl\u00e1ssicos como<em> Fazenda<\/em>,<em> Morro Velho<\/em>,<em> San Vicente<\/em>, <em>Travessia<\/em>, al\u00e9m, \u00e9 claro, de <em>Clube da Esquina 1 e 2<\/em>. N\u00e3o recomendado para menores de 14 anos.<\/p>\n","protected":false},"excerpt":{"rendered":"<p>Confira a coluna Sons da Noite publicada nesta sexta-feira (23\/8) no Divirta-se Mais<\/p>\n","protected":false},"author":84,"featured_media":939,"comment_status":"open","ping_status":"open","sticky":false,"template":"","format":"standard","meta":{"footnotes":""},"categories":[1],"tags":[],"class_list":["post-938","post","type-post","status-publish","format-standard","has-post-thumbnail","hentry","category-sem-categoria"],"_links":{"self":[{"href":"https:\/\/blogs.correiobraziliense.com.br\/trilhasonora\/wp-json\/wp\/v2\/posts\/938","targetHints":{"allow":["GET"]}}],"collection":[{"href":"https:\/\/blogs.correiobraziliense.com.br\/trilhasonora\/wp-json\/wp\/v2\/posts"}],"about":[{"href":"https:\/\/blogs.correiobraziliense.com.br\/trilhasonora\/wp-json\/wp\/v2\/types\/post"}],"author":[{"embeddable":true,"href":"https:\/\/blogs.correiobraziliense.com.br\/trilhasonora\/wp-json\/wp\/v2\/users\/84"}],"replies":[{"embeddable":true,"href":"https:\/\/blogs.correiobraziliense.com.br\/trilhasonora\/wp-json\/wp\/v2\/comments?post=938"}],"version-history":[{"count":1,"href":"https:\/\/blogs.correiobraziliense.com.br\/trilhasonora\/wp-json\/wp\/v2\/posts\/938\/revisions"}],"predecessor-version":[{"id":940,"href":"https:\/\/blogs.correiobraziliense.com.br\/trilhasonora\/wp-json\/wp\/v2\/posts\/938\/revisions\/940"}],"wp:featuredmedia":[{"embeddable":true,"href":"https:\/\/blogs.correiobraziliense.com.br\/trilhasonora\/wp-json\/wp\/v2\/media\/939"}],"wp:attachment":[{"href":"https:\/\/blogs.correiobraziliense.com.br\/trilhasonora\/wp-json\/wp\/v2\/media?parent=938"}],"wp:term":[{"taxonomy":"category","embeddable":true,"href":"https:\/\/blogs.correiobraziliense.com.br\/trilhasonora\/wp-json\/wp\/v2\/categories?post=938"},{"taxonomy":"post_tag","embeddable":true,"href":"https:\/\/blogs.correiobraziliense.com.br\/trilhasonora\/wp-json\/wp\/v2\/tags?post=938"}],"curies":[{"name":"wp","href":"https:\/\/api.w.org\/{rel}","templated":true}]}}