{"id":922,"date":"2019-08-07T14:56:39","date_gmt":"2019-08-07T17:56:39","guid":{"rendered":"https:\/\/blogs.correiobraziliense.com.br\/trilhasonora\/?p=922"},"modified":"2019-08-07T14:57:46","modified_gmt":"2019-08-07T17:57:46","slug":"caetano-veloso-um-artista-universal","status":"publish","type":"post","link":"https:\/\/blogs.correiobraziliense.com.br\/trilhasonora\/caetano-veloso-um-artista-universal\/","title":{"rendered":"Caetano Veloso, um artista universal"},"content":{"rendered":"<p>Caetano Emanuel Viana Teles Veloso, um dos artistas mais representativos e influentes da cultura brasileira, celebra hoje (7\/8) 77 anos. Nascido em Santo Amaro da Purifica\u00e7\u00e3o, no Rec\u00f4ncavo Baiano, se tornou conhecido nacionalmente em 1967, ao participar do Festival da Record, com o hino <em>Alegria, Alegria<\/em>.<\/p>\n<p>Criador, ao lado de Gilberto Gil, da Tropic\u00e1lia, movimento que promoveu uma revolu\u00e7\u00e3o no \u00e2mbito da m\u00fasica popular brasileira, em plena ditadura, Caetano logo em seguida viria a ser preso por determina\u00e7\u00e3o da junta militar; e obrigado a se exilar em Londres, tendo retornado ao Brasil em 1972.<\/p>\n<p>Foi naquele ano que o assisti ao vivo pela primeira vez, num show no Teatro Jo\u00e3o Caetano, no Rio de Janeiro. A Bras\u00edlia, o autor de <em>Flor do Cerrado<\/em> e <em>Linha do Equador<\/em> &#8212; can\u00e7\u00f5es que, em letras, se referem \u00e0 capital &#8211;, veio inicialmente em 1976 . \u00c0 \u00e9poca, ele Gilberto Gil, Maria Beth\u00e2nia e Gal Costa apresentaram <em>Docs B\u00e1rbaros<\/em> &#8212; o espet\u00e1culo comemorativo dos 10 anos de carreira dos quatro.<\/p>\n<p>Desde ent\u00e3o o eterno tropicalista tem passado pela cidade com, praticamente todas as suas turn\u00eas. O brasiliense o aplaudiu, por exemplo, em <em>Muito<\/em>, <em>Circulad\u00f4<\/em>, <em>Livro Vivo<\/em>, <em>C\u00ea<\/em>, <em>Zii e Zie<\/em>, <em>Abra\u00e7a\u00e7o<\/em>. Em setembro de 2018 esteve na cidade por \u00faltimo. <a href=\"https:\/\/blogs.correiobraziliense.com.br\/trilhasonora\/?s=ofert%C3%B3rio\">Ao lado dos filhos Moreno, Zeca e Tom Veloso encantou os brasilienses com <em>Ofert\u00f3rio<\/em><\/a>.<\/p>\n<p>Ao longo dos anos tenho entrevistado Caetano, ou conversado informalmente com ele, em circunst\u00e2ncias e locais diversos. Em todas as oportunidades recebi do ilustre santo-amarense e cidad\u00e3o do mundo a devida aten\u00e7\u00e3o. \u00c9 algo que contribui para t\u00ea-lo no mais alto patamar das artes universais.<\/p>\n<h2>Caetano Veloso &#8211; <em>Alegria, alegria<\/em><\/h2>\n<p>https:\/\/www.youtube.com\/watch?v=wWhnq5YcBfk<\/p>\n<h2>Caetano Veloso &#8211; <em>Reconvexo (Ao Vivo)<\/em><\/h2>\n<p><iframe loading=\"lazy\" title=\"Caetano Veloso - Reconvexo (Ao Vivo)\" width=\"1440\" height=\"810\" src=\"https:\/\/www.youtube.com\/embed\/NKGTa3T93Hc?feature=oembed\" frameborder=\"0\" allow=\"accelerometer; autoplay; clipboard-write; encrypted-media; gyroscope; picture-in-picture; web-share\" referrerpolicy=\"strict-origin-when-cross-origin\" allowfullscreen><\/iframe><\/p>\n","protected":false},"excerpt":{"rendered":"<p>Caetano Emanuel Viana Teles Veloso, um dos artistas mais representativos e influentes da cultura brasileira, celebra hoje (7\/8) 77 anos. Nascido em Santo Amaro da Purifica\u00e7\u00e3o, no Rec\u00f4ncavo Baiano, se tornou conhecido nacionalmente em 1967, ao participar do Festival da Record, com o hino Alegria, Alegria. Criador, ao lado de Gilberto Gil, da Tropic\u00e1lia, movimento que promoveu uma revolu\u00e7\u00e3o no [&hellip;]<\/p>\n","protected":false},"author":84,"featured_media":923,"comment_status":"open","ping_status":"open","sticky":false,"template":"","format":"standard","meta":{"footnotes":""},"categories":[113],"tags":[58],"class_list":["post-922","post","type-post","status-publish","format-standard","has-post-thumbnail","hentry","category-materia","tag-caetano-veloso"],"_links":{"self":[{"href":"https:\/\/blogs.correiobraziliense.com.br\/trilhasonora\/wp-json\/wp\/v2\/posts\/922","targetHints":{"allow":["GET"]}}],"collection":[{"href":"https:\/\/blogs.correiobraziliense.com.br\/trilhasonora\/wp-json\/wp\/v2\/posts"}],"about":[{"href":"https:\/\/blogs.correiobraziliense.com.br\/trilhasonora\/wp-json\/wp\/v2\/types\/post"}],"author":[{"embeddable":true,"href":"https:\/\/blogs.correiobraziliense.com.br\/trilhasonora\/wp-json\/wp\/v2\/users\/84"}],"replies":[{"embeddable":true,"href":"https:\/\/blogs.correiobraziliense.com.br\/trilhasonora\/wp-json\/wp\/v2\/comments?post=922"}],"version-history":[{"count":1,"href":"https:\/\/blogs.correiobraziliense.com.br\/trilhasonora\/wp-json\/wp\/v2\/posts\/922\/revisions"}],"predecessor-version":[{"id":924,"href":"https:\/\/blogs.correiobraziliense.com.br\/trilhasonora\/wp-json\/wp\/v2\/posts\/922\/revisions\/924"}],"wp:featuredmedia":[{"embeddable":true,"href":"https:\/\/blogs.correiobraziliense.com.br\/trilhasonora\/wp-json\/wp\/v2\/media\/923"}],"wp:attachment":[{"href":"https:\/\/blogs.correiobraziliense.com.br\/trilhasonora\/wp-json\/wp\/v2\/media?parent=922"}],"wp:term":[{"taxonomy":"category","embeddable":true,"href":"https:\/\/blogs.correiobraziliense.com.br\/trilhasonora\/wp-json\/wp\/v2\/categories?post=922"},{"taxonomy":"post_tag","embeddable":true,"href":"https:\/\/blogs.correiobraziliense.com.br\/trilhasonora\/wp-json\/wp\/v2\/tags?post=922"}],"curies":[{"name":"wp","href":"https:\/\/api.w.org\/{rel}","templated":true}]}}