{"id":916,"date":"2019-08-02T08:00:09","date_gmt":"2019-08-02T11:00:09","guid":{"rendered":"https:\/\/blogs.correiobraziliense.com.br\/trilhasonora\/?p=916"},"modified":"2019-08-01T15:26:42","modified_gmt":"2019-08-01T18:26:42","slug":"sons-da-noite-maria-bethania-apresenta-show-intimista-no-espetaculo-claros-breus","status":"publish","type":"post","link":"https:\/\/blogs.correiobraziliense.com.br\/trilhasonora\/sons-da-noite-maria-bethania-apresenta-show-intimista-no-espetaculo-claros-breus\/","title":{"rendered":"Sons da Noite: Maria Beth\u00e2nia apresenta show intimista no espet\u00e1culo Claros breus"},"content":{"rendered":"<h3>Confira a coluna Sons da Noite desta sexta-feira (2\/8) publicada no caderno Divirta-se Mais<\/h3>\n<p><strong>Diva dos palcos<\/strong><\/p>\n<p>Ao longo da carreira, Maria Beth\u00e2nia tem feito shows memor\u00e1veis, entre eles os cl\u00e1ssicos <em>Rosa dos ventos<\/em> e <em>Drama<\/em>. Nas quintas-feiras de julho, ela apresentou <a href=\"https:\/\/blogs.correiobraziliense.com.br\/trilhasonora\/maria-bethania-espetaculo-claros-breus\/\">o espet\u00e1culo <em>Claros breus<\/em> <\/a>para plateias de 100 pessoas na Manouche \u2014 pequena casa no Rio de Janeiro, com um ambiente que remete \u00e0 boate, local onde cantou no in\u00edcio da trajet\u00f3ria art\u00edstica.<\/p>\n<p>Estive entre os privilegiados que assistiram \u00e0 \u00faltima dessas apresenta\u00e7\u00f5es intimistas, na qual Beth\u00e2nia interpretou m\u00fasicas consagradas, composi\u00e7\u00f5es in\u00e9ditas e textos que intermedeiam os blocos de can\u00e7\u00f5es. Ela arrebatou os espectadores em v\u00e1rios momentos, mas principalmente quando soltou a voz em <em>Olhos nos olhos<\/em> (Chico Buarque), <em>Grito de alerta<\/em> (Gonzaguinha) e <em>Evid\u00eancias<\/em> (Jos\u00e9 Augusto e Paulo S\u00e9rgio Valle).<\/p>\n<p>Neste final de semana, a diva da MPB, acompanhada por sua banda, inicia pelo Credicard Hall, em S\u00e3o Paulo, a turn\u00ea de Claros breus com a qual ocupar\u00e1 grandes espa\u00e7os em outras capitais brasileiras e que a levar\u00e1 a Portugal. Na agenda, por enquanto, n\u00e3o tem data marcada para Bras\u00edlia.<\/p>\n<p><strong>Eu recomendo<\/strong><br \/>\nTributo ao compositor tcheco Bohuslav Martinu ser\u00e1 prestado sexta (2\/8), \u00e0s 20h, pelo grupo formado por Ana Am\u00e9lia Gomide (piano); Vaclav Vinecky (obo\u00e9); Sindnei Maia (flauta); Fernando Machado (clarineta); Fl\u00e1vio Figueiredo e Cristina Porto (fagote), na Casa Thomas Jefferson Hall (entrequadra 706\/906 Sul). Do programa fazem parte tamb\u00e9m pe\u00e7as do franc\u00eas Francis Poulenc do norte-americano Walter Piston. A entrada \u00e9 franca. Classifica\u00e7\u00e3o indicativa livre.<\/p>\n<p><strong>Puro jazz<\/strong><br \/>\nCan\u00e7\u00f5es consagradas do repert\u00f3rio de George Gershwin, Wayne Shorter, John Coltrane e Ray Charles ser\u00e3o interpretadas por Serge Frasunkiewicz (piano), Jhoninha Medeiros (contrabaixo ac\u00fastico) e Andr\u00e9 braz (bateria), do Memorial Jazz Trio, no Dolce Day, promovido pela Dolce Far Niente (215 Sul), no dia 27 pr\u00f3ximo, \u00e0s 20h. Haver\u00e1 a participa\u00e7\u00e3o do saxofonista Dirceu Decknes e do cantor Tico de Moraes. Classifica\u00e7\u00e3o indicativa livre.<\/p>\n<p><strong>Na brasa<\/strong><br \/>\nOs grupos Cerrado Kentucky, Procurados Blues Band e O Bar e o Banjo ser\u00e3o as atra\u00e7\u00f5es do Brasas Festival, no dia 11 deste m\u00eas, das 11h \u00e0s 20h, no estacionamento 4 do Parque da Cidade. O DJ Ren\u00ea Ricochete comandar\u00e1 as picapes. Classifica\u00e7\u00e3o indicativa livre.<\/p>\n<p><strong>Tr\u00eas primeiros<\/strong><br \/>\nEm nova turn\u00ea pelo pa\u00eds, o Skank chega a Bras\u00edlia para apresenta\u00e7\u00e3o dia 10, no audit\u00f3rio master do Centro de Conven\u00e7\u00f5es Ulysses Guimar\u00e3es. O show tem por base os tr\u00eas primeiros discos lan\u00e7ados pela banda mineira: <em>Skank<\/em> (1992), <em>Calango<\/em> (1994) e <em>O Samba Pocon\u00e9<\/em> (1996). N\u00e3o recomendado para menores de 14 anos.<\/p>\n<p><strong>Vozes nordestinas<\/strong><br \/>\nCl\u00e1ssicos do cancioneiro nordestino est\u00e3o no repert\u00f3rio de <em>Cantadores e Cantoria<\/em>, show que Elomar, Xangai e Geraldo Azevedo fazem na pr\u00f3xima sexta-feira, \u00e0s 21h, no Centro de Conven\u00e7\u00f5es Ulysses Guimar\u00e3es.<em> Arruma\u00e7\u00e3o<\/em>, <em>O pedido<\/em>, <em>Matan\u00e7a<\/em>, <em>Estampas Eucalol<\/em>, <em>Mo\u00e7a bonita<\/em> e <em>Barcarola do S\u00e3o Francisco<\/em> s\u00e3o algumas delas. N\u00e3o recomendado para menores de 14 anos.<\/p>\n<p><strong>Rock finland\u00eas<\/strong><br \/>\nBanda de hard rock que j\u00e1 abriu show do Bon Jovi, Guns N\u2019 Roses e Whitesnake, a finlandesa Santa Cruz inicia por Bras\u00edlia sua turn\u00ea pelo Brasil. A apresenta\u00e7\u00e3o ser\u00e1 na pr\u00f3xima quinta-feira, \u00e0s 22h, no O\u2019Rilley Irish Pub (409 Sul). N\u00e3o recomendado para menores de 18 anos.<\/p>\n<p><strong>Bruxo do som<\/strong><\/p>\n<figure id=\"attachment_918\" aria-describedby=\"caption-attachment-918\" style=\"width: 800px\" class=\"wp-caption aligncenter\"><img loading=\"lazy\" decoding=\"async\" class=\"size-full wp-image-918\" src=\"https:\/\/blogs.correiobraziliense.com.br\/trilhasonora\/wp-content\/uploads\/sites\/39\/2019\/08\/CBNFOT030820170689.jpg\" alt=\"\" width=\"800\" height=\"533\" srcset=\"https:\/\/blogs.correiobraziliense.com.br\/trilhasonora\/wp-content\/uploads\/sites\/39\/2019\/08\/CBNFOT030820170689.jpg 800w, https:\/\/blogs.correiobraziliense.com.br\/trilhasonora\/wp-content\/uploads\/sites\/39\/2019\/08\/CBNFOT030820170689-300x200.jpg 300w, https:\/\/blogs.correiobraziliense.com.br\/trilhasonora\/wp-content\/uploads\/sites\/39\/2019\/08\/CBNFOT030820170689-768x512.jpg 768w, https:\/\/blogs.correiobraziliense.com.br\/trilhasonora\/wp-content\/uploads\/sites\/39\/2019\/08\/CBNFOT030820170689-550x366.jpg 550w, https:\/\/blogs.correiobraziliense.com.br\/trilhasonora\/wp-content\/uploads\/sites\/39\/2019\/08\/CBNFOT030820170689-230x153.jpg 230w\" sizes=\"auto, (max-width: 800px) 100vw, 800px\" \/><figcaption id=\"caption-attachment-918\" class=\"wp-caption-text\">Cr\u00e9dito: Matheus Jos\u00e9\/Divulga\u00e7\u00e3o. Hermeto Pascoal.<\/figcaption><\/figure>\n<p>Hermeto Pascoal, o bruxo do som \u00e9 a grande atra\u00e7\u00e3o do Picknick Festival, que ocorre nos dias 10 e 11 pr\u00f3ximos, no Memorial dos Povos Ind\u00edgenas (Eixo Monumental). Otto, Felipe Cordeiro, Ava Rocha e a banda brasiliense Rios Voadores s\u00e3o outros destaques do evento. Classifica\u00e7\u00e3o indicativa livre.<\/p>\n","protected":false},"excerpt":{"rendered":"<p>Confira a coluna Sons da Noite desta sexta-feira (2\/8) publicada no caderno Divirta-se Mais<\/p>\n","protected":false},"author":84,"featured_media":917,"comment_status":"open","ping_status":"open","sticky":false,"template":"","format":"standard","meta":{"footnotes":""},"categories":[27],"tags":[],"class_list":["post-916","post","type-post","status-publish","format-standard","has-post-thumbnail","hentry","category-coluna-sons-da-noite"],"_links":{"self":[{"href":"https:\/\/blogs.correiobraziliense.com.br\/trilhasonora\/wp-json\/wp\/v2\/posts\/916","targetHints":{"allow":["GET"]}}],"collection":[{"href":"https:\/\/blogs.correiobraziliense.com.br\/trilhasonora\/wp-json\/wp\/v2\/posts"}],"about":[{"href":"https:\/\/blogs.correiobraziliense.com.br\/trilhasonora\/wp-json\/wp\/v2\/types\/post"}],"author":[{"embeddable":true,"href":"https:\/\/blogs.correiobraziliense.com.br\/trilhasonora\/wp-json\/wp\/v2\/users\/84"}],"replies":[{"embeddable":true,"href":"https:\/\/blogs.correiobraziliense.com.br\/trilhasonora\/wp-json\/wp\/v2\/comments?post=916"}],"version-history":[{"count":2,"href":"https:\/\/blogs.correiobraziliense.com.br\/trilhasonora\/wp-json\/wp\/v2\/posts\/916\/revisions"}],"predecessor-version":[{"id":920,"href":"https:\/\/blogs.correiobraziliense.com.br\/trilhasonora\/wp-json\/wp\/v2\/posts\/916\/revisions\/920"}],"wp:featuredmedia":[{"embeddable":true,"href":"https:\/\/blogs.correiobraziliense.com.br\/trilhasonora\/wp-json\/wp\/v2\/media\/917"}],"wp:attachment":[{"href":"https:\/\/blogs.correiobraziliense.com.br\/trilhasonora\/wp-json\/wp\/v2\/media?parent=916"}],"wp:term":[{"taxonomy":"category","embeddable":true,"href":"https:\/\/blogs.correiobraziliense.com.br\/trilhasonora\/wp-json\/wp\/v2\/categories?post=916"},{"taxonomy":"post_tag","embeddable":true,"href":"https:\/\/blogs.correiobraziliense.com.br\/trilhasonora\/wp-json\/wp\/v2\/tags?post=916"}],"curies":[{"name":"wp","href":"https:\/\/api.w.org\/{rel}","templated":true}]}}