{"id":907,"date":"2019-07-19T08:00:06","date_gmt":"2019-07-19T11:00:06","guid":{"rendered":"https:\/\/blogs.correiobraziliense.com.br\/trilhasonora\/?p=907"},"modified":"2019-07-18T12:35:08","modified_gmt":"2019-07-18T15:35:08","slug":"sons-da-noite-nando-reis-e-a-atracao-da-proxima-quinta-no-na-praia","status":"publish","type":"post","link":"https:\/\/blogs.correiobraziliense.com.br\/trilhasonora\/sons-da-noite-nando-reis-e-a-atracao-da-proxima-quinta-no-na-praia\/","title":{"rendered":"Sons da Noite: Nando Reis \u00e9 a atra\u00e7\u00e3o da pr\u00f3xima quinta no Na Praia"},"content":{"rendered":"<h3>Confira a coluna Sons da Noite publicada nesta sexta-feira (19\/7) no Divirta-se Mais<\/h3>\n<p><strong>Amor sem preconceito<\/strong><\/p>\n<p>Atra\u00e7\u00e3o da Quinta Cultural do projeto Na Praia, dia 25 pr\u00f3ximo, Nando Reis traz para o brasiliense o show <em>Esse amor sem preconceito<\/em>, que tem por base o \u00e1lbum <em>N\u00e3o sou nenhum Roberto, mas \u00e0s vezes chego perto<\/em>, lan\u00e7ado recentemente, com a releitura de can\u00e7\u00f5es de Roberto e Erasmo Carlos.<\/p>\n<p>Desse novo trabalho, ele interpreta, entre outras, <em>Amada amante<\/em> (primeiro single), <em>Como vai voc\u00ea<\/em>, <em>Nosso amor<\/em>, <em>De tanto amor<\/em> e <em>Todos est\u00e3o surdos<\/em>. O set list traz tamb\u00e9m cl\u00e1ssicos da obra do cantor e compositor paulistano, como <em>All Star<\/em>, <em>O segundo sol<\/em>,<em> Relic\u00e1rio<\/em>.<\/p>\n<p>Nando tem a companhia da banda formada por Pupillo (bateria), Walter Villa\u00e7a (guitarra), Felipe Cambraia (baixo), Alex Veley (teclados). N\u00e3o recomendado para menores de 16 anos. O ex-Tit\u00e3 divide o palco na mesma noite com a mineira Roberta Campos.<\/p>\n<p><strong>Eu recomendo<\/strong><br \/>\nEm cartaz no Centro Cultural Banco do Brasil (Setor de Clubes Sul), o musical <em>Os Saltimbancos<\/em>, vers\u00e3o de Hugo Rodas adaptada do texto de Chico Buarque, pode ser visto de sexta a domingo, \u00e0s 16h. Na encena\u00e7\u00e3o, a trupe Agrupa\u00e7\u00e3o Teatral Amacaca interpreta m\u00fasicas compostas por Chico para a pe\u00e7a, como Bicharia, Hist\u00f3ria de uma gata, Minha can\u00e7\u00e3o e Um dia de c\u00e3o. Classifica\u00e7\u00e3o indicativa livre.<\/p>\n<p><strong>Grande encontro<\/strong><br \/>\n\u00cdcones da m\u00fasica popular brasileira, Elomar, Geraldo Azevedo e Xangai est\u00e3o juntos no espet\u00e1culo <em>Cantadores e Cantoria<\/em>, em turn\u00ea pelo pa\u00eds. Em 9 de agosto, \u00e0s 21h, eles ocupam o palco do audit\u00f3rio master do Centro de Conven\u00e7\u00f5es Ulysses Guimar\u00e3es. N\u00e3o recomendado para menores de 14 anos.<\/p>\n<p><strong>Em comemora\u00e7\u00e3o<\/strong><br \/>\nO DJ Maraskin celebra 10 anos no comando das picapes, sexta-feira da pr\u00f3xima semana, no Velvet Pub (102 Norte), tocando black music, funky disco, jazz e rock. Ele tem como convidados LuiJ, Paula Torelly e Thiago Freitas. A entrada \u00e9 franca at\u00e9 \u00e0s 23h30. N\u00e3o recomendado para menores de 18 anos.<\/p>\n<p><strong>Para dan\u00e7ar<\/strong><br \/>\nA BSB Disco Club estreia s\u00e1bado, \u00e0s 21h, no 305 Pub (antigo Poiz\u00e9\/Asa Norte), com uma novidade na forma\u00e7\u00e3o. O vocalista Beto P\u00e9res se junta a Gustavo Vasconcellos (bateria), Andr\u00e9 Benedetti (baixo), Pedro Herm\u00ednio (teclados), Renata Levy, Saphira e Joe Torquanti (vocais), integrantes da banda, que cumprir\u00e1 temporada naquela casa noturna \u2014 sempre aos s\u00e1bados \u2014, tocando dance music, soul, rock e pop. N\u00e3o recomendado para menores de 18 anos.<\/p>\n<p><strong>Canta viola<\/strong><br \/>\nFestival itinerante, o<em> Canta Viola Sertaneja<\/em>, idealizado por Thiago Henrique, chega neste fim de semana a Brazl\u00e2ndia, com shows a partir das 18h, na Pra\u00e7a do La\u00e7o. S\u00e1bado, se apresentam Benni, Bruno Violeiro, Santhiago Amaro, Ane Costa, John Lima, F\u00e1bio &amp; Fabinho e Thiago Henrique. No domingo, sobem ao palco Al\u00edcia Lima, Jefferson Oliveira, Manu Lopez, Ed &amp; Erik, Daniel Santana, D\u2019Santos &amp; Thiago, Batma e Thiago Henrique. A entrada \u00e9 franca. Classifica\u00e7\u00e3o indicativa livre.<\/p>\n<p><strong>Novo point<\/strong><br \/>\nDeep house \u00e9 o estilo de m\u00fasica eletr\u00f4nica que o DJ Rick toca no rec\u00e9m-inaugurado Rainbow (105 Sul), novo point da turma LGBT na cidade. Entre os drinques servidos na casa est\u00e3o os que levam o nome de Madonna, Ricky Martin, Fred Mercury e Pabllo Vittar. N\u00e3o recomendado para menores de 18 anos.<\/p>\n<p><strong>T\u00e3o particular<\/strong><\/p>\n<figure id=\"attachment_909\" aria-describedby=\"caption-attachment-909\" style=\"width: 800px\" class=\"wp-caption aligncenter\"><img loading=\"lazy\" decoding=\"async\" class=\"size-full wp-image-909\" src=\"https:\/\/blogs.correiobraziliense.com.br\/trilhasonora\/wp-content\/uploads\/sites\/39\/2019\/07\/CBNFOT050720170345.jpg\" alt=\"\" width=\"800\" height=\"450\" srcset=\"https:\/\/blogs.correiobraziliense.com.br\/trilhasonora\/wp-content\/uploads\/sites\/39\/2019\/07\/CBNFOT050720170345.jpg 800w, https:\/\/blogs.correiobraziliense.com.br\/trilhasonora\/wp-content\/uploads\/sites\/39\/2019\/07\/CBNFOT050720170345-300x169.jpg 300w, https:\/\/blogs.correiobraziliense.com.br\/trilhasonora\/wp-content\/uploads\/sites\/39\/2019\/07\/CBNFOT050720170345-768x432.jpg 768w, https:\/\/blogs.correiobraziliense.com.br\/trilhasonora\/wp-content\/uploads\/sites\/39\/2019\/07\/CBNFOT050720170345-550x309.jpg 550w, https:\/\/blogs.correiobraziliense.com.br\/trilhasonora\/wp-content\/uploads\/sites\/39\/2019\/07\/CBNFOT050720170345-230x129.jpg 230w\" sizes=\"auto, (max-width: 800px) 100vw, 800px\" \/><figcaption id=\"caption-attachment-909\" class=\"wp-caption-text\">Cr\u00e9ditos: Reprodu\u00e7\u00e3o\/Internet. Cantora Patricia Rezende<\/figcaption><\/figure>\n<p>Patr\u00edcia Rezende (foto), cantora brasiliense que se destacou na edi\u00e7\u00e3o de 2012 do<em> The Voice Brasil<\/em>, interpretando repert\u00f3rio de m\u00fasica sertaneja, se apresenta dia 26, no Teatro da Caesb, em \u00c1guas Claras. No show Meu ser t\u00e3o particular, ela tem como convidadas as duplas Bar\u00e3o &amp; Mau\u00e1 e Ang\u00e9lia &amp; Sandrey. Classifica\u00e7\u00e3o indicativa livre.<\/p>\n","protected":false},"excerpt":{"rendered":"<p>Confira a coluna Sons da Noite publicada nesta sexta-feira (19\/7) no Divirta-se Mais Amor sem preconceito Atra\u00e7\u00e3o da Quinta Cultural do projeto Na Praia, dia 25 pr\u00f3ximo, Nando Reis traz para o brasiliense o show Esse amor sem preconceito, que tem por base o \u00e1lbum N\u00e3o sou nenhum Roberto, mas \u00e0s vezes chego perto, lan\u00e7ado recentemente, com a releitura de [&hellip;]<\/p>\n","protected":false},"author":84,"featured_media":908,"comment_status":"open","ping_status":"open","sticky":false,"template":"","format":"standard","meta":{"footnotes":""},"categories":[49],"tags":[],"class_list":["post-907","post","type-post","status-publish","format-standard","has-post-thumbnail","hentry","category-sons-da-noite"],"_links":{"self":[{"href":"https:\/\/blogs.correiobraziliense.com.br\/trilhasonora\/wp-json\/wp\/v2\/posts\/907","targetHints":{"allow":["GET"]}}],"collection":[{"href":"https:\/\/blogs.correiobraziliense.com.br\/trilhasonora\/wp-json\/wp\/v2\/posts"}],"about":[{"href":"https:\/\/blogs.correiobraziliense.com.br\/trilhasonora\/wp-json\/wp\/v2\/types\/post"}],"author":[{"embeddable":true,"href":"https:\/\/blogs.correiobraziliense.com.br\/trilhasonora\/wp-json\/wp\/v2\/users\/84"}],"replies":[{"embeddable":true,"href":"https:\/\/blogs.correiobraziliense.com.br\/trilhasonora\/wp-json\/wp\/v2\/comments?post=907"}],"version-history":[{"count":1,"href":"https:\/\/blogs.correiobraziliense.com.br\/trilhasonora\/wp-json\/wp\/v2\/posts\/907\/revisions"}],"predecessor-version":[{"id":910,"href":"https:\/\/blogs.correiobraziliense.com.br\/trilhasonora\/wp-json\/wp\/v2\/posts\/907\/revisions\/910"}],"wp:featuredmedia":[{"embeddable":true,"href":"https:\/\/blogs.correiobraziliense.com.br\/trilhasonora\/wp-json\/wp\/v2\/media\/908"}],"wp:attachment":[{"href":"https:\/\/blogs.correiobraziliense.com.br\/trilhasonora\/wp-json\/wp\/v2\/media?parent=907"}],"wp:term":[{"taxonomy":"category","embeddable":true,"href":"https:\/\/blogs.correiobraziliense.com.br\/trilhasonora\/wp-json\/wp\/v2\/categories?post=907"},{"taxonomy":"post_tag","embeddable":true,"href":"https:\/\/blogs.correiobraziliense.com.br\/trilhasonora\/wp-json\/wp\/v2\/tags?post=907"}],"curies":[{"name":"wp","href":"https:\/\/api.w.org\/{rel}","templated":true}]}}