{"id":894,"date":"2019-07-12T08:00:55","date_gmt":"2019-07-12T11:00:55","guid":{"rendered":"https:\/\/blogs.correiobraziliense.com.br\/trilhasonora\/?p=894"},"modified":"2019-07-11T11:48:41","modified_gmt":"2019-07-11T14:48:41","slug":"sons-da-noite-lulu-santos-apresenta-turne-do-album-recem-lancado-em-brasilia","status":"publish","type":"post","link":"https:\/\/blogs.correiobraziliense.com.br\/trilhasonora\/sons-da-noite-lulu-santos-apresenta-turne-do-album-recem-lancado-em-brasilia\/","title":{"rendered":"Sons da Noite: Lulu Santos apresenta turn\u00ea do \u00e1lbum rec\u00e9m-lan\u00e7ado em Bras\u00edlia"},"content":{"rendered":"<h3>Confira a coluna Sons da Noite publicada nesta sexta-feira (12\/7) no caderno Divirta-se Mais<\/h3>\n<p><strong>Hits e amor<\/strong><\/p>\n<p><a href=\"https:\/\/www.correiobraziliense.com.br\/app\/noticia\/diversao-e-arte\/2019\/06\/12\/interna_diversao_arte,762078\/lulu-santos-lanca-cd-inspirado-no-proprio-relacionamento-homoafetivo.shtml\">Em <em>Pra sempre<\/em>, seu novo show, Lulu Santos canta algumas can\u00e7\u00f5es do rec\u00e9m-lan\u00e7ado \u00e1lbum hom\u00f4nimo<\/a> que enfatizam sua rela\u00e7\u00e3o homoafetiva com o analista de sistemas Clebson Teixeira \u2014 entre as quais <em>Orgulho &amp; preconceito<\/em>, <em>T\u00e3o real<\/em>, <em>Radar<\/em>, <em>Hoje em dia<\/em> e a que d\u00e1 t\u00edtulo ao trabalho.<\/p>\n<p>Mas, o que prevalece no setlist s\u00e3o hits que o popstar lan\u00e7ou ao longo da carreira, como <em>Tempos modernos<\/em>,<em> O \u00faltimo rom\u00e2ntico<\/em>, <em>Tudo azul<\/em>, <em>Assim caminha a humanidade<\/em>, <em>Certas coisas<\/em>, <em>Toda forma de amor<\/em> e, claro, <em>Como uma onda<\/em>.<\/p>\n<p>Depois de estrear no Rio de Janeiro e de passar por Belo Horizonte e S\u00e3o Paulo e outras cidades brasileiras, Lulu chega a Bras\u00edlia no dia 18 para apresenta\u00e7\u00e3o na Quinta Cultural do projeto Na Praia. Ele tem a companhia da banda formada por Tavinho Menezes (guitarra), Jorge Ailton (baixo), S\u00e9rgio Melo (bateria), H\u00e9rcules Mizutani (teclados) e Robson S\u00e1 (backing vocal). N\u00e3o recomendado para menores de 16 anos.<\/p>\n<p><strong>Eu recomendo<\/strong><br \/>\nPixinguinha, Jacob do Bandolim, Tom Jobim, Gilberto Gil e Stevie Wonder s\u00e3o alguns compositores presentes no repert\u00f3rio do show que os m\u00fasicos brasilienses Victor Angeleas (bandolim) e M\u00e1rcio Marinho (cavaquinho) e o cearense Cain\u00e3 Cavalcante fazem s\u00e1bado (13\/7), \u00e0s 21h, no Espa\u00e7o Cultural do Choro (Eixo Monumental). Eles tocam tamb\u00e9m temas autorais. N\u00e3o recomendado para menores de 14 anos.<\/p>\n<p><strong>Fogueira mar\u00edtima<\/strong><br \/>\nAna Carolina vem \u00e0 cidade desde que iniciou sua trajet\u00f3ria art\u00edstica, quando cantou e tocou pandeiro no Teatro dos Banc\u00e1rios. <a href=\"https:\/\/www.correiobraziliense.com.br\/app\/noticia\/diversao-e-arte\/2019\/06\/04\/interna_diversao_arte,759909\/ana-carolina-fogueira-em-alto-mar.shtml\">Novamente na estrada, para comemorar duas d\u00e9cadas de carreira, ela faz o show <em>Fogueira em alto mar<\/em>, com dire\u00e7\u00e3o de Marcus Preto, dia 31 de agosto, no Centro de Conven\u00e7\u00f5es Ulysses Guimar\u00e3es<\/a>. Os ingressos est\u00e3o \u00e0 venda no G2 do Bras\u00edlia Shopping.<\/p>\n<p><strong>Tempos dif\u00edceis<\/strong><br \/>\nA turn\u00ea comemorativa dos 30 anos de carreira do Racionais MC\u2019S, que tem in\u00edcio em Florian\u00f3polis dia 20 pr\u00f3ximo, chega \u00e0 capital em 3 de agosto. Nessa apresenta\u00e7\u00e3o, no Gin\u00e1sio Nilson Nelson, Mano Brown e companhia v\u00e3o mostrar m\u00fasicas de discos como <em>Tempos dif\u00edceis<\/em>, <em>Voz ativa<\/em> e <em>Negro<\/em>. Os ingressos j\u00e1 est\u00e3o \u00e0 venda na Eventim (G2 do Bras\u00edlia Shopping). N\u00e3o recomendado para menores de 18 anos.<\/p>\n<p><strong>Cl\u00e1ssicos roqueiros<\/strong><br \/>\nQuatro destacados guitarristas brasilienses, Marcelo Barbosa, Haroldinho Mattos, Kiko Peres e Dillo D\u2019Ara\u00fajo e mais o baterista Ticho Bastos s\u00e3o convidados da Orquestra Sinf\u00f4nica do Teatro Nacional no <em>Concert \u2014 Rock Sinf\u00f4nico<\/em>, no dia 27, deste m\u00eas, \u00e0s 16h, na \u00e1rea externa do Centro Cultural Banco do Brasil. No programa, cl\u00e1ssicos do Rolling Stones, Led Zeppelin, Queen, Rush, Deep Purple, Scorpions e Legi\u00e3o Urbana. A entrada \u00e9 franca. Classifica\u00e7\u00e3o indicativa livre.<\/p>\n<p><strong>Para celebrar<\/strong><br \/>\nO Dia Mundial do Rock ser\u00e1 comemorado sexta (12), \u00e0s 22h, no Pub 305 Norte. Haver\u00e1 tributo a tr\u00eas \u00edcones do metal: Black Sabbath (Black Rainbow), Metallica (Azzarok) e Ozzie Osbourne. A produ\u00e7\u00e3o \u00e9 de Renan Meireles. N\u00e3o recomendado para menores de 18 anos.<\/p>\n<p><strong>Em lan\u00e7amento<\/strong><br \/>\nO cantor e compositor Tiago M\u00f3ria, integrante da banda Talo de Mamona, lan\u00e7a o EP<em> T\u00e1 esperando o qu\u00ea?<\/em>, com seis m\u00fasicas, em show sexta (12), \u00e0s 17h, no evento <a href=\"https:\/\/www.correiobraziliense.com.br\/app\/noticia\/diversao-e-arte\/2019\/07\/09\/interna_diversao_arte,769216\/manifesta-do-quadrado-a-cargo-do-do-quadrado-tera-programacao-ampla.shtml\">Manifesta Ocupa\u00e7\u00e3o do Quadrado (Setor Comercial Sul, em frente ao BRB)<\/a>. O acesso \u00e9 gratuito. Classifica\u00e7\u00e3o indicativa livre.<\/p>\n<p><strong>Cantigas brasileiras<\/strong><\/p>\n<figure id=\"attachment_895\" aria-describedby=\"caption-attachment-895\" style=\"width: 683px\" class=\"wp-caption aligncenter\"><img loading=\"lazy\" decoding=\"async\" class=\"size-large wp-image-895\" src=\"https:\/\/blogs.correiobraziliense.com.br\/trilhasonora\/wp-content\/uploads\/sites\/39\/2019\/07\/CBNFOT080720190406-683x1024.jpg\" alt=\"\" width=\"683\" height=\"1024\" srcset=\"https:\/\/blogs.correiobraziliense.com.br\/trilhasonora\/wp-content\/uploads\/sites\/39\/2019\/07\/CBNFOT080720190406-683x1024.jpg 683w, https:\/\/blogs.correiobraziliense.com.br\/trilhasonora\/wp-content\/uploads\/sites\/39\/2019\/07\/CBNFOT080720190406-200x300.jpg 200w, https:\/\/blogs.correiobraziliense.com.br\/trilhasonora\/wp-content\/uploads\/sites\/39\/2019\/07\/CBNFOT080720190406-768x1152.jpg 768w, https:\/\/blogs.correiobraziliense.com.br\/trilhasonora\/wp-content\/uploads\/sites\/39\/2019\/07\/CBNFOT080720190406-550x825.jpg 550w, https:\/\/blogs.correiobraziliense.com.br\/trilhasonora\/wp-content\/uploads\/sites\/39\/2019\/07\/CBNFOT080720190406-230x345.jpg 230w, https:\/\/blogs.correiobraziliense.com.br\/trilhasonora\/wp-content\/uploads\/sites\/39\/2019\/07\/CBNFOT080720190406.jpg 800w\" sizes=\"auto, (max-width: 683px) 100vw, 683px\" \/><figcaption id=\"caption-attachment-895\" class=\"wp-caption-text\">Cr\u00e9dito: Regina Esteves\/Divulga\u00e7\u00e3o. Cultura. Sabah Moraes.<\/figcaption><\/figure>\n<p><em>Cantos de todo canto<\/em> \u00e9 o nome do show que Sabah Moraes (foto) e Ney Couteiro trazem para o brasiliense depois de apresent\u00e1-lo em S\u00e3o Paulo, Salvador, Bel\u00e9m e Goi\u00e2nia. Eles ocupam o palco do Museu Nacional dos Correios (Setor Comercial Sul) sexta (12), \u00e0s 20h, e interpretam can\u00e7\u00f5es compostas por Dorival Caymmi, Luiz Gonzaga, Chico Buarque, Heitor Villa-Lobos e Astor Piazzolla, al\u00e9m de m\u00fasicas autorais. Classifica\u00e7\u00e3o indicativa livre.<\/p>\n","protected":false},"excerpt":{"rendered":"<p>Confira a coluna Sons da Noite publicada nesta sexta-feira (12\/7) no caderno Divirta-se Mais Hits e amor Em Pra sempre, seu novo show, Lulu Santos canta algumas can\u00e7\u00f5es do rec\u00e9m-lan\u00e7ado \u00e1lbum hom\u00f4nimo que enfatizam sua rela\u00e7\u00e3o homoafetiva com o analista de sistemas Clebson Teixeira \u2014 entre as quais Orgulho &amp; preconceito, T\u00e3o real, Radar, Hoje em dia e a que [&hellip;]<\/p>\n","protected":false},"author":84,"featured_media":896,"comment_status":"open","ping_status":"open","sticky":false,"template":"","format":"standard","meta":{"footnotes":""},"categories":[27],"tags":[181,37,182],"class_list":["post-894","post","type-post","status-publish","format-standard","has-post-thumbnail","hentry","category-coluna-sons-da-noite","tag-ana-carolina","tag-lulu-santos","tag-racionais-mcs"],"_links":{"self":[{"href":"https:\/\/blogs.correiobraziliense.com.br\/trilhasonora\/wp-json\/wp\/v2\/posts\/894","targetHints":{"allow":["GET"]}}],"collection":[{"href":"https:\/\/blogs.correiobraziliense.com.br\/trilhasonora\/wp-json\/wp\/v2\/posts"}],"about":[{"href":"https:\/\/blogs.correiobraziliense.com.br\/trilhasonora\/wp-json\/wp\/v2\/types\/post"}],"author":[{"embeddable":true,"href":"https:\/\/blogs.correiobraziliense.com.br\/trilhasonora\/wp-json\/wp\/v2\/users\/84"}],"replies":[{"embeddable":true,"href":"https:\/\/blogs.correiobraziliense.com.br\/trilhasonora\/wp-json\/wp\/v2\/comments?post=894"}],"version-history":[{"count":1,"href":"https:\/\/blogs.correiobraziliense.com.br\/trilhasonora\/wp-json\/wp\/v2\/posts\/894\/revisions"}],"predecessor-version":[{"id":897,"href":"https:\/\/blogs.correiobraziliense.com.br\/trilhasonora\/wp-json\/wp\/v2\/posts\/894\/revisions\/897"}],"wp:featuredmedia":[{"embeddable":true,"href":"https:\/\/blogs.correiobraziliense.com.br\/trilhasonora\/wp-json\/wp\/v2\/media\/896"}],"wp:attachment":[{"href":"https:\/\/blogs.correiobraziliense.com.br\/trilhasonora\/wp-json\/wp\/v2\/media?parent=894"}],"wp:term":[{"taxonomy":"category","embeddable":true,"href":"https:\/\/blogs.correiobraziliense.com.br\/trilhasonora\/wp-json\/wp\/v2\/categories?post=894"},{"taxonomy":"post_tag","embeddable":true,"href":"https:\/\/blogs.correiobraziliense.com.br\/trilhasonora\/wp-json\/wp\/v2\/tags?post=894"}],"curies":[{"name":"wp","href":"https:\/\/api.w.org\/{rel}","templated":true}]}}