{"id":890,"date":"2019-07-11T11:33:32","date_gmt":"2019-07-11T14:33:32","guid":{"rendered":"https:\/\/blogs.correiobraziliense.com.br\/trilhasonora\/?p=890"},"modified":"2019-07-11T12:00:57","modified_gmt":"2019-07-11T15:00:57","slug":"maria-bethania-espetaculo-claros-breus","status":"publish","type":"post","link":"https:\/\/blogs.correiobraziliense.com.br\/trilhasonora\/maria-bethania-espetaculo-claros-breus\/","title":{"rendered":"Maria Beth\u00e2nia est\u00e1 de volta ao palco com o espet\u00e1culo Claros breus"},"content":{"rendered":"<p><strong><em>Claros breus<\/em> re\u00fane no repert\u00f3rio m\u00fasicas in\u00e9ditas e can\u00e7\u00f5es consagradas por sua interpreta\u00e7\u00e3o<\/strong><\/p>\n<p>Depois de uma longa turn\u00ea pelo pa\u00eds, ao lado de Zeca Pagodinho, com o show <a href=\"https:\/\/blogs.correiobraziliense.com.br\/trilhasonora\/show-de-santo-amaro-xerem-de-maria-bethania-e-zeca-pagodinho\/\"><em>De Santo Amaro a Xer\u00e9m<\/em><\/a>, Maria Beth\u00e2nia est\u00e1 de volta ao palco. Na \u00faltima quinta-feira (4\/7), ela estreou o espet\u00e1culo Claros breus, no Clube Manouche &#8212; um espa\u00e7o para 100 pessoas &#8211;, no Rio de Janeiro, onde volta a se apresentar nas pr\u00f3ximas quintas-feiras de julho.<\/p>\n<p><em>Claros breus<\/em> re\u00fane no repert\u00f3rio m\u00fasicas in\u00e9ditas, outras in\u00e9ditas na voz dela e can\u00e7\u00f5es consagradas por sua interpreta\u00e7\u00e3o, com novos arranjos, criados pelo maestro baiano Letieres Leite, que tamb\u00e9m assina a dire\u00e7\u00e3o musical.<\/p>\n<p>Beth\u00e2nia tem em cena a companhia de Jorge Helder (contrabaixo), Carlinhos 7 Cordas (viol\u00f5es), Marcelo Galter (piano e sintetizadores), Pretinho da Serrinha e Luizinho do J\u00eaje (percuss\u00e3o ac\u00fastica e eletr\u00f4nica). A dire\u00e7\u00e3o e cen\u00e1rio s\u00e3o de Bia Lessa e o desenho de luz de Binho Schafer e de Bia Lessa. O figurino tem a assinatura de Gilda Midani.<\/p>\n<figure id=\"attachment_891\" aria-describedby=\"caption-attachment-891\" style=\"width: 1024px\" class=\"wp-caption aligncenter\"><img loading=\"lazy\" decoding=\"async\" class=\"size-large wp-image-891\" src=\"https:\/\/blogs.correiobraziliense.com.br\/trilhasonora\/wp-content\/uploads\/sites\/39\/2019\/07\/mariabeth\u00e2nia-1024x555.jpg\" alt=\"\" width=\"1024\" height=\"555\" srcset=\"https:\/\/blogs.correiobraziliense.com.br\/trilhasonora\/wp-content\/uploads\/sites\/39\/2019\/07\/mariabeth\u00e2nia-1024x555.jpg 1024w, https:\/\/blogs.correiobraziliense.com.br\/trilhasonora\/wp-content\/uploads\/sites\/39\/2019\/07\/mariabeth\u00e2nia-300x163.jpg 300w, https:\/\/blogs.correiobraziliense.com.br\/trilhasonora\/wp-content\/uploads\/sites\/39\/2019\/07\/mariabeth\u00e2nia-768x416.jpg 768w, https:\/\/blogs.correiobraziliense.com.br\/trilhasonora\/wp-content\/uploads\/sites\/39\/2019\/07\/mariabeth\u00e2nia-550x298.jpg 550w, https:\/\/blogs.correiobraziliense.com.br\/trilhasonora\/wp-content\/uploads\/sites\/39\/2019\/07\/mariabeth\u00e2nia-230x125.jpg 230w, https:\/\/blogs.correiobraziliense.com.br\/trilhasonora\/wp-content\/uploads\/sites\/39\/2019\/07\/mariabeth\u00e2nia.jpg 1200w\" sizes=\"auto, (max-width: 1024px) 100vw, 1024px\" \/><figcaption id=\"caption-attachment-891\" class=\"wp-caption-text\">Cr\u00e9dito: Vera Donato Fotografias\/Divulga\u00e7\u00e3o<\/figcaption><\/figure>\n<p>&#8220;Estou com muita saudade de sentir o p\u00fablico de pertinho. Tenho vontade de cantar perto das pessoas que v\u00eam me assistir. Tenho trabalhado nestes 54 anos de carreira em lugares grandes e n\u00e3o consigo ver quem est\u00e1 na \u00faltima fila. No in\u00edcio de minha carreira cantei muito em boate: gosto desse clima de romance, de namoro, para cantar. E principalmente, gosto de trabalhar e voltar e dormir em casa, como todo mundo faz&#8221;, confidenciou a Abelha Rainha.<\/p>\n<p>O show, depois da temporada no Manouche, percorrer\u00e1 as principais capitais brasileiras. A partir de agosto, a turn\u00ea ter\u00e1 in\u00edcio em S\u00e3o Paulo, onde ser\u00e1 apresentado nos dias 2 e 3, no Credicard Hall. J\u00e1 est\u00e3o definidas as datas para o Rio de Janeiro (KM de Vantagem Hall), dias 4 e 5 de outubro; Belo Horizonte (Pal\u00e1cio das Artes), dia 23 de novembro; e Recife (Chevrolet Hall), 30 de novembro. Bras\u00edlia deve entrar no circuito, mas ainda n\u00e3o tem data marcada. Em setembro, Beth\u00e2nia vai a Portugal.<\/p>\n<p><strong>Roteiro do show<\/strong><br \/>\n1 &#8211; ABERTURA TEMA BANDA<br \/>\n2 &#8211; <em>PRONTA PRA CANTAR<\/em> (Caetano Veloso)<br \/>\n3 \u2013 <em>DRAMA<\/em> (Caetano Veloso)<br \/>\n4 &#8211; <em>A FLOR ENCARNADA<\/em> (Adriana Calcanhotto\/in\u00e9dita)<br \/>\n5 &#8211; <em>O UNIVERSO NA CABE\u00c7A DO ALFINETE<\/em> (Lenine\/in\u00e9dita na voz dela)<br \/>\n6 &#8211; <em>JUNTAR O QUE SENTIR<\/em> (Renato Teixeira)<br \/>\n7 &#8211; <em>DE TODAS AS MANEIRAS<\/em> (Chico Buarque)<br \/>\n8 &#8211; <em>PERNAS<\/em> (S\u00e9rgio Ricardo\/in\u00e9dita na voz dela)<br \/>\nTEXTO GOULART<br \/>\n9 &#8211; <em>S\u00c1BADO EM COPACABANA<\/em> (Dorival Caymmi)<br \/>\n10 &#8211; <em>GOTA DE SANGUE<\/em> (Angela Ro Ro)<br \/>\n11 &#8211; <em>ANJO EXTERMINADO<\/em> (Jards Macal\u00e9\/Waly Salom\u00e3o )<br \/>\n12 &#8211; <em>COBRAS E LAGARTOS<\/em> (Suely Costa e Herm\u00ednio Belo de Carvalho)<br \/>\n13 &#8211; <em>A BEIRA E O MAR<\/em> (Roberto Mendes\/Jorge Portugal)<br \/>\n14 &#8211; <em>GRITO DE ALERTA<\/em> (Gonzaquinha) + TEXTO<br \/>\n16 &#8211;<em> EVID\u00caNCIAS<\/em> (Jos\u00e9 Augusto\/Paulo S\u00e9rgio Valle\/in\u00e9dita na voz dela)<br \/>\n17 &#8211;<em> A TA\u00c7A<\/em> (Chico C\u00e9sar\/In\u00e9dita)<br \/>\n18 &#8211; <em>OLHOS NOS OLHOS<\/em> (Chico Buarque)<br \/>\nTEXTO: <em>QUERO SER TAMBOR<\/em> (Craveirinha)<br \/>\n19 &#8211; <em>YAY\u00c1 MASSEMBA<\/em> (Roberto Mendes\/Capinan)<br \/>\nTEXTO: <em>O POETA COME AMENDOIM<\/em> (Carlos Drummond de Andrade)<br \/>\n20 &#8211; <em>SINH\u00c1<\/em> (Jo\u00e3o Bosco\/Chico Buarque\/in\u00e9dita na voz dela)<br \/>\nTEXTO:<em> O POETA COME AMENDOIM<\/em> (Carlos Drummond de Andrade)<br \/>\n21 &#8211; <em>HIST\u00d3RIA PARA NINAR GENTE GRANDE<\/em> (Deivid Dom\u00eanico, Tomaz Miranda, Mama, Marcio Bola, Ronie Oliveira e Danilo Firmino)<br \/>\n22 &#8211; <em>\u00c1GUIA NORDESTINA<\/em> (Chico C\u00e9sar\/in\u00e9dita)<br \/>\n23 &#8211; <em>LUMINOSIDADE<\/em> (Chico C\u00e9sar\/in\u00e9dita)<br \/>\n24 &#8211; <em>TOCANDO EM FRENTE<\/em> (Almir Satter\/Renato Teixeira)<br \/>\n25 &#8211;<em> SETE TROVAS<\/em> (Consuelo De Paula\/Etel Frota\/Rubens Nogueira)<br \/>\n26 &#8211; <em>M\u00daSICAS, M\u00daSICA<\/em> (Roque Ferreira\/in\u00e9dita)<br \/>\n27 &#8211; <em>IMAGENS<\/em> (Suely Costa\/Cec\u00edlia Meireles)<br \/>\n28 &#8211;<em> BAR DA NOITE<\/em> (Haroldo Barbosa\/Bid\u00fa Reis)<br \/>\n<em>BRINCAR DE VIVER \/PURIFICAR SUBAE\/LAMPARINA<\/em><\/p>\n","protected":false},"excerpt":{"rendered":"<p>Claros breus re\u00fane no repert\u00f3rio m\u00fasicas in\u00e9ditas e can\u00e7\u00f5es consagradas por sua interpreta\u00e7\u00e3o<\/p>\n","protected":false},"author":84,"featured_media":892,"comment_status":"open","ping_status":"open","sticky":false,"template":"","format":"standard","meta":{"footnotes":""},"categories":[113],"tags":[26,180,86,21],"class_list":["post-890","post","type-post","status-publish","format-standard","has-post-thumbnail","hentry","category-materia","tag-brasilia","tag-claro-breus","tag-maria-bethania","tag-show"],"_links":{"self":[{"href":"https:\/\/blogs.correiobraziliense.com.br\/trilhasonora\/wp-json\/wp\/v2\/posts\/890","targetHints":{"allow":["GET"]}}],"collection":[{"href":"https:\/\/blogs.correiobraziliense.com.br\/trilhasonora\/wp-json\/wp\/v2\/posts"}],"about":[{"href":"https:\/\/blogs.correiobraziliense.com.br\/trilhasonora\/wp-json\/wp\/v2\/types\/post"}],"author":[{"embeddable":true,"href":"https:\/\/blogs.correiobraziliense.com.br\/trilhasonora\/wp-json\/wp\/v2\/users\/84"}],"replies":[{"embeddable":true,"href":"https:\/\/blogs.correiobraziliense.com.br\/trilhasonora\/wp-json\/wp\/v2\/comments?post=890"}],"version-history":[{"count":3,"href":"https:\/\/blogs.correiobraziliense.com.br\/trilhasonora\/wp-json\/wp\/v2\/posts\/890\/revisions"}],"predecessor-version":[{"id":899,"href":"https:\/\/blogs.correiobraziliense.com.br\/trilhasonora\/wp-json\/wp\/v2\/posts\/890\/revisions\/899"}],"wp:featuredmedia":[{"embeddable":true,"href":"https:\/\/blogs.correiobraziliense.com.br\/trilhasonora\/wp-json\/wp\/v2\/media\/892"}],"wp:attachment":[{"href":"https:\/\/blogs.correiobraziliense.com.br\/trilhasonora\/wp-json\/wp\/v2\/media?parent=890"}],"wp:term":[{"taxonomy":"category","embeddable":true,"href":"https:\/\/blogs.correiobraziliense.com.br\/trilhasonora\/wp-json\/wp\/v2\/categories?post=890"},{"taxonomy":"post_tag","embeddable":true,"href":"https:\/\/blogs.correiobraziliense.com.br\/trilhasonora\/wp-json\/wp\/v2\/tags?post=890"}],"curies":[{"name":"wp","href":"https:\/\/api.w.org\/{rel}","templated":true}]}}