{"id":882,"date":"2019-07-05T08:00:01","date_gmt":"2019-07-05T11:00:01","guid":{"rendered":"https:\/\/blogs.correiobraziliense.com.br\/trilhasonora\/?p=882"},"modified":"2019-07-05T10:55:29","modified_gmt":"2019-07-05T13:55:29","slug":"sons-da-noite-musical-os-saltimbancos-estreia-em-11-de-julho-no-ccbb","status":"publish","type":"post","link":"https:\/\/blogs.correiobraziliense.com.br\/trilhasonora\/sons-da-noite-musical-os-saltimbancos-estreia-em-11-de-julho-no-ccbb\/","title":{"rendered":"Sons da Noite: Musical Os Saltimbancos estreia em 11 de julho no CCBB"},"content":{"rendered":"<h3>Confira a coluna Sons da Noite desta sexta-feira (5\/7) publicada no Divirta-se Mais<\/h3>\n<p><strong>Pela fraternidade<\/strong><\/p>\n<p>Cl\u00e1ssico do teatro brasileiro, o musical <em>Os Saltimbancos<\/em>, adapta\u00e7\u00e3o do conto <em>Os M\u00fasicos de Bremem<\/em>, dos irm\u00e3os Jacob e Wilhelm Grimm, feito por Chico Buarque, estar\u00e1 em cartaz de 11 pr\u00f3ximo a 4 de agosto, no Centro Cultural Banco do Brasil, com sess\u00f5es de quinta-feira a domingo \u2014 sempre \u00e0s 16h.<\/p>\n<p>O espet\u00e1culo, uma releitura do diretor Hugo Rodas \u2014 para celebrar seus 80 anos \u2014, cumpriu temporada h\u00e1 quatro d\u00e9cadas no Teatro Garagem, foi encenada pelo extinto Grupo Pit\u00fa e tornou-se uma refer\u00eancia na hist\u00f3ria das artes c\u00eanicas brasiliense. Agora, ganha nova montagem com a Agrupa\u00e7\u00e3o Teatral Amacaca.<\/p>\n<p>A pe\u00e7a com elementos de teatro, dan\u00e7a, circo e m\u00fasica, na qual bichos \u2014 gata, galinha, cachorro e jumento, que se juntam para formar uma banda \u2014, trata de humanidades como uni\u00e3o, fraternidade, empatia, sonhos e perseveran\u00e7a. Tudo isso guiado por um fio condutor: o desejo de um mundo melhor e mais justo. Classifica\u00e7\u00e3o indicativa livre.<\/p>\n<p><strong>Eu recomendo<\/strong><br \/>\nCantora carioca, revelada pelo Clube da Bossa, Ana Studart \u00e9 a atra\u00e7\u00e3o de s\u00e1bado (6\/7), \u00e0s 21h, no Feiti\u00e7o Mineiro (306 Norte). Acompanhada pelo pianista Marcus Vinicius Fonseca, ela passear\u00e1 por can\u00e7\u00f5es marcantes da hist\u00f3ria da MPB, criadas por Ary Barroso, Dorival Caymmi, Tito Madi e Dolores Duran, e tamb\u00e9m da mineira-brasiliense M\u00e1rcia Tauil, que dirige o show. N\u00e3o recomendado para menores de 18 anos.<\/p>\n<p><strong>Guitarra blueseira<\/strong><br \/>\nRefer\u00eancia mundial do blues, o guitarrista norte-americano Robert Cray cumpre turn\u00ea por oito capitais brasileiras, pelo Festival BB Seguros de Blues e Jazz, a partir de 27 pr\u00f3ximo, em S\u00e3o Paulo. Em 2 de agosto, acompanhado por sua banda, ele faz show \u2014 gratuito \u2014 no Parque da Cidade. Classifica\u00e7\u00e3o indicativa livre.<\/p>\n<p><strong>Em tributo<\/strong><br \/>\nDe volta \u00e0 capital no dia 27 deste m\u00eas, a cantora Fabiana Cozza presta tributo a Dona Ivone Lara, no Espa\u00e7o Cultural do Choro. No show<em> Canto da noite na boca do vento<\/em>, ela interpreta <em>Algu\u00e9m me avisou<\/em>, <em>Enredo do meu samba<\/em> e <em>Sonho meu<\/em>, cl\u00e1ssicos do repert\u00f3rio da homenageada. N\u00e3o recomendado para menores e 14 anos.<\/p>\n<p><strong>Disco music<\/strong><br \/>\nDepois de cumprir temporada de sucesso no UK Music Hall, a BSB Disco Club estreia no dia 20 pr\u00f3ximo no pub da 305 Norte (antigo Poiz\u00e9). Agora com novo integrante, o guitarrista Beto P\u00e9res, a banda revisita cl\u00e1ssicos da disco music, soul e pop nacional e internacional. N\u00e3o recomendado para menores de 18 anos.<\/p>\n<p><strong>Para celebrar<\/strong><br \/>\nOs 90 anos da m\u00fasica caipira ser\u00e3o comemorados em breve durante o Encontro de Violeiros e Violeiras do DF, no complexo cultural de Planaltina. No dia 19, a dupla Z\u00e9 Mulato &amp; Cassiano far\u00e1 a abertura da programa\u00e7\u00e3o, que ter\u00e1 shows de As Galv\u00e3o e de Roberto Corr\u00eaa, no dia 20, com entrada franca. Classifica\u00e7\u00e3o indicativa livre.<\/p>\n<p><strong>Brega dan\u00e7ante<\/strong><br \/>\nOs 10 anos da banda Brega &amp; Rosas ser\u00e3o comemorados no dia 12 pr\u00f3ximo, \u00e0s 22h, no Outro Calaf (Setor Banc\u00e1rio Sul), com show em que p\u00e9rolas do repert\u00f3rio de Reginaldo Rossi, Raimundo Fagner, Pepeu Gomes e Ritchie ganhar\u00e3o vers\u00f5es dan\u00e7antes.Nesta apresenta\u00e7\u00e3o, o grupo ter\u00e1 como convidados alguns integrantes do bloco carnavalesco Divinas Tetas. N\u00e3o recomendado para menores de 18 anos.<\/p>\n<p><strong>MPB contempor\u00e2nea<\/strong><\/p>\n<figure id=\"attachment_884\" aria-describedby=\"caption-attachment-884\" style=\"width: 800px\" class=\"wp-caption aligncenter\"><img loading=\"lazy\" decoding=\"async\" class=\"size-full wp-image-884\" src=\"https:\/\/blogs.correiobraziliense.com.br\/trilhasonora\/wp-content\/uploads\/sites\/39\/2019\/07\/CBIFOT150220190095.jpg\" alt=\"\" width=\"800\" height=\"581\" srcset=\"https:\/\/blogs.correiobraziliense.com.br\/trilhasonora\/wp-content\/uploads\/sites\/39\/2019\/07\/CBIFOT150220190095.jpg 800w, https:\/\/blogs.correiobraziliense.com.br\/trilhasonora\/wp-content\/uploads\/sites\/39\/2019\/07\/CBIFOT150220190095-300x218.jpg 300w, https:\/\/blogs.correiobraziliense.com.br\/trilhasonora\/wp-content\/uploads\/sites\/39\/2019\/07\/CBIFOT150220190095-768x558.jpg 768w, https:\/\/blogs.correiobraziliense.com.br\/trilhasonora\/wp-content\/uploads\/sites\/39\/2019\/07\/CBIFOT150220190095-550x399.jpg 550w, https:\/\/blogs.correiobraziliense.com.br\/trilhasonora\/wp-content\/uploads\/sites\/39\/2019\/07\/CBIFOT150220190095-230x167.jpg 230w\" sizes=\"auto, (max-width: 800px) 100vw, 800px\" \/><figcaption id=\"caption-attachment-884\" class=\"wp-caption-text\">Cr\u00e9dito: AFP \/ John MACDOUGALL. Seu Jorge<\/figcaption><\/figure>\n<p>Dois nomes destacados da MPB contempor\u00e2nea, o cantor e compositor Seu Jorge e o violonista Pretinho da Serrinha fazem recital de voz e viol\u00e3o no dia 13, \u00e0s 21h30, no audit\u00f3rio master do Centro de Conven\u00e7\u00f5es Ulysses Guimar\u00e3es. Sucessos como<em> Amiga da minha mulher<\/em>, <em>Burguesinha<\/em>,<em> Mina do condom\u00ednio<\/em> e<em> Tanta saudade<\/em> est\u00e3o no repert\u00f3rio do show. N\u00e3o recomendado para menores de 14 anos.<\/p>\n","protected":false},"excerpt":{"rendered":"<p>Confira a coluna Sons da Noite desta sexta-feira (5\/7) publicada no Divirta-se Mais<\/p>\n","protected":false},"author":84,"featured_media":883,"comment_status":"open","ping_status":"open","sticky":false,"template":"","format":"standard","meta":{"footnotes":""},"categories":[27],"tags":[],"class_list":["post-882","post","type-post","status-publish","format-standard","has-post-thumbnail","hentry","category-coluna-sons-da-noite"],"_links":{"self":[{"href":"https:\/\/blogs.correiobraziliense.com.br\/trilhasonora\/wp-json\/wp\/v2\/posts\/882","targetHints":{"allow":["GET"]}}],"collection":[{"href":"https:\/\/blogs.correiobraziliense.com.br\/trilhasonora\/wp-json\/wp\/v2\/posts"}],"about":[{"href":"https:\/\/blogs.correiobraziliense.com.br\/trilhasonora\/wp-json\/wp\/v2\/types\/post"}],"author":[{"embeddable":true,"href":"https:\/\/blogs.correiobraziliense.com.br\/trilhasonora\/wp-json\/wp\/v2\/users\/84"}],"replies":[{"embeddable":true,"href":"https:\/\/blogs.correiobraziliense.com.br\/trilhasonora\/wp-json\/wp\/v2\/comments?post=882"}],"version-history":[{"count":2,"href":"https:\/\/blogs.correiobraziliense.com.br\/trilhasonora\/wp-json\/wp\/v2\/posts\/882\/revisions"}],"predecessor-version":[{"id":886,"href":"https:\/\/blogs.correiobraziliense.com.br\/trilhasonora\/wp-json\/wp\/v2\/posts\/882\/revisions\/886"}],"wp:featuredmedia":[{"embeddable":true,"href":"https:\/\/blogs.correiobraziliense.com.br\/trilhasonora\/wp-json\/wp\/v2\/media\/883"}],"wp:attachment":[{"href":"https:\/\/blogs.correiobraziliense.com.br\/trilhasonora\/wp-json\/wp\/v2\/media?parent=882"}],"wp:term":[{"taxonomy":"category","embeddable":true,"href":"https:\/\/blogs.correiobraziliense.com.br\/trilhasonora\/wp-json\/wp\/v2\/categories?post=882"},{"taxonomy":"post_tag","embeddable":true,"href":"https:\/\/blogs.correiobraziliense.com.br\/trilhasonora\/wp-json\/wp\/v2\/tags?post=882"}],"curies":[{"name":"wp","href":"https:\/\/api.w.org\/{rel}","templated":true}]}}