{"id":822,"date":"2019-05-10T08:00:26","date_gmt":"2019-05-10T11:00:26","guid":{"rendered":"https:\/\/blogs.correiobraziliense.com.br\/trilhasonora\/?p=822"},"modified":"2019-05-09T17:17:52","modified_gmt":"2019-05-09T20:17:52","slug":"sons-da-noite-pele-do-futuro-show-de-gal-costa-chega-a-brasilia-em-julho","status":"publish","type":"post","link":"https:\/\/blogs.correiobraziliense.com.br\/trilhasonora\/sons-da-noite-pele-do-futuro-show-de-gal-costa-chega-a-brasilia-em-julho\/","title":{"rendered":"Sons da Noite: Pele do futuro, show de Gal Costa, chega a Bras\u00edlia em julho"},"content":{"rendered":"<h3>Confira a coluna Sons da Noite publicada nesta sexta-feira (10\/5) no caderno Divirta-se Mais<\/h3>\n<p><strong>Musa tropicalista<\/strong><br \/>\nAclamada pelo p\u00fablico na turn\u00ea que vem fazendo pelo pa\u00eds com o show <em>Pele do futuro<\/em> \u2014 nome tamb\u00e9m do seu mais recente CD \u2014 Gal Costa chega a Bras\u00edlia em 6 de julho, para apresenta\u00e7\u00e3o no audit\u00f3rio master do Centro de Conven\u00e7\u00f5es Ulysses Guimar\u00e3es. <a href=\"https:\/\/www.correiobraziliense.com.br\/app\/noticia\/diversao-e-arte\/2019\/05\/08\/interna_diversao_arte,753747\/ingressos-do-show-de-gal-costa-em-brasilia.shtml\">Os ingressos est\u00e3o \u00e0 venda no local do espet\u00e1culo e pelo site Ingresso R\u00e1pido<\/a>.<\/p>\n<p>Acompanhada por banda formada por Pedro S\u00e1 (guitarra), Lucas Martins (baixo), Hugo Hori (sax e flauta) e Chic\u00e3o (tecladas), a musa da Tropic\u00e1lia passeia por repert\u00f3rio que inclui novas can\u00e7\u00f5es como o blues <em>M\u00e3e de todas as vozes<\/em> (Nando Reis), o ijex\u00e1 <em>Realmente lindo<\/em> (Tim Bernardes) e a balada <em>Viagem passageira<\/em> (Gilberto Gil), que se juntam aos cl\u00e1ssicos <em>Sua estupidez<\/em> (Roberto e Erasmo Carlos), <em>D\u00ea um rol\u00ea<\/em> (Moraes Moreira e Luiz Galv\u00e3o), <em>London London<\/em> (Caetano Veloso) e<em> Volta<\/em> (Lupic\u00ednio Rodrigues). N\u00e3o recomendado para menores de 12 anos.<\/p>\n<p><strong>Eu recomendo<\/strong><br \/>\nO projeto Sesc Tributos celebra, neste final de semana, a Jovem Guarda. Sexta-feira (10\/5), \u00e0s 20h, no Espa\u00e7o Ary Barroso (Esta\u00e7\u00e3o Sesc 504 Sul), a cantora C\u00e9lia Rabelo homenageia Wanderlea, interpretando sucessos da Ternurinha. S\u00e1bado (11), a atra\u00e7\u00e3o \u00e9 o cantor Wanderley Cardoso, um dos \u00edcones do movimento, que faz show no mesmo hor\u00e1rio. A entrada \u00e9 franca. Classifica\u00e7\u00e3o indicativa livre.<\/p>\n<p><strong>Esta\u00e7\u00e3o primeira<\/strong><br \/>\nO sambista Dudu Nobre e a bateria, passistas e destaques da Mangueira \u2014 campe\u00e3 do carnaval carioca de 2019, com o enredo <em>Hist\u00f3ria para ninar gente grande<\/em> \u2014 agitam a Feijoada Beira Lago, no dia 19 pr\u00f3ximo, na AABB. H\u00e1 a participa\u00e7\u00e3o do grupo brasiliense Di Prop\u00f3sito. N\u00e3o recomendado para menores de 16 anos.<\/p>\n<p><strong>Outro olhar<\/strong><br \/>\nO duo NU\u2019ZS, formado por Marc\u00ea Porena e Max Silva, faz o show <em>Chico Buarque \u2013 Um outro olhar<\/em> nos dias 18 e 19 pr\u00f3ximos, \u00e0s 20h, no Teatro S\u00edlvio Barbato (Setor Comercial Sul). Na releitura de can\u00e7\u00f5es do compositor carioca, como <em>Cotidiano<\/em>,<em> Jo\u00e3o e Maria<\/em> e <em>Geni e o zepelim<\/em>, eles utilizam sintetizadores, batidas eletr\u00f4nicas e guitarras. N\u00e3o recomendado para menores de 16 anos.<\/p>\n<p><strong>Nova cena<\/strong><br \/>\nO cantor e compositor paulista Rodrigo Alarcon e a cantora e compositora capixaba Gavi, da nova cena musical brasileira, v\u00eam \u00e0 capital no dia 15 pr\u00f3ximo para apresenta\u00e7\u00e3o no Pier 21. A abertura fica por conta dos brasilienses Paulo Chaves e Natalia Carreira. A entrada \u00e9 franca. Classifica\u00e7\u00e3o indicativa livre.<\/p>\n<p><strong>Musicista premiado<\/strong><br \/>\nRaphael Sudan, mestre em piano cl\u00e1ssico, \u00e9 a atra\u00e7\u00e3o do projeto <em>Sextas musicais<\/em>, da Casa Thomas Jefferson Hall (706\/906 Sul), sexta, \u00e0s 20h. No concerto, o premiado musicista, destaque no circuito internacional, interpreta obras de Johann Sebastian Bach, Ludwig van Beethoven e Franz Liszt. A entrada \u00e9 franca. Classifica\u00e7\u00e3o indicativa livre.<\/p>\n<p><strong>Dupla jornada<\/strong><br \/>\nGrupo que conquistou uma legi\u00e3o de admiradores em Bras\u00edlia, o Sabor de Cuba cumpre dupla jornada neste final de semana, apresentando-se sexta, \u00e0s 21h30, no Feiti\u00e7o Mineiro (306 Norte) e amanh\u00e3, no Clube do Choro (Eixo Monumental). Em ambos os shows, Felix Valoy Jr, Gumercindo Reyes, Ofelia Gonzalez, Manuel Rodrigo, Breno Batista, Wellison Kleber, L\u00e9o Torres e Ricardo Vieira tocam ritmos caribenhos como son cubano, salsa, merengue, rumba, bolero e cumbia. N\u00e3o recomendado para menores de 18 anos (no Feiti\u00e7o) e 14 anos (Clube do Choro).<\/p>\n<p><strong>Samba de M\u00e3inha<\/strong><\/p>\n<figure id=\"attachment_823\" aria-describedby=\"caption-attachment-823\" style=\"width: 800px\" class=\"wp-caption aligncenter\"><img loading=\"lazy\" decoding=\"async\" class=\"size-full wp-image-823\" src=\"https:\/\/blogs.correiobraziliense.com.br\/trilhasonora\/wp-content\/uploads\/sites\/39\/2019\/05\/CBNFOT070520190066.jpg\" alt=\"\" width=\"800\" height=\"533\" srcset=\"https:\/\/blogs.correiobraziliense.com.br\/trilhasonora\/wp-content\/uploads\/sites\/39\/2019\/05\/CBNFOT070520190066.jpg 800w, https:\/\/blogs.correiobraziliense.com.br\/trilhasonora\/wp-content\/uploads\/sites\/39\/2019\/05\/CBNFOT070520190066-300x200.jpg 300w, https:\/\/blogs.correiobraziliense.com.br\/trilhasonora\/wp-content\/uploads\/sites\/39\/2019\/05\/CBNFOT070520190066-768x512.jpg 768w, https:\/\/blogs.correiobraziliense.com.br\/trilhasonora\/wp-content\/uploads\/sites\/39\/2019\/05\/CBNFOT070520190066-550x366.jpg 550w, https:\/\/blogs.correiobraziliense.com.br\/trilhasonora\/wp-content\/uploads\/sites\/39\/2019\/05\/CBNFOT070520190066-230x153.jpg 230w\" sizes=\"auto, (max-width: 800px) 100vw, 800px\" \/><figcaption id=\"caption-attachment-823\" class=\"wp-caption-text\">Cr\u00e9dito: Guto Martins\/Divulga\u00e7\u00e3o. Cantora Cris Pereira.<\/figcaption><\/figure>\n<p>Clementina de Jesus, Dona Ivone Lara, Elza Soares, Beth Carvalho, Dona Zica, Tia Vicentina e Tia Maria s\u00e3o algumas das matriarcas do samba que o grupo 7 na Roda homenageia no Samba de M\u00e3inha, em comemora\u00e7\u00e3o ao Dia das M\u00e3es, neste domingo, a partir das 16h, no C\u00edrculo Oper\u00e1rio (Cruzeiro Velho). O grupo tem como convidadas as sambistas brasilienses Cris Pereira (<strong>foto<\/strong>) e Kris Maciel. N\u00e3o recomendado para menores de 16 anos.<\/p>\n","protected":false},"excerpt":{"rendered":"<p>Confira a coluna Sons da Noite publicada nesta sexta-feira (10\/5) no caderno Divirta-se Mais Musa tropicalista Aclamada pelo p\u00fablico na turn\u00ea que vem fazendo pelo pa\u00eds com o show Pele do futuro \u2014 nome tamb\u00e9m do seu mais recente CD \u2014 Gal Costa chega a Bras\u00edlia em 6 de julho, para apresenta\u00e7\u00e3o no audit\u00f3rio master do Centro de Conven\u00e7\u00f5es Ulysses [&hellip;]<\/p>\n","protected":false},"author":84,"featured_media":824,"comment_status":"open","ping_status":"open","sticky":false,"template":"","format":"standard","meta":{"footnotes":""},"categories":[27],"tags":[],"class_list":["post-822","post","type-post","status-publish","format-standard","has-post-thumbnail","hentry","category-coluna-sons-da-noite"],"_links":{"self":[{"href":"https:\/\/blogs.correiobraziliense.com.br\/trilhasonora\/wp-json\/wp\/v2\/posts\/822","targetHints":{"allow":["GET"]}}],"collection":[{"href":"https:\/\/blogs.correiobraziliense.com.br\/trilhasonora\/wp-json\/wp\/v2\/posts"}],"about":[{"href":"https:\/\/blogs.correiobraziliense.com.br\/trilhasonora\/wp-json\/wp\/v2\/types\/post"}],"author":[{"embeddable":true,"href":"https:\/\/blogs.correiobraziliense.com.br\/trilhasonora\/wp-json\/wp\/v2\/users\/84"}],"replies":[{"embeddable":true,"href":"https:\/\/blogs.correiobraziliense.com.br\/trilhasonora\/wp-json\/wp\/v2\/comments?post=822"}],"version-history":[{"count":1,"href":"https:\/\/blogs.correiobraziliense.com.br\/trilhasonora\/wp-json\/wp\/v2\/posts\/822\/revisions"}],"predecessor-version":[{"id":825,"href":"https:\/\/blogs.correiobraziliense.com.br\/trilhasonora\/wp-json\/wp\/v2\/posts\/822\/revisions\/825"}],"wp:featuredmedia":[{"embeddable":true,"href":"https:\/\/blogs.correiobraziliense.com.br\/trilhasonora\/wp-json\/wp\/v2\/media\/824"}],"wp:attachment":[{"href":"https:\/\/blogs.correiobraziliense.com.br\/trilhasonora\/wp-json\/wp\/v2\/media?parent=822"}],"wp:term":[{"taxonomy":"category","embeddable":true,"href":"https:\/\/blogs.correiobraziliense.com.br\/trilhasonora\/wp-json\/wp\/v2\/categories?post=822"},{"taxonomy":"post_tag","embeddable":true,"href":"https:\/\/blogs.correiobraziliense.com.br\/trilhasonora\/wp-json\/wp\/v2\/tags?post=822"}],"curies":[{"name":"wp","href":"https:\/\/api.w.org\/{rel}","templated":true}]}}