{"id":818,"date":"2019-05-08T18:46:49","date_gmt":"2019-05-08T21:46:49","guid":{"rendered":"https:\/\/blogs.correiobraziliense.com.br\/trilhasonora\/?p=818"},"modified":"2019-05-08T18:46:49","modified_gmt":"2019-05-08T21:46:49","slug":"canto-de-amor-a-vinicius","status":"publish","type":"post","link":"https:\/\/blogs.correiobraziliense.com.br\/trilhasonora\/canto-de-amor-a-vinicius\/","title":{"rendered":"Canto de amor a Vinicius"},"content":{"rendered":"<p>Mart&#8217;n\u00e1lia lan\u00e7a CD dedicado ao compositor. Na inf\u00e2ncia, ela ouvia o pai assobiar as can\u00e7\u00f5es do poetinha e viu a m\u00e3e mandar muitos para Tonga da Mironga do Kabulet\u00ea quando estava brava. <a href=\"https:\/\/www.correiobraziliense.com.br\/app\/noticia\/diversao-e-arte\/2019\/05\/08\/interna_diversao_arte,753686\/mart-nalia-lanca-12-cd-totalmente-dedicado-a-obra-de-vinicius-de-mor.shtml\">Confira a mat\u00e9ria publicada nesta quarta-feira (8\/5) no caderno Divers\u00e3o &amp; Arte do <strong>Correio Braziliense<\/strong><\/a><\/p>\n<p><img loading=\"lazy\" decoding=\"async\" class=\"aligncenter size-large wp-image-819\" src=\"https:\/\/blogs.correiobraziliense.com.br\/trilhasonora\/wp-content\/uploads\/sites\/39\/2019\/05\/CXX01-0805-1-541x1024.jpg\" alt=\"\" width=\"541\" height=\"1024\" srcset=\"https:\/\/blogs.correiobraziliense.com.br\/trilhasonora\/wp-content\/uploads\/sites\/39\/2019\/05\/CXX01-0805-1-541x1024.jpg 541w, https:\/\/blogs.correiobraziliense.com.br\/trilhasonora\/wp-content\/uploads\/sites\/39\/2019\/05\/CXX01-0805-1-158x300.jpg 158w, https:\/\/blogs.correiobraziliense.com.br\/trilhasonora\/wp-content\/uploads\/sites\/39\/2019\/05\/CXX01-0805-1-768x1454.jpg 768w, https:\/\/blogs.correiobraziliense.com.br\/trilhasonora\/wp-content\/uploads\/sites\/39\/2019\/05\/CXX01-0805-1-550x1041.jpg 550w, https:\/\/blogs.correiobraziliense.com.br\/trilhasonora\/wp-content\/uploads\/sites\/39\/2019\/05\/CXX01-0805-1-230x435.jpg 230w, https:\/\/blogs.correiobraziliense.com.br\/trilhasonora\/wp-content\/uploads\/sites\/39\/2019\/05\/CXX01-0805-1.jpg 1200w\" sizes=\"auto, (max-width: 541px) 100vw, 541px\" \/><\/p>\n","protected":false},"excerpt":{"rendered":"<p>Mart&#8217;n\u00e1lia lan\u00e7a CD dedicado ao compositor. Na inf\u00e2ncia, ela ouvia o pai assobiar as can\u00e7\u00f5es do poetinha e viu a m\u00e3e mandar muitos para Tonga da Mironga do Kabulet\u00ea quando estava brava. Confira a mat\u00e9ria publicada nesta quarta-feira (8\/5) no caderno Divers\u00e3o &amp; Arte do Correio Braziliense<\/p>\n","protected":false},"author":84,"featured_media":0,"comment_status":"open","ping_status":"open","sticky":false,"template":"","format":"standard","meta":{"footnotes":""},"categories":[113],"tags":[],"class_list":["post-818","post","type-post","status-publish","format-standard","hentry","category-materia"],"_links":{"self":[{"href":"https:\/\/blogs.correiobraziliense.com.br\/trilhasonora\/wp-json\/wp\/v2\/posts\/818","targetHints":{"allow":["GET"]}}],"collection":[{"href":"https:\/\/blogs.correiobraziliense.com.br\/trilhasonora\/wp-json\/wp\/v2\/posts"}],"about":[{"href":"https:\/\/blogs.correiobraziliense.com.br\/trilhasonora\/wp-json\/wp\/v2\/types\/post"}],"author":[{"embeddable":true,"href":"https:\/\/blogs.correiobraziliense.com.br\/trilhasonora\/wp-json\/wp\/v2\/users\/84"}],"replies":[{"embeddable":true,"href":"https:\/\/blogs.correiobraziliense.com.br\/trilhasonora\/wp-json\/wp\/v2\/comments?post=818"}],"version-history":[{"count":1,"href":"https:\/\/blogs.correiobraziliense.com.br\/trilhasonora\/wp-json\/wp\/v2\/posts\/818\/revisions"}],"predecessor-version":[{"id":820,"href":"https:\/\/blogs.correiobraziliense.com.br\/trilhasonora\/wp-json\/wp\/v2\/posts\/818\/revisions\/820"}],"wp:attachment":[{"href":"https:\/\/blogs.correiobraziliense.com.br\/trilhasonora\/wp-json\/wp\/v2\/media?parent=818"}],"wp:term":[{"taxonomy":"category","embeddable":true,"href":"https:\/\/blogs.correiobraziliense.com.br\/trilhasonora\/wp-json\/wp\/v2\/categories?post=818"},{"taxonomy":"post_tag","embeddable":true,"href":"https:\/\/blogs.correiobraziliense.com.br\/trilhasonora\/wp-json\/wp\/v2\/tags?post=818"}],"curies":[{"name":"wp","href":"https:\/\/api.w.org\/{rel}","templated":true}]}}