{"id":812,"date":"2019-05-03T08:00:52","date_gmt":"2019-05-03T11:00:52","guid":{"rendered":"https:\/\/blogs.correiobraziliense.com.br\/trilhasonora\/?p=812"},"modified":"2019-05-02T10:38:20","modified_gmt":"2019-05-02T13:38:20","slug":"sons-da-noite-ivete-sangalo-traz-novo-show-para-brasilia-em-maio","status":"publish","type":"post","link":"https:\/\/blogs.correiobraziliense.com.br\/trilhasonora\/sons-da-noite-ivete-sangalo-traz-novo-show-para-brasilia-em-maio\/","title":{"rendered":"Sons da Noite: Ivete Sangalo traz novo show para Bras\u00edlia em maio"},"content":{"rendered":"<h3>Confira a coluna Sons da Noite desta sexta-feira (3\/5) publicada no caderno Divirta-se Mais<\/h3>\n<p><strong>Estrela Ivete<\/strong><\/p>\n<p>A ax\u00e9 music est\u00e1 novamente em alta na cidade, como comprovou o Festival Micar\u00ea, que reuniu 25 mil pessoas s\u00e1bado e domingo \u00faltimos, na \u00e1rea externa do Gin\u00e1sio Nilson Nelson. Os foli\u00f5es brasilienses agora est\u00e3o na expectativa do projeto A pra\u00e7a, dia 25 pr\u00f3ximo, no Parque da Cidade, que ter\u00e1 como atra\u00e7\u00e3o Ivete Sangalo. O show que a estrela da m\u00fasica brasileira apresentar\u00e1 \u00e9 o da <a href=\"https:\/\/blogs.correiobraziliense.com.br\/trilhasonora\/ivete-sangalo-lanca-integra-do-projeto-live-experience-em-sao-paulo\/\">turn\u00ea <em>Live experience<\/em><\/a>, que estreou em 26 de abril, no Espa\u00e7o das Am\u00e9ricas, em S\u00e3o Paulo. No repert\u00f3rio, h\u00e1 sucessos como <em>Eva<\/em>, <em>Dalila<\/em>, <em>Festa<\/em> e m\u00fasicas do novo DVD, entre elas,<em> Lambada (Corpo molinho)<\/em>, <em>O nosso amor venceu<\/em> e <em>Teleguiado<\/em>. N\u00e3o recomendado para menores de 16 anos.<\/p>\n<p><strong>Eu recomendo<\/strong><\/p>\n<p>A cantora pernambucana Meriele faz show ter\u00e7a-feira, \u00e0s 21h, no Espa\u00e7o Cultural do Choro, para lan\u00e7ar o CD <em>Sol dos amantes<\/em>, que traz m\u00fasicas como <em>Amor c\u00f3smico<\/em>, <em>L\u00e1bios de mel<\/em> e<em> Imensid\u00e3o<\/em>. Acompanhada por Cacau Alencar (viol\u00e3o e guitarra), Jo\u00e3o Santana (viol\u00e3o), Fernando Rodrigues (baixo), Dad\u00e1 Nunes (acordeon) e Carlos Pial (percuss\u00e3o), ela interpreta tamb\u00e9m composi\u00e7\u00f5es de Caetano Veloso, Gonzaguinha e Z\u00e9 Ramalho. N\u00e3o recomendado para menores de 14 anos.<\/p>\n<p><strong>Grandes int\u00e9rpretes<\/strong><\/p>\n<p>O Clube da Bossa retomar\u00e1 as atividades no dia 18 pr\u00f3ximo, no Teatro S\u00edlvio Barbato do Sesc (Setor Comercial Sul), com o show que reunir\u00e1 Leny Andrade e Z\u00e9 Luiz Mazziotti. Os dois grandes int\u00e9rprete da MPB ir\u00e3o passear por cl\u00e1ssicos da Bossa Nova. Classifica\u00e7\u00e3o indicativa livre.<\/p>\n<p><strong>Can\u00e7\u00f5es rom\u00e2nticas<\/strong><\/p>\n<p>Roberto Carlos ganha homenagem da Sr. Gonzales Serenata Orquestra em show comemorativo do Dias das M\u00e3es, dia 12, no Pier 21 (Avenida das Na\u00e7\u00f5es). O grupo, liderado por Andr\u00e9 Gonzales (ex-vocalista da banda M\u00f3veis Coloniais de Acaju), vai interpretar can\u00e7\u00f5es rom\u00e2nticas da obra do Rei. Classifica\u00e7\u00e3o indicativa livre.<\/p>\n<p><strong>Ra\u00edzes brasileiras<\/strong><\/p>\n<p>Shows de Felipe Rodrigues (dia 9), Roberto Corr\u00eaa (dia 10), Cacai Nunes (dia 11) e da Orquestra Alada Trov\u00e3o da Mata (dia 12) far\u00e3o parte da programa\u00e7\u00e3o art\u00edstica da 12\u00aa edi\u00e7\u00e3o do Sal\u00e3o do Artesanato, que ter\u00e1 como tema Ra\u00edzes brasileiras. O evento ocupar\u00e1 a \u00e1rea externa do shopping P\u00e1tio Brasil. A entrada \u00e9 franca, com classifica\u00e7\u00e3o indicativa livre.<\/p>\n<p><strong>Espa\u00e7o cultural<\/strong><\/p>\n<p>O duo instrumental formado por Ludmila Vinecka (violino) e Elza Kazuko (piano), o cantor e compositor Helder Nascimento e o flautista Toninho Alves ser\u00e3o destaques na inaugura\u00e7\u00e3o do Espa\u00e7o Cultural T-Bone (312 Norte), segunda-feira pr\u00f3xima, \u00e0s 19h. Haver\u00e1 ainda sarau de poetas e exposi\u00e7\u00e3o de artistas pl\u00e1sticos. Classifica\u00e7\u00e3o indicativa livre.<\/p>\n<p><strong>Samba-enredo<\/strong><\/p>\n<p>A Aruc est\u00e1 confiante na promessa do GDF de que o desfile das escolas de samba brasilienses voltar\u00e1 a ocorrer em 2020. Tanto \u00e9 assim que lan\u00e7ar\u00e1 seu samba-enredo neste domingo, com uma grande festa, em sua quadra no Cruzeiro Velho, a partir das 17h. A atra\u00e7\u00e3o principal \u00e9 o cantor e compositor Marquinhos de Oswaldo Cruz, criador do <em>Trem do Samba<\/em> e da <em>Feira das Yab\u00e1s<\/em>. N\u00e3o recomendado para menores de 18 anos.<\/p>\n<p><strong>Raimundos \u2013 25 anos<\/strong><\/p>\n<figure id=\"attachment_814\" aria-describedby=\"caption-attachment-814\" style=\"width: 800px\" class=\"wp-caption aligncenter\"><img loading=\"lazy\" decoding=\"async\" class=\"size-full wp-image-814\" src=\"https:\/\/blogs.correiobraziliense.com.br\/trilhasonora\/wp-content\/uploads\/sites\/39\/2019\/05\/CBPFOT280120160933.jpg\" alt=\"\" width=\"800\" height=\"533\" srcset=\"https:\/\/blogs.correiobraziliense.com.br\/trilhasonora\/wp-content\/uploads\/sites\/39\/2019\/05\/CBPFOT280120160933.jpg 800w, https:\/\/blogs.correiobraziliense.com.br\/trilhasonora\/wp-content\/uploads\/sites\/39\/2019\/05\/CBPFOT280120160933-300x200.jpg 300w, https:\/\/blogs.correiobraziliense.com.br\/trilhasonora\/wp-content\/uploads\/sites\/39\/2019\/05\/CBPFOT280120160933-768x512.jpg 768w, https:\/\/blogs.correiobraziliense.com.br\/trilhasonora\/wp-content\/uploads\/sites\/39\/2019\/05\/CBPFOT280120160933-550x366.jpg 550w, https:\/\/blogs.correiobraziliense.com.br\/trilhasonora\/wp-content\/uploads\/sites\/39\/2019\/05\/CBPFOT280120160933-230x153.jpg 230w\" sizes=\"auto, (max-width: 800px) 100vw, 800px\" \/><figcaption id=\"caption-attachment-814\" class=\"wp-caption-text\">Cr\u00e9dito: Ana Rayssa\/Esp. CB\/D.A. Press<\/figcaption><\/figure>\n<p>Em turn\u00ea pelo pa\u00eds com o show comemorativo dos 25 anos de carreira, os Raimundos retornam a Bras\u00edlia no dia 11 e se apresentam na Yurb (Setor de Clubes Sul). Dig\u00e3o (foto), Canisso, Marquim e Caio t\u00eam como convidados F\u00ea Lemos, Fl\u00e1vio Lemos, Andr\u00e9 Golha e Franklin Martins, tocando m\u00fasicas do Aborto El\u00e9trico; e a galera do bloco Eduardo e M\u00f4nica. N\u00e3o recomendado para menores de 18 anos.<\/p>\n","protected":false},"excerpt":{"rendered":"<p>Confira a coluna Sons da Noite desta sexta-feira (3\/5) publicada no caderno Divirta-se Mais Estrela Ivete A ax\u00e9 music est\u00e1 novamente em alta na cidade, como comprovou o Festival Micar\u00ea, que reuniu 25 mil pessoas s\u00e1bado e domingo \u00faltimos, na \u00e1rea externa do Gin\u00e1sio Nilson Nelson. Os foli\u00f5es brasilienses agora est\u00e3o na expectativa do projeto A pra\u00e7a, dia 25 pr\u00f3ximo, [&hellip;]<\/p>\n","protected":false},"author":84,"featured_media":813,"comment_status":"open","ping_status":"open","sticky":false,"template":"","format":"standard","meta":{"footnotes":""},"categories":[27],"tags":[],"class_list":["post-812","post","type-post","status-publish","format-standard","has-post-thumbnail","hentry","category-coluna-sons-da-noite"],"_links":{"self":[{"href":"https:\/\/blogs.correiobraziliense.com.br\/trilhasonora\/wp-json\/wp\/v2\/posts\/812","targetHints":{"allow":["GET"]}}],"collection":[{"href":"https:\/\/blogs.correiobraziliense.com.br\/trilhasonora\/wp-json\/wp\/v2\/posts"}],"about":[{"href":"https:\/\/blogs.correiobraziliense.com.br\/trilhasonora\/wp-json\/wp\/v2\/types\/post"}],"author":[{"embeddable":true,"href":"https:\/\/blogs.correiobraziliense.com.br\/trilhasonora\/wp-json\/wp\/v2\/users\/84"}],"replies":[{"embeddable":true,"href":"https:\/\/blogs.correiobraziliense.com.br\/trilhasonora\/wp-json\/wp\/v2\/comments?post=812"}],"version-history":[{"count":1,"href":"https:\/\/blogs.correiobraziliense.com.br\/trilhasonora\/wp-json\/wp\/v2\/posts\/812\/revisions"}],"predecessor-version":[{"id":815,"href":"https:\/\/blogs.correiobraziliense.com.br\/trilhasonora\/wp-json\/wp\/v2\/posts\/812\/revisions\/815"}],"wp:featuredmedia":[{"embeddable":true,"href":"https:\/\/blogs.correiobraziliense.com.br\/trilhasonora\/wp-json\/wp\/v2\/media\/813"}],"wp:attachment":[{"href":"https:\/\/blogs.correiobraziliense.com.br\/trilhasonora\/wp-json\/wp\/v2\/media?parent=812"}],"wp:term":[{"taxonomy":"category","embeddable":true,"href":"https:\/\/blogs.correiobraziliense.com.br\/trilhasonora\/wp-json\/wp\/v2\/categories?post=812"},{"taxonomy":"post_tag","embeddable":true,"href":"https:\/\/blogs.correiobraziliense.com.br\/trilhasonora\/wp-json\/wp\/v2\/tags?post=812"}],"curies":[{"name":"wp","href":"https:\/\/api.w.org\/{rel}","templated":true}]}}