{"id":773,"date":"2019-04-12T16:25:46","date_gmt":"2019-04-12T19:25:46","guid":{"rendered":"https:\/\/blogs.correiobraziliense.com.br\/trilhasonora\/?p=773"},"modified":"2019-04-12T17:57:11","modified_gmt":"2019-04-12T20:57:11","slug":"ivete-sangalo-lanca-integra-do-projeto-live-experience-em-sao-paulo","status":"publish","type":"post","link":"https:\/\/blogs.correiobraziliense.com.br\/trilhasonora\/ivete-sangalo-lanca-integra-do-projeto-live-experience-em-sao-paulo\/","title":{"rendered":"Ivete Sangalo lan\u00e7a \u00edntegra do projeto Live Experience em S\u00e3o Paulo"},"content":{"rendered":"<h3>O DVD foi gravado em 8 de dezembro do ano passado, no Allianz Parque<\/h3>\n<p>O \u00e1udio do <em>Live Experience<\/em>, o novo projeto de Ivete Sangalo, a maior estrela da m\u00fasica popular brasileira, foi disponibilizado nesta sexta-feira (12\/4), na \u00edntegra, em todas as plataformas digitais, al\u00e9m do segundo bloco audiovisual do DVD. Gravado no Allianz Parque (a arena do Palmeiras), em S\u00e3o Paulo, no dia 8 de dezembro de 2018. O DVD contou com cen\u00e1rio de Gringo Cardia, que acompanhava as mudan\u00e7as no repert\u00f3rio e interagia com a cantora, os bailarinos e o p\u00fablico a cada can\u00e7\u00e3o<\/p>\n<p>Ela teve em sua companhia a banda formada por Leo Brasileiro (guitarra), Marcelo Leone (sax), Helber M\u00e1rio e M\u00e1rcio Brasil (percuss\u00e3o), Rodinei (trompete), Diego Freitas (bateria), Gigi (contrabaixo), Kaun\u00e3 do Gege e Cara de Cobra (percuss\u00e3o), Hugo Samboni (trompete), e Radam\u00e9s Ven\u00e2ncio (teclados), que dividiu a dire\u00e7\u00e3o musical com Ivete.<\/p>\n<p>Ao comentar o lan\u00e7amento, a artista baiana disse: &#8220;Cada uma dessas can\u00e7\u00f5es tem um significado especial para mim. A abertura do DVD foi permeado por m\u00fasicas que s\u00e3o emblem\u00e1ticas na minha carreira. Embora <em>Essa dist\u00e2ncia<\/em> pare\u00e7a ser in\u00e9dita, ela faz parte do universo dos zamuris (express\u00e3o usada por Ivete para se referir aos seus seguidores). Meus f\u00e3s amam e eles pediram que eu a colocasse no show. <em>O nosso amor venceu<\/em> \u00e9 uma parceria minha com Gigi. Ele veio com a ideia de final feliz, algo que queria cantar com Mar\u00edlia Mendon\u00e7a, uma grande int\u00e9rprete e compositora muito especial&#8221;.<\/p>\n<figure id=\"attachment_775\" aria-describedby=\"caption-attachment-775\" style=\"width: 589px\" class=\"wp-caption aligncenter\"><img loading=\"lazy\" decoding=\"async\" class=\"size-full wp-image-775\" src=\"https:\/\/blogs.correiobraziliense.com.br\/trilhasonora\/wp-content\/uploads\/sites\/39\/2019\/04\/image001-2.jpg\" alt=\"\" width=\"589\" height=\"589\" srcset=\"https:\/\/blogs.correiobraziliense.com.br\/trilhasonora\/wp-content\/uploads\/sites\/39\/2019\/04\/image001-2.jpg 589w, https:\/\/blogs.correiobraziliense.com.br\/trilhasonora\/wp-content\/uploads\/sites\/39\/2019\/04\/image001-2-150x150.jpg 150w, https:\/\/blogs.correiobraziliense.com.br\/trilhasonora\/wp-content\/uploads\/sites\/39\/2019\/04\/image001-2-300x300.jpg 300w, https:\/\/blogs.correiobraziliense.com.br\/trilhasonora\/wp-content\/uploads\/sites\/39\/2019\/04\/image001-2-550x550.jpg 550w, https:\/\/blogs.correiobraziliense.com.br\/trilhasonora\/wp-content\/uploads\/sites\/39\/2019\/04\/image001-2-230x230.jpg 230w\" sizes=\"auto, (max-width: 589px) 100vw, 589px\" \/><figcaption id=\"caption-attachment-775\" class=\"wp-caption-text\">Cr\u00e9dito: Rubens Cerqueira\/Divulga\u00e7\u00e3o<\/figcaption><\/figure>\n<p>Outras m\u00fasicas in\u00e9ditas s\u00e3o: <em>Gota no oceano<\/em> (com a participa\u00e7\u00e3o de Ferrugem);\u00a0<em>Mainha gosta assim<\/em>, em que Ivete divide a interpreta\u00e7\u00e3o com L\u00e9o Santana; e <em>Meu peito dispara<\/em> (outra parceria com Gigi), que Ivete comp\u00f4s quando estava gr\u00e1vida das g\u00eameas. J\u00e1 <em>Um sinal<\/em>, garantiu o pr\u00eamio de Single de Ouro para estrela.<\/p>\n<p>Com Cl\u00e1udia Leite, outra convidada, Ivete fez dueto na sensual <em>Lambada (Corpo molinho)<\/em>, escrita por Smir e Tierry. O DVD traz ainda as can\u00e7\u00f5es Oba, se joga (Ivete, Gigi e Radam\u00e9s Ven\u00e2ncio), <em>Lambada da del\u00edcia<\/em> (Ger\u00f4nimo e Bego), <em>Cad\u00ea meu coco<\/em> (Carlinhos Beown). Em duo com o cantor espanhol Alejandro Sanz, Ivete canta <em>Quisera ser<\/em> (Carlos Larae Pefro Dimi\u00e1n).<\/p>\n<p><iframe loading=\"lazy\" title=\"Ivete Sangalo - Essa Dist\u00e2ncia (Ao Vivo Em S\u00e3o Paulo \/ 2018)\" width=\"1440\" height=\"810\" src=\"https:\/\/www.youtube.com\/embed\/imwRtzrgXDs?feature=oembed\" frameborder=\"0\" allow=\"accelerometer; autoplay; clipboard-write; encrypted-media; gyroscope; picture-in-picture; web-share\" referrerpolicy=\"strict-origin-when-cross-origin\" allowfullscreen><\/iframe><\/p>\n<p>O DVD conta ainda com sucessos como <em>Teleguiado<\/em>, <em>Dalila<\/em>, <em>Nabucodonozor<\/em>, <em>Delira na Guajira<\/em>, <em>Margarida perfumada<\/em>, <em>Chupa toda<\/em>, <em>Gostava tanto de voc\u00ea<\/em>, <em>Al\u00e9m do horizonte<\/em>,<em> Frisson<\/em>, <em>Levada louca<\/em>, <em>Eva<\/em>, <em>Festa<\/em> e <em>Sorte grande<\/em>.<\/p>\n","protected":false},"excerpt":{"rendered":"<p>O material foi gravado em 8 de dezembro do ano passado, no Allianz Parque<\/p>\n","protected":false},"author":84,"featured_media":774,"comment_status":"open","ping_status":"open","sticky":false,"template":"","format":"standard","meta":{"footnotes":""},"categories":[113],"tags":[],"class_list":["post-773","post","type-post","status-publish","format-standard","has-post-thumbnail","hentry","category-materia"],"_links":{"self":[{"href":"https:\/\/blogs.correiobraziliense.com.br\/trilhasonora\/wp-json\/wp\/v2\/posts\/773","targetHints":{"allow":["GET"]}}],"collection":[{"href":"https:\/\/blogs.correiobraziliense.com.br\/trilhasonora\/wp-json\/wp\/v2\/posts"}],"about":[{"href":"https:\/\/blogs.correiobraziliense.com.br\/trilhasonora\/wp-json\/wp\/v2\/types\/post"}],"author":[{"embeddable":true,"href":"https:\/\/blogs.correiobraziliense.com.br\/trilhasonora\/wp-json\/wp\/v2\/users\/84"}],"replies":[{"embeddable":true,"href":"https:\/\/blogs.correiobraziliense.com.br\/trilhasonora\/wp-json\/wp\/v2\/comments?post=773"}],"version-history":[{"count":4,"href":"https:\/\/blogs.correiobraziliense.com.br\/trilhasonora\/wp-json\/wp\/v2\/posts\/773\/revisions"}],"predecessor-version":[{"id":779,"href":"https:\/\/blogs.correiobraziliense.com.br\/trilhasonora\/wp-json\/wp\/v2\/posts\/773\/revisions\/779"}],"wp:featuredmedia":[{"embeddable":true,"href":"https:\/\/blogs.correiobraziliense.com.br\/trilhasonora\/wp-json\/wp\/v2\/media\/774"}],"wp:attachment":[{"href":"https:\/\/blogs.correiobraziliense.com.br\/trilhasonora\/wp-json\/wp\/v2\/media?parent=773"}],"wp:term":[{"taxonomy":"category","embeddable":true,"href":"https:\/\/blogs.correiobraziliense.com.br\/trilhasonora\/wp-json\/wp\/v2\/categories?post=773"},{"taxonomy":"post_tag","embeddable":true,"href":"https:\/\/blogs.correiobraziliense.com.br\/trilhasonora\/wp-json\/wp\/v2\/tags?post=773"}],"curies":[{"name":"wp","href":"https:\/\/api.w.org\/{rel}","templated":true}]}}