{"id":757,"date":"2019-04-05T17:37:36","date_gmt":"2019-04-05T20:37:36","guid":{"rendered":"https:\/\/blogs.correiobraziliense.com.br\/trilhasonora\/?p=757"},"modified":"2019-04-05T17:48:27","modified_gmt":"2019-04-05T20:48:27","slug":"encontro-internacional-de-choro-celebra-os-20-anos-da-escola-de-choro-raphael-rabello","status":"publish","type":"post","link":"https:\/\/blogs.correiobraziliense.com.br\/trilhasonora\/encontro-internacional-de-choro-celebra-os-20-anos-da-escola-de-choro-raphael-rabello\/","title":{"rendered":"Encontro Internacional de Choro celebra os 20 anos da Escola de Choro Raphael Rabello"},"content":{"rendered":"<h3>Festival ser\u00e1 realizado de 23 a 28 de abril com atra\u00e7\u00f5es nacionais e internacionais, que far\u00e3o shows e ministrar\u00e3o cursos<\/h3>\n<p>A comemora\u00e7\u00e3o dos 20 anos da Escola Brasileira de Choro Raphael Rabello ser\u00e1 em grande estilo. De 23 a 28 pr\u00f3ximos, esta institui\u00e7\u00e3o brasiliense receber\u00e1 nomes consagrados da m\u00fasicos brasileiros e convidados internacionais, que participar\u00e3o do EICHO &#8212; Encontro Internacional de Choro. Al\u00e9m da apresenta\u00e7\u00e3o de shows, alguns deles ministrar\u00e3o cursos &#8212; como de pr\u00e1tica de de conjunto &#8212; e far\u00e3o palestras. As atividades ocorrer\u00e3o no palco do Espa\u00e7o Cultural do Choro e na \u00e1rea externa do Clube do Choro.<\/p>\n<p>&#8220;A ideia do do festival \u00e9 celebrar o chorinho, g\u00eanero musical que \u00e9 a g\u00eanese da m\u00fasica popular brasileira. Bras\u00edlia \u00e9 um grande celeiro de talentos do choro e o EICHO vai reunir, al\u00e9m de representantes locais desse estilo musical, renomados instrumentistas nacionais e alguns internacionais. Vamos aproveitar tamb\u00e9m para homenagear os professores, pois s\u00e3o eles que mant\u00eam viva a escola de choro, al\u00e9m de e contribuem decisivamente para preservar essa m\u00fasica genuinamente brasileira, na capital da rep\u00fablica&#8221;, destaca Henrique Santos Filho, o Reco do Bandolim, presidente do Clube do Choro e do ICEM &#8212; Instituto Cultural de Educa\u00e7\u00e3o Musical de Bras\u00edlia.<\/p>\n<p>Entre os participantes do EICHO est\u00e3o instrumentistas virtuosos como Armandinho Macedo (bandolim e guitarra), Spok (saxofone), Luiz Caldas (guitarra) e o violonista israelense Yotam Silbertein. A eles se juntam o cantor, compositor e violonista cearense Raimundo Fagner, nome ic\u00f4nico da MPB. e a cantora, compositora e cavaquinista Nilse Carvalho, representante do samba carioca.<\/p>\n<p>De 23 a 27 ser\u00e3o ministradas 10 modalidades de cursos. Cada aulas ter\u00e1 duas horas de dura\u00e7\u00e3o. Os professores ser\u00e3o renomados instrumentistas: Carlos Malta (sax e flauta), Danilo Brito (bandolim), Robertinho Silva (percus\u00e3o e bateria), Marco Pereira (viol\u00e3o 6 cordas), Rog\u00e9rio Caetano (viol\u00e3o 7 cordas), Henrique Cazes (cavquinho), Nicolas Krassik (violino), Marcelo Caldi (acordeon), Rafael dos Anjos (arranjo) e Paulo Arag\u00e3o (harmonia).<\/p>\n<p>Os participantes al\u00e9m receberam os ensinamentos nas aulas de instrumento, ter\u00e3o acesso ao choro talks e pr\u00e1ticas de conjunto. A inscri\u00e7\u00e3o custa R$ 200, com direito a certifica\u00e7\u00e3o e a assistir as apresenta\u00e7\u00f5es musicais dos dias 27 e 28, no complexo criado na \u00e1rea externa do Espa\u00e7o Cultural do Choro. As vagas s\u00e3o limitadas e e os interessados poder\u00e3o ter mais informa\u00e7\u00f5es pelo site <a href=\"https:\/\/www.bilheteriasdigital.com\/eicho\">https:\/\/www.bilheteriasdigital.com\/eicho<\/a>. Alunos da Escola Brasileira de Choro Raphael Rabello t\u00eam 20% de desconto na compra do curso e meia entrada nos ingressos dos shows dos dias 23 a 26.<\/p>\n<p>O primeiro lote de ingressos sai por R$ 60 e R$ 30 (meia) para cada dia do evento, com compra antecipada. Para a programa\u00e7\u00e3o do fim de semana h\u00e1 a op\u00e7\u00e3o de compra do passaporte que sai por R$ 100 e R$ 50 (meia), e corresponde \u00e0 entrada no complexo,s\u00e1bado (27) e domingo (28). A quantidade de ingressos \u00e9 limitada.<\/p>\n<h2><strong>Programa\u00e7\u00e3o de shows<\/strong><\/h2>\n<p>Palco interno, com lugar marcado:<\/p>\n<p>23\/4 -Raimundo Fagner<\/p>\n<p><iframe loading=\"lazy\" title=\"Fagner - Tanto Faz (Videoclipe)\" width=\"1440\" height=\"810\" src=\"https:\/\/www.youtube.com\/embed\/O5luchPoyKg?feature=oembed\" frameborder=\"0\" allow=\"accelerometer; autoplay; clipboard-write; encrypted-media; gyroscope; picture-in-picture; web-share\" referrerpolicy=\"strict-origin-when-cross-origin\" allowfullscreen><\/iframe><\/p>\n<p>24\/4 &#8211; Henrique Neto e Gileno Santana<br \/>\n25\/4 &#8211; Carlos Malta e Robertinho Silva<br \/>\n26\/4 &#8211; Nicolas Krassik e Marcelo Caldi Palco interno, com lugar marcado:<\/p>\n<p>27\/4 &#8211; Ian Cury, Tiago Tunes, J\u00fanior Viegas, Matheus Donato, Mois\u00e9s Alves, Professores ECRR, Armandinho, Yotam Silberstein, Spok Quinteto<\/p>\n<p><iframe loading=\"lazy\" title=\"ARMANDINHO MACEDO &quot;Dan\u00e7a do Tempo&quot;\" width=\"1440\" height=\"810\" src=\"https:\/\/www.youtube.com\/embed\/h_YpCDaBdJ8?feature=oembed\" frameborder=\"0\" allow=\"accelerometer; autoplay; clipboard-write; encrypted-media; gyroscope; picture-in-picture; web-share\" referrerpolicy=\"strict-origin-when-cross-origin\" allowfullscreen><\/iframe><\/p>\n<p>28\/4 &#8211; Gypsy Jazz Club, Professores ECRR, Nilze Carvalho, Choro Livre, Luiz Caldas e atra\u00e7\u00e3o surpresa! Palco externo, sem lugar marcado:<\/p>\n","protected":false},"excerpt":{"rendered":"<p>Festival marca o ano de comemora\u00e7\u00e3o dos 20 anos da Escola de Choro Raphael Rabello e ser\u00e1 realizado de 23 a 28 de abril<\/p>\n","protected":false},"author":84,"featured_media":758,"comment_status":"open","ping_status":"open","sticky":false,"template":"","format":"standard","meta":{"footnotes":""},"categories":[113],"tags":[173,172],"class_list":["post-757","post","type-post","status-publish","format-standard","has-post-thumbnail","hentry","category-materia","tag-encontro-internacional-de-choro","tag-escola-de-choro-raphael-rabello"],"_links":{"self":[{"href":"https:\/\/blogs.correiobraziliense.com.br\/trilhasonora\/wp-json\/wp\/v2\/posts\/757","targetHints":{"allow":["GET"]}}],"collection":[{"href":"https:\/\/blogs.correiobraziliense.com.br\/trilhasonora\/wp-json\/wp\/v2\/posts"}],"about":[{"href":"https:\/\/blogs.correiobraziliense.com.br\/trilhasonora\/wp-json\/wp\/v2\/types\/post"}],"author":[{"embeddable":true,"href":"https:\/\/blogs.correiobraziliense.com.br\/trilhasonora\/wp-json\/wp\/v2\/users\/84"}],"replies":[{"embeddable":true,"href":"https:\/\/blogs.correiobraziliense.com.br\/trilhasonora\/wp-json\/wp\/v2\/comments?post=757"}],"version-history":[{"count":3,"href":"https:\/\/blogs.correiobraziliense.com.br\/trilhasonora\/wp-json\/wp\/v2\/posts\/757\/revisions"}],"predecessor-version":[{"id":761,"href":"https:\/\/blogs.correiobraziliense.com.br\/trilhasonora\/wp-json\/wp\/v2\/posts\/757\/revisions\/761"}],"wp:featuredmedia":[{"embeddable":true,"href":"https:\/\/blogs.correiobraziliense.com.br\/trilhasonora\/wp-json\/wp\/v2\/media\/758"}],"wp:attachment":[{"href":"https:\/\/blogs.correiobraziliense.com.br\/trilhasonora\/wp-json\/wp\/v2\/media?parent=757"}],"wp:term":[{"taxonomy":"category","embeddable":true,"href":"https:\/\/blogs.correiobraziliense.com.br\/trilhasonora\/wp-json\/wp\/v2\/categories?post=757"},{"taxonomy":"post_tag","embeddable":true,"href":"https:\/\/blogs.correiobraziliense.com.br\/trilhasonora\/wp-json\/wp\/v2\/tags?post=757"}],"curies":[{"name":"wp","href":"https:\/\/api.w.org\/{rel}","templated":true}]}}