{"id":727,"date":"2019-03-18T11:23:11","date_gmt":"2019-03-18T14:23:11","guid":{"rendered":"https:\/\/blogs.correiobraziliense.com.br\/trilhasonora\/?p=727"},"modified":"2019-03-18T11:23:11","modified_gmt":"2019-03-18T14:23:11","slug":"revela-te-chico-todas-as-imagens-de-chico","status":"publish","type":"post","link":"https:\/\/blogs.correiobraziliense.com.br\/trilhasonora\/revela-te-chico-todas-as-imagens-de-chico\/","title":{"rendered":"Revela-te, Chico: Todas as imagens de Chico"},"content":{"rendered":"<p>Fotobiografia faz reconstitui\u00e7\u00e3o cronol\u00f3gica da trajet\u00f3ria de Chico Buarque e traz imagens hist\u00f3ricas reunidas por Augusto Lins Soares. A mat\u00e9ria foi publicada nesta segunda-feira (18\/3) no caderno Divers\u00e3o &amp; Arte. Leia <a href=\"https:\/\/www.correiobraziliense.com.br\/app\/noticia\/diversao-e-arte\/2019\/03\/18\/interna_diversao_arte,743593\/vida-de-chico-buarque-e-retratada-em-fotobiografia.shtml\">aqui<\/a>! Abaixo confira galeria com imagens do livro <em>Revela-te, Chico<\/em>.<\/p>\n<p><img loading=\"lazy\" decoding=\"async\" class=\"aligncenter size-large wp-image-728\" src=\"https:\/\/blogs.correiobraziliense.com.br\/trilhasonora\/wp-content\/uploads\/sites\/39\/2019\/03\/CBPPAG180320190023-584x1024.jpg\" alt=\"\" width=\"584\" height=\"1024\" srcset=\"https:\/\/blogs.correiobraziliense.com.br\/trilhasonora\/wp-content\/uploads\/sites\/39\/2019\/03\/CBPPAG180320190023-584x1024.jpg 584w, https:\/\/blogs.correiobraziliense.com.br\/trilhasonora\/wp-content\/uploads\/sites\/39\/2019\/03\/CBPPAG180320190023-171x300.jpg 171w, https:\/\/blogs.correiobraziliense.com.br\/trilhasonora\/wp-content\/uploads\/sites\/39\/2019\/03\/CBPPAG180320190023-768x1346.jpg 768w, https:\/\/blogs.correiobraziliense.com.br\/trilhasonora\/wp-content\/uploads\/sites\/39\/2019\/03\/CBPPAG180320190023-550x964.jpg 550w, https:\/\/blogs.correiobraziliense.com.br\/trilhasonora\/wp-content\/uploads\/sites\/39\/2019\/03\/CBPPAG180320190023-230x403.jpg 230w, https:\/\/blogs.correiobraziliense.com.br\/trilhasonora\/wp-content\/uploads\/sites\/39\/2019\/03\/CBPPAG180320190023.jpg 800w\" sizes=\"auto, (max-width: 584px) 100vw, 584px\" \/><\/p>\n<p>Galeria de fotos do livro <em>Revela-te, Chico<\/em>!<\/p>\n<div id='gallery-1' class='gallery galleryid-727 gallery-columns-3 gallery-size-large'><figure class='gallery-item'>\n\t\t\t<div class='gallery-icon portrait'>\n\t\t\t\t<a href='https:\/\/blogs.correiobraziliense.com.br\/trilhasonora\/revela-te-chico-todas-as-imagens-de-chico\/cbnfot150320191416\/'><img loading=\"lazy\" decoding=\"async\" width=\"760\" height=\"1024\" src=\"https:\/\/blogs.correiobraziliense.com.br\/trilhasonora\/wp-content\/uploads\/sites\/39\/2019\/03\/CBNFOT150320191416-760x1024.jpg\" class=\"attachment-large size-large\" alt=\"\" aria-describedby=\"gallery-1-729\" srcset=\"https:\/\/blogs.correiobraziliense.com.br\/trilhasonora\/wp-content\/uploads\/sites\/39\/2019\/03\/CBNFOT150320191416-760x1024.jpg 760w, https:\/\/blogs.correiobraziliense.com.br\/trilhasonora\/wp-content\/uploads\/sites\/39\/2019\/03\/CBNFOT150320191416-223x300.jpg 223w, https:\/\/blogs.correiobraziliense.com.br\/trilhasonora\/wp-content\/uploads\/sites\/39\/2019\/03\/CBNFOT150320191416-768x1035.jpg 768w, https:\/\/blogs.correiobraziliense.com.br\/trilhasonora\/wp-content\/uploads\/sites\/39\/2019\/03\/CBNFOT150320191416-550x741.jpg 550w, https:\/\/blogs.correiobraziliense.com.br\/trilhasonora\/wp-content\/uploads\/sites\/39\/2019\/03\/CBNFOT150320191416-230x310.jpg 230w, https:\/\/blogs.correiobraziliense.com.br\/trilhasonora\/wp-content\/uploads\/sites\/39\/2019\/03\/CBNFOT150320191416.jpg 800w\" sizes=\"auto, (max-width: 760px) 100vw, 760px\" \/><\/a>\n\t\t\t<\/div>\n\t\t\t\t<figcaption class='wp-caption-text gallery-caption' id='gallery-1-729'>\n\t\t\t\t2019. Cr\u00e9dito: Daryan Dornelles\/Reprodu\u00e7\u00e3o. Cultura. Chico Buarque \u00e9 tema da fotobiografia Revela-te, Chico, organizado por Augusto Lins Soares e com textos de Joaquim Ferreira dos Santos.\n\t\t\t\t<\/figcaption><\/figure><figure class='gallery-item'>\n\t\t\t<div class='gallery-icon portrait'>\n\t\t\t\t<a href='https:\/\/blogs.correiobraziliense.com.br\/trilhasonora\/revela-te-chico-todas-as-imagens-de-chico\/cbnfot150320191417\/'><img loading=\"lazy\" decoding=\"async\" width=\"800\" height=\"1010\" src=\"https:\/\/blogs.correiobraziliense.com.br\/trilhasonora\/wp-content\/uploads\/sites\/39\/2019\/03\/CBNFOT150320191417.jpg\" class=\"attachment-large size-large\" alt=\"\" aria-describedby=\"gallery-1-730\" srcset=\"https:\/\/blogs.correiobraziliense.com.br\/trilhasonora\/wp-content\/uploads\/sites\/39\/2019\/03\/CBNFOT150320191417.jpg 800w, https:\/\/blogs.correiobraziliense.com.br\/trilhasonora\/wp-content\/uploads\/sites\/39\/2019\/03\/CBNFOT150320191417-238x300.jpg 238w, https:\/\/blogs.correiobraziliense.com.br\/trilhasonora\/wp-content\/uploads\/sites\/39\/2019\/03\/CBNFOT150320191417-768x970.jpg 768w, https:\/\/blogs.correiobraziliense.com.br\/trilhasonora\/wp-content\/uploads\/sites\/39\/2019\/03\/CBNFOT150320191417-550x694.jpg 550w, https:\/\/blogs.correiobraziliense.com.br\/trilhasonora\/wp-content\/uploads\/sites\/39\/2019\/03\/CBNFOT150320191417-230x290.jpg 230w\" sizes=\"auto, (max-width: 800px) 100vw, 800px\" \/><\/a>\n\t\t\t<\/div>\n\t\t\t\t<figcaption class='wp-caption-text gallery-caption' id='gallery-1-730'>\n\t\t\t\t2019. Cr\u00e9dito: Daniel Lannes\/Divulga\u00e7\u00e3o. Cultura. Chico Buarque \u00e9 tema da fotobiografia Revela-te, Chico, organizado por Augusto Lins Soares e com textos de Joaquim Ferreira dos Santos.\n\t\t\t\t<\/figcaption><\/figure><figure class='gallery-item'>\n\t\t\t<div class='gallery-icon portrait'>\n\t\t\t\t<a href='https:\/\/blogs.correiobraziliense.com.br\/trilhasonora\/revela-te-chico-todas-as-imagens-de-chico\/cbnfot150320191418\/'><img loading=\"lazy\" decoding=\"async\" width=\"710\" height=\"1024\" src=\"https:\/\/blogs.correiobraziliense.com.br\/trilhasonora\/wp-content\/uploads\/sites\/39\/2019\/03\/CBNFOT150320191418-710x1024.jpg\" class=\"attachment-large size-large\" alt=\"\" aria-describedby=\"gallery-1-731\" srcset=\"https:\/\/blogs.correiobraziliense.com.br\/trilhasonora\/wp-content\/uploads\/sites\/39\/2019\/03\/CBNFOT150320191418-710x1024.jpg 710w, https:\/\/blogs.correiobraziliense.com.br\/trilhasonora\/wp-content\/uploads\/sites\/39\/2019\/03\/CBNFOT150320191418-208x300.jpg 208w, https:\/\/blogs.correiobraziliense.com.br\/trilhasonora\/wp-content\/uploads\/sites\/39\/2019\/03\/CBNFOT150320191418-768x1108.jpg 768w, https:\/\/blogs.correiobraziliense.com.br\/trilhasonora\/wp-content\/uploads\/sites\/39\/2019\/03\/CBNFOT150320191418-550x793.jpg 550w, https:\/\/blogs.correiobraziliense.com.br\/trilhasonora\/wp-content\/uploads\/sites\/39\/2019\/03\/CBNFOT150320191418-230x332.jpg 230w, https:\/\/blogs.correiobraziliense.com.br\/trilhasonora\/wp-content\/uploads\/sites\/39\/2019\/03\/CBNFOT150320191418.jpg 800w\" sizes=\"auto, (max-width: 710px) 100vw, 710px\" \/><\/a>\n\t\t\t<\/div>\n\t\t\t\t<figcaption class='wp-caption-text gallery-caption' id='gallery-1-731'>\n\t\t\t\t2019. Cr\u00e9dito: Adhemar Veneziano\/Divulga\u00e7\u00e3o. Cultura. Chico Buarque \u00e9 tema da fotobiografia Revela-te, Chico, organizado por Augusto Lins Soares e com textos de Joaquim Ferreira dos Santos.\n\t\t\t\t<\/figcaption><\/figure><figure class='gallery-item'>\n\t\t\t<div class='gallery-icon portrait'>\n\t\t\t\t<a href='https:\/\/blogs.correiobraziliense.com.br\/trilhasonora\/revela-te-chico-todas-as-imagens-de-chico\/cbnfot150320191419\/'><img loading=\"lazy\" decoding=\"async\" width=\"624\" height=\"1024\" src=\"https:\/\/blogs.correiobraziliense.com.br\/trilhasonora\/wp-content\/uploads\/sites\/39\/2019\/03\/CBNFOT150320191419-624x1024.jpg\" class=\"attachment-large size-large\" alt=\"\" aria-describedby=\"gallery-1-732\" srcset=\"https:\/\/blogs.correiobraziliense.com.br\/trilhasonora\/wp-content\/uploads\/sites\/39\/2019\/03\/CBNFOT150320191419-624x1024.jpg 624w, https:\/\/blogs.correiobraziliense.com.br\/trilhasonora\/wp-content\/uploads\/sites\/39\/2019\/03\/CBNFOT150320191419-183x300.jpg 183w, https:\/\/blogs.correiobraziliense.com.br\/trilhasonora\/wp-content\/uploads\/sites\/39\/2019\/03\/CBNFOT150320191419-768x1260.jpg 768w, https:\/\/blogs.correiobraziliense.com.br\/trilhasonora\/wp-content\/uploads\/sites\/39\/2019\/03\/CBNFOT150320191419-550x902.jpg 550w, https:\/\/blogs.correiobraziliense.com.br\/trilhasonora\/wp-content\/uploads\/sites\/39\/2019\/03\/CBNFOT150320191419-230x377.jpg 230w, https:\/\/blogs.correiobraziliense.com.br\/trilhasonora\/wp-content\/uploads\/sites\/39\/2019\/03\/CBNFOT150320191419.jpg 800w\" sizes=\"auto, (max-width: 624px) 100vw, 624px\" \/><\/a>\n\t\t\t<\/div>\n\t\t\t\t<figcaption class='wp-caption-text gallery-caption' id='gallery-1-732'>\n\t\t\t\t2019. Cr\u00e9dito: Almir Veiga\/Divulga\u00e7\u00e3o. Cultura. Chico Buarque \u00e9 tema da fotobiografia Revela-te, Chico, organizado por Augusto Lins Soares e com textos de Joaquim Ferreira dos Santos.\n\t\t\t\t<\/figcaption><\/figure><figure class='gallery-item'>\n\t\t\t<div class='gallery-icon portrait'>\n\t\t\t\t<a href='https:\/\/blogs.correiobraziliense.com.br\/trilhasonora\/revela-te-chico-todas-as-imagens-de-chico\/cbnfot150320191420\/'><img loading=\"lazy\" decoding=\"async\" width=\"754\" height=\"1024\" src=\"https:\/\/blogs.correiobraziliense.com.br\/trilhasonora\/wp-content\/uploads\/sites\/39\/2019\/03\/CBNFOT150320191420-754x1024.jpg\" class=\"attachment-large size-large\" alt=\"\" aria-describedby=\"gallery-1-733\" srcset=\"https:\/\/blogs.correiobraziliense.com.br\/trilhasonora\/wp-content\/uploads\/sites\/39\/2019\/03\/CBNFOT150320191420-754x1024.jpg 754w, https:\/\/blogs.correiobraziliense.com.br\/trilhasonora\/wp-content\/uploads\/sites\/39\/2019\/03\/CBNFOT150320191420-221x300.jpg 221w, https:\/\/blogs.correiobraziliense.com.br\/trilhasonora\/wp-content\/uploads\/sites\/39\/2019\/03\/CBNFOT150320191420-768x1043.jpg 768w, https:\/\/blogs.correiobraziliense.com.br\/trilhasonora\/wp-content\/uploads\/sites\/39\/2019\/03\/CBNFOT150320191420-550x747.jpg 550w, https:\/\/blogs.correiobraziliense.com.br\/trilhasonora\/wp-content\/uploads\/sites\/39\/2019\/03\/CBNFOT150320191420-230x312.jpg 230w, https:\/\/blogs.correiobraziliense.com.br\/trilhasonora\/wp-content\/uploads\/sites\/39\/2019\/03\/CBNFOT150320191420.jpg 800w\" sizes=\"auto, (max-width: 754px) 100vw, 754px\" \/><\/a>\n\t\t\t<\/div>\n\t\t\t\t<figcaption class='wp-caption-text gallery-caption' id='gallery-1-733'>\n\t\t\t\t2019. Cr\u00e9dito: David Drew Zingg\/Divulga\u00e7\u00e3o. Cultura. Chico Buarque \u00e9 tema da fotobiografia Revela-te, Chico, organizado por Augusto Lins Soares e com textos de Joaquim Ferreira dos Santos.\n\t\t\t\t<\/figcaption><\/figure><figure class='gallery-item'>\n\t\t\t<div class='gallery-icon landscape'>\n\t\t\t\t<a href='https:\/\/blogs.correiobraziliense.com.br\/trilhasonora\/revela-te-chico-todas-as-imagens-de-chico\/cbnfot150320191421\/'><img loading=\"lazy\" decoding=\"async\" width=\"800\" height=\"540\" src=\"https:\/\/blogs.correiobraziliense.com.br\/trilhasonora\/wp-content\/uploads\/sites\/39\/2019\/03\/CBNFOT150320191421.jpg\" class=\"attachment-large size-large\" alt=\"\" aria-describedby=\"gallery-1-734\" srcset=\"https:\/\/blogs.correiobraziliense.com.br\/trilhasonora\/wp-content\/uploads\/sites\/39\/2019\/03\/CBNFOT150320191421.jpg 800w, https:\/\/blogs.correiobraziliense.com.br\/trilhasonora\/wp-content\/uploads\/sites\/39\/2019\/03\/CBNFOT150320191421-300x203.jpg 300w, https:\/\/blogs.correiobraziliense.com.br\/trilhasonora\/wp-content\/uploads\/sites\/39\/2019\/03\/CBNFOT150320191421-768x518.jpg 768w, https:\/\/blogs.correiobraziliense.com.br\/trilhasonora\/wp-content\/uploads\/sites\/39\/2019\/03\/CBNFOT150320191421-550x371.jpg 550w, https:\/\/blogs.correiobraziliense.com.br\/trilhasonora\/wp-content\/uploads\/sites\/39\/2019\/03\/CBNFOT150320191421-230x155.jpg 230w\" sizes=\"auto, (max-width: 800px) 100vw, 800px\" \/><\/a>\n\t\t\t<\/div>\n\t\t\t\t<figcaption class='wp-caption-text gallery-caption' id='gallery-1-734'>\n\t\t\t\t2019. Cr\u00e9dito: Fernando Seixas\/Divulga\u00e7\u00e3o. Cultura. Chico Buarque \u00e9 tema da fotobiografia Revela-te, Chico, organizado por Augusto Lins Soares e com textos de Joaquim Ferreira dos Santos.\n\t\t\t\t<\/figcaption><\/figure><figure class='gallery-item'>\n\t\t\t<div class='gallery-icon landscape'>\n\t\t\t\t<a href='https:\/\/blogs.correiobraziliense.com.br\/trilhasonora\/revela-te-chico-todas-as-imagens-de-chico\/cbnfot150320191422\/'><img loading=\"lazy\" decoding=\"async\" width=\"800\" height=\"603\" src=\"https:\/\/blogs.correiobraziliense.com.br\/trilhasonora\/wp-content\/uploads\/sites\/39\/2019\/03\/CBNFOT150320191422.jpg\" class=\"attachment-large size-large\" alt=\"\" aria-describedby=\"gallery-1-735\" srcset=\"https:\/\/blogs.correiobraziliense.com.br\/trilhasonora\/wp-content\/uploads\/sites\/39\/2019\/03\/CBNFOT150320191422.jpg 800w, https:\/\/blogs.correiobraziliense.com.br\/trilhasonora\/wp-content\/uploads\/sites\/39\/2019\/03\/CBNFOT150320191422-300x226.jpg 300w, https:\/\/blogs.correiobraziliense.com.br\/trilhasonora\/wp-content\/uploads\/sites\/39\/2019\/03\/CBNFOT150320191422-768x579.jpg 768w, https:\/\/blogs.correiobraziliense.com.br\/trilhasonora\/wp-content\/uploads\/sites\/39\/2019\/03\/CBNFOT150320191422-550x415.jpg 550w, https:\/\/blogs.correiobraziliense.com.br\/trilhasonora\/wp-content\/uploads\/sites\/39\/2019\/03\/CBNFOT150320191422-230x173.jpg 230w\" sizes=\"auto, (max-width: 800px) 100vw, 800px\" \/><\/a>\n\t\t\t<\/div>\n\t\t\t\t<figcaption class='wp-caption-text gallery-caption' id='gallery-1-735'>\n\t\t\t\t2019. Cr\u00e9dito: Sergio Lobo\/Divulga\u00e7\u00e3o. Cultura. Chico Buarque \u00e9 tema da fotobiografia Revela-te, Chico, organizado por Augusto Lins Soares e com textos de Joaquim Ferreira dos Santos.\n\t\t\t\t<\/figcaption><\/figure>\n\t\t<\/div>\n\n","protected":false},"excerpt":{"rendered":"<p>Fotobiografia faz reconstitui\u00e7\u00e3o cronol\u00f3gica da trajet\u00f3ria de Chico Buarque e traz imagens hist\u00f3ricas reunidas por Augusto Lins Soares. A mat\u00e9ria foi publicada nesta segunda-feira (18\/3) no caderno Divers\u00e3o &amp; Arte. Leia aqui! Abaixo confira galeria com imagens do livro Revela-te, Chico.<\/p>\n","protected":false},"author":84,"featured_media":0,"comment_status":"open","ping_status":"open","sticky":false,"template":"","format":"standard","meta":{"footnotes":""},"categories":[113],"tags":[170,25,171,14,169],"class_list":["post-727","post","type-post","status-publish","format-standard","hentry","category-materia","tag-chico","tag-chico-buarque","tag-fotobiografia","tag-livro","tag-revela-te"],"_links":{"self":[{"href":"https:\/\/blogs.correiobraziliense.com.br\/trilhasonora\/wp-json\/wp\/v2\/posts\/727","targetHints":{"allow":["GET"]}}],"collection":[{"href":"https:\/\/blogs.correiobraziliense.com.br\/trilhasonora\/wp-json\/wp\/v2\/posts"}],"about":[{"href":"https:\/\/blogs.correiobraziliense.com.br\/trilhasonora\/wp-json\/wp\/v2\/types\/post"}],"author":[{"embeddable":true,"href":"https:\/\/blogs.correiobraziliense.com.br\/trilhasonora\/wp-json\/wp\/v2\/users\/84"}],"replies":[{"embeddable":true,"href":"https:\/\/blogs.correiobraziliense.com.br\/trilhasonora\/wp-json\/wp\/v2\/comments?post=727"}],"version-history":[{"count":1,"href":"https:\/\/blogs.correiobraziliense.com.br\/trilhasonora\/wp-json\/wp\/v2\/posts\/727\/revisions"}],"predecessor-version":[{"id":736,"href":"https:\/\/blogs.correiobraziliense.com.br\/trilhasonora\/wp-json\/wp\/v2\/posts\/727\/revisions\/736"}],"wp:attachment":[{"href":"https:\/\/blogs.correiobraziliense.com.br\/trilhasonora\/wp-json\/wp\/v2\/media?parent=727"}],"wp:term":[{"taxonomy":"category","embeddable":true,"href":"https:\/\/blogs.correiobraziliense.com.br\/trilhasonora\/wp-json\/wp\/v2\/categories?post=727"},{"taxonomy":"post_tag","embeddable":true,"href":"https:\/\/blogs.correiobraziliense.com.br\/trilhasonora\/wp-json\/wp\/v2\/tags?post=727"}],"curies":[{"name":"wp","href":"https:\/\/api.w.org\/{rel}","templated":true}]}}