{"id":711,"date":"2019-03-01T08:00:35","date_gmt":"2019-03-01T11:00:35","guid":{"rendered":"https:\/\/blogs.correiobraziliense.com.br\/trilhasonora\/?p=711"},"modified":"2019-02-28T13:52:18","modified_gmt":"2019-02-28T16:52:18","slug":"sons-da-noite-francis-hime-parceria-de-chico-buarque-se-apresenta-no-clube-de-choro","status":"publish","type":"post","link":"https:\/\/blogs.correiobraziliense.com.br\/trilhasonora\/sons-da-noite-francis-hime-parceria-de-chico-buarque-se-apresenta-no-clube-de-choro\/","title":{"rendered":"Sons da Noite: Francis Hime, parceria de Chico Buarque, se apresenta no Clube de Choro"},"content":{"rendered":"<h3>Confira a coluna Sons da Noite desta sexta-feira (1\u00ba\/3) publicada no caderno Divirta-se Mais<\/h3>\n<p><strong>Mestre da MPB<\/strong><\/p>\n<p>Parceiro de Chico Buarque em m\u00fasicas, como <em>Atr\u00e1s da porta<\/em>, <em>Meu caro amigo<\/em>, <em>Pivete<\/em> e <em>Vai passar<\/em>, Francis Hime est\u00e1 distante dos palcos brasilienses h\u00e1 v\u00e1rios anos. Ele volta \u00e0 capital na pr\u00f3xima semana.<\/p>\n<p>Quinta e sexta-feira o compositor, arranjador e musicista carioca se apresenta pela primeira vez no Espa\u00e7o Cultural do Choro. Em recital de piano e voz, ele faz uma esp\u00e9cie de retrospectiva da carreira e lan\u00e7a o CD e DVD Francis 50 anos de m\u00fasica. N\u00e3o recomendado para menores de 14 anos.<\/p>\n<p><strong>Eu recomendo<\/strong><\/p>\n<p>Quem estiver a fim de fugir do carnaval, tem como uma das op\u00e7\u00f5es curtir o show <em>Love songs<\/em>, que Gustavo Trebien faz nesta sexta-feira (1\u00ba\/3), a partir das 20h30, no Ticiana Werner Restaurante (201 Sul). Int\u00e9rprete do pop rock internacional, ele passeia pelo repert\u00f3rio de AC\/DC, Credence Clearwater, Dire Straits e Led Zepelin. Classifica\u00e7\u00e3o indicativa livre.<\/p>\n<p><strong>Encontro in\u00e9dito<\/strong><\/p>\n<p>Oswaldo Montenegro e Renato Teixeira protagonizam um encontro in\u00e9dito no palco, que pode ser apreciado em Bras\u00edlia, no audit\u00f3rio master do Centro de Conven\u00e7\u00f5es Ulysses Guimar\u00e3es, em 3 de maio. Lado a lado em cena, eles interpretam consagradas can\u00e7\u00f5es da import\u00e2ncia de <em>Bandolin<\/em>s, <em>L\u00e9o e Bia<\/em>, <em>Romaria<\/em> e <em>Tocando em frente<\/em>. N\u00e3o recomendado para menores de 12 anos.<\/p>\n<p><strong>Maratona roqueira<\/strong><br \/>\nNada menos que 35 bandas covers do DF participar\u00e3o do Carnarock 2019, festival que ocupa o Poiz\u00c9 (305 Norte) durante o per\u00edodo da folia de Momo. Entre os destaques est\u00e3o Ridway (Rolling Stones), Black Sunday (Black Sabbat), sexta; Piece of Maiden (Iron Maiden) e Metal Monster (Judas Priest), s\u00e1bado; DirtyTalk (Def Leppard), domingo; Transtorno Nuclear e Seconds of Noise, segunda-feira; Balleias N\u00e3o S\u00e3o Peixes (Nirvana), Nasty (Paramore), ter\u00e7a-feira. Em todos os dias, a programa\u00e7\u00e3o ser\u00e1 aberta \u00e0s 17h. N\u00e3o recomendado para menores de 18 anos.<\/p>\n<p><strong>Folia carnavalesca<\/strong><\/p>\n<p>Sambas e marchinhas de carnaval v\u00e3o dar o tom no Caf\u00e9 Musical (\u00e1rea externa do Clube do Choro\/Eixo Monumental) sexta, a partir das 12h. A atra\u00e7\u00e3o \u00e9 o grupo formado por Breno Alves (vocal e pandeiro), Valerinho Xavier (cavaquinho), Dudu Sete Cordas (viol\u00e3o) e Guto Martins (percuss\u00e3o).<\/p>\n<p><strong>Talento musical<\/strong><\/p>\n<figure id=\"attachment_713\" aria-describedby=\"caption-attachment-713\" style=\"width: 800px\" class=\"wp-caption aligncenter\"><img loading=\"lazy\" decoding=\"async\" class=\"size-full wp-image-713\" src=\"https:\/\/blogs.correiobraziliense.com.br\/trilhasonora\/wp-content\/uploads\/sites\/39\/2019\/02\/CBNFOT250220193388.jpg\" alt=\"\" width=\"800\" height=\"568\" srcset=\"https:\/\/blogs.correiobraziliense.com.br\/trilhasonora\/wp-content\/uploads\/sites\/39\/2019\/02\/CBNFOT250220193388.jpg 800w, https:\/\/blogs.correiobraziliense.com.br\/trilhasonora\/wp-content\/uploads\/sites\/39\/2019\/02\/CBNFOT250220193388-300x213.jpg 300w, https:\/\/blogs.correiobraziliense.com.br\/trilhasonora\/wp-content\/uploads\/sites\/39\/2019\/02\/CBNFOT250220193388-768x545.jpg 768w, https:\/\/blogs.correiobraziliense.com.br\/trilhasonora\/wp-content\/uploads\/sites\/39\/2019\/02\/CBNFOT250220193388-550x391.jpg 550w, https:\/\/blogs.correiobraziliense.com.br\/trilhasonora\/wp-content\/uploads\/sites\/39\/2019\/02\/CBNFOT250220193388-230x163.jpg 230w\" sizes=\"auto, (max-width: 800px) 100vw, 800px\" \/><figcaption id=\"caption-attachment-713\" class=\"wp-caption-text\">Cr\u00e9dito: Marcia Leone\/ Divulga\u00e7\u00e3o. Gabriel Leone.<\/figcaption><\/figure>\n<p>O ator Gabriel Leone, que representa Roberto Carlos em <em>Minha fama de mal<\/em> (filme de Lui Farias sobre Erasmo Carlos na juventude), e que vai ser um dos protagonistas do filme Eduardo e M\u00f4nica, de Ren\u00ea Sampaio, exibe talento, tamb\u00e9m, como cantor. Recentemente, ao participar do show de Z\u00e9 Renato e Cl\u00e1udio Nucci, no Teatro Ipanema (Rio de Janeiro), foi aplaudid\u00edssimo ao interpretar<em> Ara\u00e7\u00e1 azul<\/em>, de Caetano Veloso.<\/p>\n","protected":false},"excerpt":{"rendered":"<p>Confira a coluna Sons da Noite desta sexta-feira (1\u00ba\/3) publicada no caderno Divirta-se Mais<\/p>\n","protected":false},"author":84,"featured_media":712,"comment_status":"open","ping_status":"open","sticky":false,"template":"","format":"standard","meta":{"footnotes":""},"categories":[27],"tags":[],"class_list":["post-711","post","type-post","status-publish","format-standard","has-post-thumbnail","hentry","category-coluna-sons-da-noite"],"_links":{"self":[{"href":"https:\/\/blogs.correiobraziliense.com.br\/trilhasonora\/wp-json\/wp\/v2\/posts\/711","targetHints":{"allow":["GET"]}}],"collection":[{"href":"https:\/\/blogs.correiobraziliense.com.br\/trilhasonora\/wp-json\/wp\/v2\/posts"}],"about":[{"href":"https:\/\/blogs.correiobraziliense.com.br\/trilhasonora\/wp-json\/wp\/v2\/types\/post"}],"author":[{"embeddable":true,"href":"https:\/\/blogs.correiobraziliense.com.br\/trilhasonora\/wp-json\/wp\/v2\/users\/84"}],"replies":[{"embeddable":true,"href":"https:\/\/blogs.correiobraziliense.com.br\/trilhasonora\/wp-json\/wp\/v2\/comments?post=711"}],"version-history":[{"count":1,"href":"https:\/\/blogs.correiobraziliense.com.br\/trilhasonora\/wp-json\/wp\/v2\/posts\/711\/revisions"}],"predecessor-version":[{"id":714,"href":"https:\/\/blogs.correiobraziliense.com.br\/trilhasonora\/wp-json\/wp\/v2\/posts\/711\/revisions\/714"}],"wp:featuredmedia":[{"embeddable":true,"href":"https:\/\/blogs.correiobraziliense.com.br\/trilhasonora\/wp-json\/wp\/v2\/media\/712"}],"wp:attachment":[{"href":"https:\/\/blogs.correiobraziliense.com.br\/trilhasonora\/wp-json\/wp\/v2\/media?parent=711"}],"wp:term":[{"taxonomy":"category","embeddable":true,"href":"https:\/\/blogs.correiobraziliense.com.br\/trilhasonora\/wp-json\/wp\/v2\/categories?post=711"},{"taxonomy":"post_tag","embeddable":true,"href":"https:\/\/blogs.correiobraziliense.com.br\/trilhasonora\/wp-json\/wp\/v2\/tags?post=711"}],"curies":[{"name":"wp","href":"https:\/\/api.w.org\/{rel}","templated":true}]}}