{"id":694,"date":"2019-02-22T17:39:28","date_gmt":"2019-02-22T20:39:28","guid":{"rendered":"https:\/\/blogs.correiobraziliense.com.br\/trilhasonora\/?p=694"},"modified":"2019-02-22T17:39:28","modified_gmt":"2019-02-22T20:39:28","slug":"sons-da-noite-dado-villa-lobos-e-marcelo-bonfa-se-juntam-em-show-em-23-de-marco","status":"publish","type":"post","link":"https:\/\/blogs.correiobraziliense.com.br\/trilhasonora\/sons-da-noite-dado-villa-lobos-e-marcelo-bonfa-se-juntam-em-show-em-23-de-marco\/","title":{"rendered":"Sons da Noite: Dado Villa-Lobos e Marcelo Bonf\u00e1 se juntam em show em 23 de mar\u00e7o"},"content":{"rendered":"<h3>Confira a coluna Sons da Noite desta sexta-feira (22\/2) publicada no caderno Divirta-se Mais<\/h3>\n<p><strong>Revival oitentista<\/strong><\/p>\n<p>Na d\u00e9cada de 1980, quando o rock Brasil bombava, Dado Villa-Lobos e Marcelo Bonf\u00e1, integrantes da Legi\u00e3o Urbana; e Humberto Gessinger, \u00e0 frente da Engenheiros do Hawaii, lotaram o Gin\u00e1sio Nilson Nelson em diferentes oportunidades. Em 23 de mar\u00e7o, de volta a Bras\u00edlia, eles dividem aquele palco com show desde j\u00e1, muito aguardados.<\/p>\n<p>Dado e Bonf\u00e1, acompanhados por Andr\u00e9 Fratesschi, Lucas Vasconcellos e Mauro Berman, trazem para os f\u00e3s da Legi\u00e3o um concerto que tem por base o repert\u00f3rio dos \u00e1lbuns <em>Dois<\/em> e<em> Que pa\u00eds \u00e9 este?<\/em>. J\u00e1 Guessinger vai interpretar can\u00e7\u00f5es do <em>A revolta dos Dandis<\/em>, o disco mais cultuado do Engenheiros. Os ingressos est\u00e3o \u00e0 venda no G2 do Bras\u00edlia Shopping. N\u00e3o recomendado para menores de 16 anos.<\/p>\n<p><strong>Para recordar<\/strong><br \/>\nUm encontro de representantes da velha guarda da m\u00fasica sertaneja ocorrer\u00e1 em 23 de mar\u00e7o no Yurb (Avenida das Na\u00e7\u00f5es). O show, denominado <em>Recorda\u00e7\u00f5es<\/em>, reunir\u00e1 o cantor Paran\u00e1 e as duplas Gian &amp; Giovani, Mato Grosso &amp; Matias. N\u00e3o recomendado para menores de 18 anos.<\/p>\n<p><strong>S\u00f3 cl\u00e1ssicos<\/strong><br \/>\n<em>Can\u00e7\u00f5es de Cartola e Nelson Cavaquinho<\/em> \u00e9 o nome do CD que Leny Andrade e Gilson Peranzzetta lan\u00e7am em show nos dias 21 e 22 de mar\u00e7o, no Espa\u00e7o Cultural do Choro, \u00e0s 21h. O repert\u00f3rio traz cl\u00e1ssicos como <em>A flor e o espinho<\/em>, <em>As rosas n\u00e3o falam<\/em>, <em>Folhas secas<\/em>, <em>Luz negra<\/em>, <em>N\u00e3o quero amar a mais ningu\u00e9m<\/em> e<em> O sol nascer\u00e1<\/em>. N\u00e3o recomendado para menores de 14 anos.<\/p>\n<p><strong>Folia brega<\/strong><br \/>\nO grupo Tr\u00eas no Brega, formado por Nilson Lima, Andr\u00e9 14 Voltas e Madelon Cabral, ir\u00e1 comandar o Carnaval Brega, no Feiti\u00e7o Mineiro (306 Norte). As apresenta\u00e7\u00f5es ser\u00e3o nos dias 1\u00ba e 2 de mar\u00e7o, a partir das 22h. N\u00e3o recomendado para menores de 18 anos.<\/p>\n<p><strong>Viva Caetano!<\/strong><br \/>\nUma pr\u00e9via do CarnaMimosa se espalha pelo Outro Calaf (Setor Banc\u00e1rio Sul) nesta sexta-feira (22\/2), a partir das 22h. A Bateria Show do Z\u00e9 Pretinho vai agitar a galera LGBTI, depois da meia-noite; enquanto os DJs Biondo e Muha comandam as picapes tocando marchinhas carnavalescas e frevos de Caetano Veloso \u2014 o homenageado da festa. N\u00e3o recomendado para menores de 18 anos.<\/p>\n<p><strong>Canto das violeiras<\/strong><br \/>\nO projeto Viola em canto de mulher ocupa o Teatro dos Banc\u00e1rios em 8 de mar\u00e7o com o show que re\u00fane cantoras e violeiras. As protagonistas s\u00e3o as brasilienses Karen Parreira, Gaby Violeira, Carol Carneiro; Juliana Andrade (S\u00e3o Jos\u00e9 do Rio Preto), Vit\u00f3ria da Viola &amp; L\u00facia Lira (Votorantim) e o Viola Flor (Uberaba). Classifica\u00e7\u00e3o indicativa livre.<\/p>\n","protected":false},"excerpt":{"rendered":"<p>Confira a coluna Sons da Noite desta sexta-feira (22\/2) publicada no caderno Divirta-se Mais Revival oitentista Na d\u00e9cada de 1980, quando o rock Brasil bombava, Dado Villa-Lobos e Marcelo Bonf\u00e1, integrantes da Legi\u00e3o Urbana; e Humberto Gessinger, \u00e0 frente da Engenheiros do Hawaii, lotaram o Gin\u00e1sio Nilson Nelson em diferentes oportunidades. Em 23 de mar\u00e7o, de volta a Bras\u00edlia, eles [&hellip;]<\/p>\n","protected":false},"author":84,"featured_media":695,"comment_status":"open","ping_status":"open","sticky":false,"template":"","format":"standard","meta":{"footnotes":""},"categories":[27],"tags":[],"class_list":["post-694","post","type-post","status-publish","format-standard","has-post-thumbnail","hentry","category-coluna-sons-da-noite"],"_links":{"self":[{"href":"https:\/\/blogs.correiobraziliense.com.br\/trilhasonora\/wp-json\/wp\/v2\/posts\/694","targetHints":{"allow":["GET"]}}],"collection":[{"href":"https:\/\/blogs.correiobraziliense.com.br\/trilhasonora\/wp-json\/wp\/v2\/posts"}],"about":[{"href":"https:\/\/blogs.correiobraziliense.com.br\/trilhasonora\/wp-json\/wp\/v2\/types\/post"}],"author":[{"embeddable":true,"href":"https:\/\/blogs.correiobraziliense.com.br\/trilhasonora\/wp-json\/wp\/v2\/users\/84"}],"replies":[{"embeddable":true,"href":"https:\/\/blogs.correiobraziliense.com.br\/trilhasonora\/wp-json\/wp\/v2\/comments?post=694"}],"version-history":[{"count":1,"href":"https:\/\/blogs.correiobraziliense.com.br\/trilhasonora\/wp-json\/wp\/v2\/posts\/694\/revisions"}],"predecessor-version":[{"id":696,"href":"https:\/\/blogs.correiobraziliense.com.br\/trilhasonora\/wp-json\/wp\/v2\/posts\/694\/revisions\/696"}],"wp:featuredmedia":[{"embeddable":true,"href":"https:\/\/blogs.correiobraziliense.com.br\/trilhasonora\/wp-json\/wp\/v2\/media\/695"}],"wp:attachment":[{"href":"https:\/\/blogs.correiobraziliense.com.br\/trilhasonora\/wp-json\/wp\/v2\/media?parent=694"}],"wp:term":[{"taxonomy":"category","embeddable":true,"href":"https:\/\/blogs.correiobraziliense.com.br\/trilhasonora\/wp-json\/wp\/v2\/categories?post=694"},{"taxonomy":"post_tag","embeddable":true,"href":"https:\/\/blogs.correiobraziliense.com.br\/trilhasonora\/wp-json\/wp\/v2\/tags?post=694"}],"curies":[{"name":"wp","href":"https:\/\/api.w.org\/{rel}","templated":true}]}}