{"id":69,"date":"2017-10-18T18:23:54","date_gmt":"2017-10-18T20:23:54","guid":{"rendered":"https:\/\/blogs.correiobraziliense.com.br\/trilhasonora\/?p=69"},"modified":"2017-10-18T18:23:54","modified_gmt":"2017-10-18T20:23:54","slug":"novo-disco-de-lulu-santos-celebra-rita-lee","status":"publish","type":"post","link":"https:\/\/blogs.correiobraziliense.com.br\/trilhasonora\/novo-disco-de-lulu-santos-celebra-rita-lee\/","title":{"rendered":"Novo disco de Lulu Santos celebra Rita Lee"},"content":{"rendered":"<h3>Rita Lee \u00e9 homenageada no novo disco de Lulu Santos. Baby baby faz releitura de cl\u00e1ssicos da carreira da cantora.<\/h3>\n<p>Mesmo longe dos palcos e dos est\u00fadios de grava\u00e7\u00e3o, a mama do rock brasileiro continua fazendo barulho. <em>Rita Lee &#8211; Uma autobiografia<\/em>, se tornou um best-seller e h\u00e1 um ano mant\u00e9m-se na lista dos livros mais vendidos do pa\u00eds. <em>Dropz<\/em>, lan\u00e7amento mais recente, teve boa acolhida da cr\u00edtica e dos leitores.<\/p>\n<p>Agora, ela recebe homenagem de Lulu Santos. O pop star brasileiro chega sexta-feira \u00e0s lojas de disco &#8211; elas ainda existem! &#8211; e \u00e0s plataformas digitais com <em>Baby baby!<\/em>, \u00e1lbum de 12 faixas, produzidas por ele e os DJs Mem\u00ea, Silva, Hiroshi Mizutani e o coletivos Tranquilo Soundz e Fancy Inc. em que ele faz surpreendentes releituras de cl\u00e1ssicos da obra de Rita.<\/p>\n<figure id=\"attachment_71\" aria-describedby=\"caption-attachment-71\" style=\"width: 374px\" class=\"wp-caption aligncenter\"><img loading=\"lazy\" decoding=\"async\" class=\"size-full wp-image-71\" src=\"https:\/\/blogs.correiobraziliense.com.br\/trilhasonora\/wp-content\/uploads\/sites\/39\/2017\/10\/3ba12d00-7d0a-41e2-9f3f-9228d3c62e20_lulusantosbabybabycapa.jpg\" alt=\"Lulu\" width=\"374\" height=\"318\" srcset=\"https:\/\/blogs.correiobraziliense.com.br\/trilhasonora\/wp-content\/uploads\/sites\/39\/2017\/10\/3ba12d00-7d0a-41e2-9f3f-9228d3c62e20_lulusantosbabybabycapa.jpg 374w, https:\/\/blogs.correiobraziliense.com.br\/trilhasonora\/wp-content\/uploads\/sites\/39\/2017\/10\/3ba12d00-7d0a-41e2-9f3f-9228d3c62e20_lulusantosbabybabycapa-300x255.jpg 300w, https:\/\/blogs.correiobraziliense.com.br\/trilhasonora\/wp-content\/uploads\/sites\/39\/2017\/10\/3ba12d00-7d0a-41e2-9f3f-9228d3c62e20_lulusantosbabybabycapa-230x196.jpg 230w\" sizes=\"auto, (max-width: 374px) 100vw, 374px\" \/><figcaption id=\"caption-attachment-71\" class=\"wp-caption-text\">Capa do CD Baby baby. Cr\u00e9ditos: Reprodu\u00e7\u00e3o\/Internet.<\/figcaption><\/figure>\n<p>Inicialmente, Lulo lan\u00e7ou um lyric v\u00eddeo de <em>Baila comigo<\/em> e um EP com as primeis can\u00e7\u00f5es do novo projeto, <em>Mam\u00e3e Natureza<\/em>, <em>Desculpe o au\u00ea<\/em>, <em>Baila comigo\u00a0<\/em>e <em>Fuga n\u00ba 2.<\/em>\u00a0Na quinta (18), ele lan\u00e7a em seu canal oficial, na Vevo\/ YouTube o v\u00eddeo de <em>Desculpe o au\u00ea<\/em>. O v\u00eddeo ser\u00e1 disponibilizado \u00e0 noite, logo ap\u00f3s a participa\u00e7\u00e3o de Lulu como t\u00e9cnico no programa The Voice Brasil.<\/p>\n<p>\u201cAo ler a deliciosa autobiografia da Rita, percebi o quanto aquilo tamb\u00e9m era a hist\u00f3ria da minha pr\u00f3pria vida. Rita ainda \u00e9 a artista brasileira de quem fui\/sou mais f\u00e3 na vida, que mais shows vi e cujas letras sei muitas de cor e salteado. J\u00e1 estou na metade do \u00e1lbum e penso sem parar no espet\u00e1culo que pode sair disto e o quanto vou gostar de misturar meu pr\u00f3prio repert\u00f3rio com as p\u00e9rolas de Rita, seu parceiro de vida e obra, Roberto de Carvalho, e de seus outros co-autores\u201d, conta Lulu, no comunicado \u00e0 imprensa.<\/p>\n<p><iframe loading=\"lazy\" title=\"Lulu Santos - Baila Comigo (Lyric Video)\" width=\"1440\" height=\"810\" src=\"https:\/\/www.youtube.com\/embed\/dsM1Ow8G3m8?feature=oembed\" frameborder=\"0\" allow=\"accelerometer; autoplay; clipboard-write; encrypted-media; gyroscope; picture-in-picture; web-share\" referrerpolicy=\"strict-origin-when-cross-origin\" allowfullscreen><\/iframe><\/p>\n<p>Essa celebra\u00e7\u00e3o vem quando a eterna Mutante est\u00e1 pr\u00f3xima de completar 70 anos, que ocorre em 31 de dezembro.<\/p>\n<h3>Confira o t\u00edtulo de todas as can\u00e7\u00f5es do novo disco de Lulu Santos<\/h3>\n<p><em>Disco Voador<\/em><br \/>\n<em> Baila Comigo<\/em><br \/>\n<em> Mam\u00e3e Natureza<\/em><br \/>\n<em> Desculpe o Au\u00ea<\/em><br \/>\n<em> Ovelha Negra<\/em><br \/>\n<em> Fuga n\u00ba2<\/em><br \/>\n<em> Agora s\u00f3 falta vc<\/em><br \/>\n<em> Caso S\u00e9rio<\/em><br \/>\n<em> Al\u00f4 Al\u00f4 Marciano<\/em><br \/>\n<em> Mania de voc\u00ea<\/em><br \/>\n<em> Nem Luxo Nem Lixo<\/em><br \/>\n<em> Paradise Brasil<\/em><\/p>\n","protected":false},"excerpt":{"rendered":"<p>Rita Lee \u00e9 homenageada no novo disco de Lulu Santos. Baby baby faz releitura de cl\u00e1ssicos da carreira da cantora.<\/p>\n","protected":false},"author":84,"featured_media":70,"comment_status":"open","ping_status":"open","sticky":false,"template":"","format":"standard","meta":{"footnotes":""},"categories":[2],"tags":[38,37,36],"class_list":["post-69","post","type-post","status-publish","format-standard","has-post-thumbnail","hentry","category-musica","tag-baby-baby","tag-lulu-santos","tag-musica"],"_links":{"self":[{"href":"https:\/\/blogs.correiobraziliense.com.br\/trilhasonora\/wp-json\/wp\/v2\/posts\/69","targetHints":{"allow":["GET"]}}],"collection":[{"href":"https:\/\/blogs.correiobraziliense.com.br\/trilhasonora\/wp-json\/wp\/v2\/posts"}],"about":[{"href":"https:\/\/blogs.correiobraziliense.com.br\/trilhasonora\/wp-json\/wp\/v2\/types\/post"}],"author":[{"embeddable":true,"href":"https:\/\/blogs.correiobraziliense.com.br\/trilhasonora\/wp-json\/wp\/v2\/users\/84"}],"replies":[{"embeddable":true,"href":"https:\/\/blogs.correiobraziliense.com.br\/trilhasonora\/wp-json\/wp\/v2\/comments?post=69"}],"version-history":[{"count":1,"href":"https:\/\/blogs.correiobraziliense.com.br\/trilhasonora\/wp-json\/wp\/v2\/posts\/69\/revisions"}],"predecessor-version":[{"id":72,"href":"https:\/\/blogs.correiobraziliense.com.br\/trilhasonora\/wp-json\/wp\/v2\/posts\/69\/revisions\/72"}],"wp:featuredmedia":[{"embeddable":true,"href":"https:\/\/blogs.correiobraziliense.com.br\/trilhasonora\/wp-json\/wp\/v2\/media\/70"}],"wp:attachment":[{"href":"https:\/\/blogs.correiobraziliense.com.br\/trilhasonora\/wp-json\/wp\/v2\/media?parent=69"}],"wp:term":[{"taxonomy":"category","embeddable":true,"href":"https:\/\/blogs.correiobraziliense.com.br\/trilhasonora\/wp-json\/wp\/v2\/categories?post=69"},{"taxonomy":"post_tag","embeddable":true,"href":"https:\/\/blogs.correiobraziliense.com.br\/trilhasonora\/wp-json\/wp\/v2\/tags?post=69"}],"curies":[{"name":"wp","href":"https:\/\/api.w.org\/{rel}","templated":true}]}}