{"id":689,"date":"2019-02-15T08:28:36","date_gmt":"2019-02-15T10:28:36","guid":{"rendered":"https:\/\/blogs.correiobraziliense.com.br\/trilhasonora\/?p=689"},"modified":"2019-02-14T17:34:06","modified_gmt":"2019-02-14T19:34:06","slug":"sons-da-noite-quinteto-violado-volta-a-cidade-para-apresentacoes-no-clube-do-choro","status":"publish","type":"post","link":"https:\/\/blogs.correiobraziliense.com.br\/trilhasonora\/sons-da-noite-quinteto-violado-volta-a-cidade-para-apresentacoes-no-clube-do-choro\/","title":{"rendered":"Sons da Noite: Quinteto Violado volta \u00e0 cidade para apresenta\u00e7\u00f5es no Clube do Choro"},"content":{"rendered":"<h3>Confira a coluna Sons da Noite publicada nesta sexta-feira (15\/2) no caderno Divirta-se Mais<\/h3>\n<p><strong>Homenagens do Quinteto<\/strong><\/p>\n<p>Com presen\u00e7a em palcos brasilienses desde o in\u00edcio da carreira, na d\u00e9cada de 1970, o Quinteto Violado volta \u00e0 cidade para apresenta\u00e7\u00f5es quinta e sexta-feira pr\u00f3ximas, \u00e0s 21h, no Espa\u00e7o Cultural do Choro. Marcelo Melo, Dudu Alves, Roberto Medeiros, Ciano Alves e Sandro Lins fazem, desta vez, um show retrospectivo.<\/p>\n<p>No repert\u00f3rio est\u00e3o can\u00e7\u00f5es da s\u00e9rie Quinteto Violado canta, com o qual homenageiam Luiz Gonzaga, Dominguinhos, Geraldo Vandr\u00e9 e outros grandes nomes da m\u00fasica nordestina, inclusive Toinho Alves, um dos fundadores do grupo. H\u00e1 tamb\u00e9m m\u00fasicas de folguedos populares, entre os quais <em>Missa do vaqueiro<\/em>. N\u00e3o recomendado para menores de 14 anos.<\/p>\n<p><strong>Eu recomendo<\/strong><\/p>\n<p>Evento especial, promovido pela La Rumba Produ\u00e7\u00f5es, vai ocupar o Striker Boliche, no Pier 21 (Avenida das Na\u00e7\u00f5es), no s\u00e1bado (16\/2), \u00e0s 23h, tendo como atra\u00e7\u00e3o o cantor venezuelano El Veneco. H\u00e1 a participa\u00e7\u00e3o da banda Sabor de Cuba, do grupo de dan\u00e7a Corazon Salsero e do DJ Dandy. Ingressos antecipados a R$ 25. N\u00e3o recomendado para menores de 18 anos.<\/p>\n<p><strong>Per amore<\/strong><\/p>\n<p>A turn\u00ea brasileira comemorativa dos 60 anos de carreira de Peppino Di Capri chega a Bras\u00edlia no dia 14 de mar\u00e7o. No show <em>Per amore<\/em>, que marca a reabertura do audit\u00f3rio master do Centro de Conven\u00e7\u00f5es Ulysses Guimar\u00e3es ap\u00f3s reforma, o cantor italiano tem como convidada a cantora Zizi Possi. N\u00e3o recomendado para menores de 12 anos.<\/p>\n<p><strong>Pagode baiano<\/strong><\/p>\n<p>No show que far\u00e1 s\u00e1bado da pr\u00f3xima semana, \u00e0s 22h, como pr\u00e9via do Carnaval do Parque (Pra\u00e7a das Fontes do Parque da Cidade), o Harmonia do Samba, grupo de pagode baiano, liderado pelo vocalista Xande, revisitar\u00e1 sucessos da carreira, como <em>Daquele jeito<\/em>, <em>Paradinha<\/em>, <em>Vem nen\u00e9m<\/em> e<em> Tic nervoso<\/em> \u2014 este do DVD gravado aqui na capital em outubro de 2017. Outros destaques da festa ser\u00e3o o DJ Dennis e o grupo brasiliense Carnav\u00e1lia. N\u00e3o recomendado para menores de 18 anos.<\/p>\n<p><strong>Mem\u00f3ria afetiva<\/strong><\/p>\n<p><em>Samba, suor e cerveja<\/em> \u00e9 o nome do show pr\u00e9-carnavalesco que Cely Curado, L\u00facia de Maria e Sandra Duailibe apresentar\u00e3o dia 23, no Feiti\u00e7o Mineiro (306 Norte). Acompanhadas por um quarteto, elas cantar\u00e3o marchinhas e sambas cl\u00e1ssicos que fazem parte da mem\u00f3ria afetiva dos foli\u00f5es. N\u00e3o recomendado para menores de 18 anos.<\/p>\n<p><strong>Duo brasiliense<\/strong><\/p>\n<p>Projeto do Duo Camboat\u00e1, formado pelas cantoras Mab\u00f4 e Naiara Lira, levar\u00e1 m\u00fasica, poesia e teatro a pra\u00e7as e feiras de cidades do DF. Neste domingo (17), \u00e0s 10h30, a performance ser\u00e1 na Feira Permanente do N\u00facleo Bandeirante. Na sequ\u00eancia, ocorrer\u00e1 na Vila Telebras\u00edlia (dia 22), na Feira Permanente da Candangol\u00e2ndia (dia 23) e na Feira Permanente do Cruzeiro Novo (dia 24).<\/p>\n<p><strong>M\u00fasicas de gaveta<\/strong><\/p>\n<figure id=\"attachment_690\" aria-describedby=\"caption-attachment-690\" style=\"width: 800px\" class=\"wp-caption aligncenter\"><img loading=\"lazy\" decoding=\"async\" class=\"size-full wp-image-690\" src=\"https:\/\/blogs.correiobraziliense.com.br\/trilhasonora\/wp-content\/uploads\/sites\/39\/2019\/02\/Mariana-Neves-Arquivo-Pessoal-Divulga\u00e7\u00e3o.jpg\" alt=\"\" width=\"800\" height=\"534\" srcset=\"https:\/\/blogs.correiobraziliense.com.br\/trilhasonora\/wp-content\/uploads\/sites\/39\/2019\/02\/Mariana-Neves-Arquivo-Pessoal-Divulga\u00e7\u00e3o.jpg 800w, https:\/\/blogs.correiobraziliense.com.br\/trilhasonora\/wp-content\/uploads\/sites\/39\/2019\/02\/Mariana-Neves-Arquivo-Pessoal-Divulga\u00e7\u00e3o-300x200.jpg 300w, https:\/\/blogs.correiobraziliense.com.br\/trilhasonora\/wp-content\/uploads\/sites\/39\/2019\/02\/Mariana-Neves-Arquivo-Pessoal-Divulga\u00e7\u00e3o-768x513.jpg 768w, https:\/\/blogs.correiobraziliense.com.br\/trilhasonora\/wp-content\/uploads\/sites\/39\/2019\/02\/Mariana-Neves-Arquivo-Pessoal-Divulga\u00e7\u00e3o-550x367.jpg 550w, https:\/\/blogs.correiobraziliense.com.br\/trilhasonora\/wp-content\/uploads\/sites\/39\/2019\/02\/Mariana-Neves-Arquivo-Pessoal-Divulga\u00e7\u00e3o-230x154.jpg 230w\" sizes=\"auto, (max-width: 800px) 100vw, 800px\" \/><figcaption id=\"caption-attachment-690\" class=\"wp-caption-text\">Arquivo Pessoal\/Divulga\u00e7\u00e3o. Cantora Mariana Neves.<\/figcaption><\/figure>\n<p>Mariana Neves, cantora mineira, que participa da 40\u00aa edi\u00e7\u00e3o do Curso Internacional de Ver\u00e3o da Escola de M\u00fasica como professora, lan\u00e7a nesta sexta-feira (15) o EP <em>M\u00fasicas de gaveta<\/em>, com cinco can\u00e7\u00f5es autorais e a releitura de <em>Caju\u00edna<\/em> (Caetano Veloso). Ela faz show hoje, \u00e0s 21h, no audit\u00f3rio da EMB (602 Sul), com entrada franca. Classifica\u00e7\u00e3o indicativa livre.<\/p>\n","protected":false},"excerpt":{"rendered":"<p>Confira a coluna Sons da Noite publicada nesta sexta-feira (15\/2) no caderno Divirta-se Mais Homenagens do Quinteto Com presen\u00e7a em palcos brasilienses desde o in\u00edcio da carreira, na d\u00e9cada de 1970, o Quinteto Violado volta \u00e0 cidade para apresenta\u00e7\u00f5es quinta e sexta-feira pr\u00f3ximas, \u00e0s 21h, no Espa\u00e7o Cultural do Choro. Marcelo Melo, Dudu Alves, Roberto Medeiros, Ciano Alves e Sandro [&hellip;]<\/p>\n","protected":false},"author":84,"featured_media":691,"comment_status":"open","ping_status":"open","sticky":false,"template":"","format":"standard","meta":{"footnotes":""},"categories":[27],"tags":[],"class_list":["post-689","post","type-post","status-publish","format-standard","has-post-thumbnail","hentry","category-coluna-sons-da-noite"],"_links":{"self":[{"href":"https:\/\/blogs.correiobraziliense.com.br\/trilhasonora\/wp-json\/wp\/v2\/posts\/689","targetHints":{"allow":["GET"]}}],"collection":[{"href":"https:\/\/blogs.correiobraziliense.com.br\/trilhasonora\/wp-json\/wp\/v2\/posts"}],"about":[{"href":"https:\/\/blogs.correiobraziliense.com.br\/trilhasonora\/wp-json\/wp\/v2\/types\/post"}],"author":[{"embeddable":true,"href":"https:\/\/blogs.correiobraziliense.com.br\/trilhasonora\/wp-json\/wp\/v2\/users\/84"}],"replies":[{"embeddable":true,"href":"https:\/\/blogs.correiobraziliense.com.br\/trilhasonora\/wp-json\/wp\/v2\/comments?post=689"}],"version-history":[{"count":1,"href":"https:\/\/blogs.correiobraziliense.com.br\/trilhasonora\/wp-json\/wp\/v2\/posts\/689\/revisions"}],"predecessor-version":[{"id":692,"href":"https:\/\/blogs.correiobraziliense.com.br\/trilhasonora\/wp-json\/wp\/v2\/posts\/689\/revisions\/692"}],"wp:featuredmedia":[{"embeddable":true,"href":"https:\/\/blogs.correiobraziliense.com.br\/trilhasonora\/wp-json\/wp\/v2\/media\/691"}],"wp:attachment":[{"href":"https:\/\/blogs.correiobraziliense.com.br\/trilhasonora\/wp-json\/wp\/v2\/media?parent=689"}],"wp:term":[{"taxonomy":"category","embeddable":true,"href":"https:\/\/blogs.correiobraziliense.com.br\/trilhasonora\/wp-json\/wp\/v2\/categories?post=689"},{"taxonomy":"post_tag","embeddable":true,"href":"https:\/\/blogs.correiobraziliense.com.br\/trilhasonora\/wp-json\/wp\/v2\/tags?post=689"}],"curies":[{"name":"wp","href":"https:\/\/api.w.org\/{rel}","templated":true}]}}