{"id":665,"date":"2019-02-01T08:29:39","date_gmt":"2019-02-01T10:29:39","guid":{"rendered":"https:\/\/blogs.correiobraziliense.com.br\/trilhasonora\/?p=665"},"modified":"2019-01-31T12:33:17","modified_gmt":"2019-01-31T14:33:17","slug":"sons-da-noite-laila-garin-apresenta-em-brasilia-o-espetaculo-gota-dagua-a-seco","status":"publish","type":"post","link":"https:\/\/blogs.correiobraziliense.com.br\/trilhasonora\/sons-da-noite-laila-garin-apresenta-em-brasilia-o-espetaculo-gota-dagua-a-seco\/","title":{"rendered":"Sons da Noite: Laila Garin apresenta em Bras\u00edlia o espet\u00e1culo Gota d\u2019\u00e1gua (A seco)"},"content":{"rendered":"<h3>Confira a coluna Sons da Noite desta sexta-feira (1\u00ba\/2) publicada no caderno Divirta-se Mais<\/h3>\n<p><strong>Uma grande int\u00e9rprete<\/strong><\/p>\n<p>O Brasil descobriu uma grande int\u00e9rprete da MPB em 2014, quando a atriz baiana Laila Garin surgiu em cena como protagonista do espet\u00e1culo <em>Elis \u2013 O musical<\/em>, que lotou todos os locais onde foi apresentado, inclusive Bras\u00edlia. Antes, ela havia se destacado em outras montagens teatrais como <em>Eu te amo mesmo assim<\/em> e <em>Gonzag\u00e3o \u2013 A lenda<\/em>, sob a dire\u00e7\u00e3o de Jo\u00e3o Falc\u00e3o.<\/p>\n<p>No fim da pr\u00f3xima semana, Laila est\u00e1 de volta \u00e0 cidade com <em>Gota d\u2019\u00e1gua (A seco)<\/em>, premiada adapta\u00e7\u00e3o do musical cl\u00e1ssico escrito por Chico Buarque e Paulo Pontes, na d\u00e9cada de 1970. No palco do Teatro Unip (913 Sul), de sexta-feira a domingo, ela e o ator Alejandro Claveaux d\u00e3o vida a Joana e Jas\u00e3o na releitura da pe\u00e7a, focada em trama de natureza sociopol\u00edtica \u2013 o embate entre opressores e oprimidos \u2013 cruelmente atual. N\u00e3o recomendado para menores de 14 anos.<\/p>\n<p><strong>Eu recomendo<\/strong><\/p>\n<p>Antecipando-se ao rein\u00edcio das atividades do Clube do Choro, o Caf\u00e9 Musical, na \u00e1rea externa dessa institui\u00e7\u00e3o brasiliense, abre a programa\u00e7\u00e3o no s\u00e1bado (2\/2) com a apresenta\u00e7\u00e3o da cantora Teresa Lopes, a partir do meio-dia. Para celebrar o Dia de Iemanj\u00e1, ela vai interpretar sambas de Dorival Caymmi e de outros compositores que utilizaram elementos da cultura afro em seu processo criativo. Classifica\u00e7\u00e3o indicativa livre.<\/p>\n<p><strong>Abre alas<\/strong><\/p>\n<p>Tida como a primeira m\u00fasica feita para o carnaval brasileiro, <em>Abre alas,<\/em> a marcha-rancho de Chiquinha Gonzaga d\u00e1 nome \u00e0 festa que vai ocupar a \u00e1rea do Museu dos Correios (Setor Comercial Sul), no dia 22 pr\u00f3ximo, \u00e0s 22h. Tuka Villa-Lobos e Felipe Bar\u00e3o prometem animar os foli\u00f5es com antigas marchinhas que se mant\u00eam vivas na mem\u00f3ria afetiva de muita gente. Classifica\u00e7\u00e3o indicativa livre.<\/p>\n<p><strong>Pela diversidade<\/strong><\/p>\n<p>A festa Flip Out, que prop\u00f5e a diversidade cultural, a quebra de barreiras e a ultrapassagem de preconceitos, se espalha pela arena lounge do Est\u00e1dio Nacional Man\u00e9 Garrincha, no pr\u00f3ximo dia 15, com in\u00edcio \u00e0s 21h. A parte musical tem como atra\u00e7\u00f5es os DJs israelenses Vini Vici e Terra e os brasileiros Harmonika, Bashers, Giaco e Chicoidelico. Os ingressos est\u00e3o \u00e0 venda na rede de lojas Koni Store. N\u00e3o recomendado para menores de 18 anos.<\/p>\n<p><strong>Fus\u00e3o musical<\/strong><\/p>\n<p>Som instrumental e batidas eletr\u00f4nicas se fundem na apresenta\u00e7\u00e3o que o saxofonista Jordan e o DJ Matheus Fonseca fazem nesta sexta (1\u00ba\/2), das 21h \u00e0s 23h, no Novo Mercadito (201 Sul, Bloco A, Loja 1). A dupla vai cumprir temporada naquele gastrobar, \u00e0s sextas-feiras. Classifica\u00e7\u00e3o indicativa livre.<\/p>\n<p><strong>Folia baiana<\/strong><\/p>\n<figure id=\"attachment_667\" aria-describedby=\"caption-attachment-667\" style=\"width: 800px\" class=\"wp-caption aligncenter\"><img loading=\"lazy\" decoding=\"async\" class=\"size-full wp-image-667\" src=\"https:\/\/blogs.correiobraziliense.com.br\/trilhasonora\/wp-content\/uploads\/sites\/39\/2019\/01\/CBNFOT220220160117.jpg\" alt=\"\" width=\"800\" height=\"900\" srcset=\"https:\/\/blogs.correiobraziliense.com.br\/trilhasonora\/wp-content\/uploads\/sites\/39\/2019\/01\/CBNFOT220220160117.jpg 800w, https:\/\/blogs.correiobraziliense.com.br\/trilhasonora\/wp-content\/uploads\/sites\/39\/2019\/01\/CBNFOT220220160117-267x300.jpg 267w, https:\/\/blogs.correiobraziliense.com.br\/trilhasonora\/wp-content\/uploads\/sites\/39\/2019\/01\/CBNFOT220220160117-768x864.jpg 768w, https:\/\/blogs.correiobraziliense.com.br\/trilhasonora\/wp-content\/uploads\/sites\/39\/2019\/01\/CBNFOT220220160117-550x619.jpg 550w, https:\/\/blogs.correiobraziliense.com.br\/trilhasonora\/wp-content\/uploads\/sites\/39\/2019\/01\/CBNFOT220220160117-230x259.jpg 230w\" sizes=\"auto, (max-width: 800px) 100vw, 800px\" \/><figcaption id=\"caption-attachment-667\" class=\"wp-caption-text\">Cr\u00e9dito: L\u00e9o Eloy\/Divulga\u00e7ao. Cantor Felipe Pezzoni.<\/figcaption><\/figure>\n<p>O show que a Banda Eva, liderada pelo vocalista Felipe Pezzoni, far\u00e1 no dia 10 pr\u00f3ximo, \u00e0s 22h, pelo projeto V.I.V.A, no gramado do Clube Ases (ao lado do Pier 21), tem por base o DVD intitulado <em>Eva sunset<\/em>, lan\u00e7ado no final de 2018. No repert\u00f3rio, m\u00fasicas novas como <em>Brindar<\/em>, <em>Sem voc\u00ea<\/em> e <em>Duas almas<\/em> se juntam aos hits como <em>Beleza rara<\/em>, <em>Leva eu<\/em>, <em>Miragem<\/em> e <em>Pequena Eva<\/em>. N\u00e3o recomendado para menores de 16 anos.<\/p>\n","protected":false},"excerpt":{"rendered":"<p>Confira a coluna Sons da Noite desta sexta-feira (1\u00ba\/2) publicada no caderno Divirta-se Mais Uma grande int\u00e9rprete O Brasil descobriu uma grande int\u00e9rprete da MPB em 2014, quando a atriz baiana Laila Garin surgiu em cena como protagonista do espet\u00e1culo Elis \u2013 O musical, que lotou todos os locais onde foi apresentado, inclusive Bras\u00edlia. Antes, ela havia se destacado em [&hellip;]<\/p>\n","protected":false},"author":84,"featured_media":666,"comment_status":"open","ping_status":"open","sticky":false,"template":"","format":"standard","meta":{"footnotes":""},"categories":[27],"tags":[],"class_list":["post-665","post","type-post","status-publish","format-standard","has-post-thumbnail","hentry","category-coluna-sons-da-noite"],"_links":{"self":[{"href":"https:\/\/blogs.correiobraziliense.com.br\/trilhasonora\/wp-json\/wp\/v2\/posts\/665","targetHints":{"allow":["GET"]}}],"collection":[{"href":"https:\/\/blogs.correiobraziliense.com.br\/trilhasonora\/wp-json\/wp\/v2\/posts"}],"about":[{"href":"https:\/\/blogs.correiobraziliense.com.br\/trilhasonora\/wp-json\/wp\/v2\/types\/post"}],"author":[{"embeddable":true,"href":"https:\/\/blogs.correiobraziliense.com.br\/trilhasonora\/wp-json\/wp\/v2\/users\/84"}],"replies":[{"embeddable":true,"href":"https:\/\/blogs.correiobraziliense.com.br\/trilhasonora\/wp-json\/wp\/v2\/comments?post=665"}],"version-history":[{"count":1,"href":"https:\/\/blogs.correiobraziliense.com.br\/trilhasonora\/wp-json\/wp\/v2\/posts\/665\/revisions"}],"predecessor-version":[{"id":668,"href":"https:\/\/blogs.correiobraziliense.com.br\/trilhasonora\/wp-json\/wp\/v2\/posts\/665\/revisions\/668"}],"wp:featuredmedia":[{"embeddable":true,"href":"https:\/\/blogs.correiobraziliense.com.br\/trilhasonora\/wp-json\/wp\/v2\/media\/666"}],"wp:attachment":[{"href":"https:\/\/blogs.correiobraziliense.com.br\/trilhasonora\/wp-json\/wp\/v2\/media?parent=665"}],"wp:term":[{"taxonomy":"category","embeddable":true,"href":"https:\/\/blogs.correiobraziliense.com.br\/trilhasonora\/wp-json\/wp\/v2\/categories?post=665"},{"taxonomy":"post_tag","embeddable":true,"href":"https:\/\/blogs.correiobraziliense.com.br\/trilhasonora\/wp-json\/wp\/v2\/tags?post=665"}],"curies":[{"name":"wp","href":"https:\/\/api.w.org\/{rel}","templated":true}]}}