{"id":659,"date":"2019-01-25T08:00:59","date_gmt":"2019-01-25T10:00:59","guid":{"rendered":"https:\/\/blogs.correiobraziliense.com.br\/trilhasonora\/?p=659"},"modified":"2019-01-24T14:31:04","modified_gmt":"2019-01-24T16:31:04","slug":"sons-da-noite-djavan-e-milton-nascimento-se-apresentam-em-brasilia-em-abril","status":"publish","type":"post","link":"https:\/\/blogs.correiobraziliense.com.br\/trilhasonora\/sons-da-noite-djavan-e-milton-nascimento-se-apresentam-em-brasilia-em-abril\/","title":{"rendered":"Sons da Noite: Djavan e Milton Nascimento se apresentam em Bras\u00edlia em abril"},"content":{"rendered":"<h3>Confira a coluna Sons da Noite publicada nesta sexta-feira (25\/1) no Divirta-se Mais<\/h3>\n<p><strong>\u00cdcones da MPB<\/strong><\/p>\n<p>Cantores e compositores que, ao longo da carreira, t\u00eam dado importante contribui\u00e7\u00e3o para o enriquecimento art\u00edstico da m\u00fasica popular brasileira, Djavan e Milton Nascimento chegam a Bras\u00edlia, em abril, com seus novos shows. As apresenta\u00e7\u00f5es ser\u00e3o no audit\u00f3rio master do Centro de Conven\u00e7\u00f5es Ulysses Guimar\u00e3es.<\/p>\n<p>O <em>Clube da Esquina<\/em>, de Milton, no dia 13 daquele m\u00eas, re\u00fane cl\u00e1ssicos como <em>Cais<\/em>, <em>Cravo e canela<\/em>, <em>Nada ser\u00e1 como antes<\/em>,<em> O trem azul<\/em>, <em>Paisagem da janela<\/em> e <em>San Vicente<\/em>, al\u00e9m das m\u00fasicas registradas nos dois LPs dos quais foi tirado o t\u00edtulo do espet\u00e1culo.<\/p>\n<p>J\u00e1 o <em>Ves\u00favio<\/em>, de Djavan, no dia 27, traz can\u00e7\u00f5es do novo \u00e1lbum, como <em>Cedo ou tarde<\/em>, <em>Solitude<\/em>, <em>Viver \u00e9 dever<\/em>, \u00e0s quais se juntam hits da import\u00e2ncia de<em> Linha do Equador<\/em> e <em>Samurai<\/em>. Os ingressos para os dois shows est\u00e3o \u00e0 venda na rede de lojas Bilheteria Digital no Bras\u00edlia Shopping, Conjunto Nacional e P\u00e1tio Brasil. N\u00e3o recomendado para menores de 12 anos.<\/p>\n<p><strong>Eu recomendo<\/strong><\/p>\n<p>A temporada de 2019 da Orquestra Filarm\u00f4nica de Bras\u00edlia ser\u00e1 aberta na pr\u00f3xima quinta-feira, no Teatro Pedro Calmon (Setor Militar Urbano), com o concerto que tem como convidados especiais Jorge Vercillo e Beto Dourah. Sob a reg\u00eancia do maestro Thiago Francis, a OFB acompanha os cantores que ir\u00e3o interpretar m\u00fasicas autorais, al\u00e9m de <em>Celestes<\/em> e <em>Desafios<\/em>, das quais s\u00e3o parceiros. Classifica\u00e7\u00e3o indicativa livre.<\/p>\n<p><strong>Pr\u00e9-carnaval<\/strong><\/p>\n<p>O j\u00e1 tradicional pr\u00e9-carnavalesco Feijuca do Iate agita o sal\u00e3o social do clube em 23 de fevereiro, a partir das 13h. A anima\u00e7\u00e3o fica por conta dos shows da sambista Dhi Ribeiro e do cantor de ax\u00e9 Guga Camafeu. N\u00e3o recomendado para menores de 18 anos.<\/p>\n<p><strong>Cantando Sinatra<\/strong><\/p>\n<p>A edi\u00e7\u00e3o de 2019 do <em>Projeto Tributos<\/em>, no Teatro dos Banc\u00e1rios (entrequadra 314\/315 Sul), tem in\u00edcio no dia 15 pr\u00f3ximo com o show <em>Frankamente Sinatra<\/em>, de H\u00e9lcio Hime. Al\u00e9m de interpretar cl\u00e1ssicos da obra de Sinatra, entre eles <em>Fly me to the moon<\/em>, <em>My way<\/em>, <em>Night and day<\/em> e, claro,<em> New York New York<\/em>, o cantor vai contar hist\u00f3rias sobre o astro que revelam o homem por tr\u00e1s do mito. N\u00e3o recomendado para menores de 14 anos.<\/p>\n<p><strong>Trilha sonora<\/strong><\/p>\n<p><em>Baioque<\/em>, <em>Basta um dia<\/em>, <em>C\u00e1lice<\/em> e <em>Gota d\u2019\u00c1gua<\/em> s\u00e3o algumas das m\u00fasicas que fazem parte da trilha sonora do espet\u00e1culo <em>Gota d\u2019\u00c1gua (A seco)<\/em>, nova vers\u00e3o da pe\u00e7a cl\u00e1ssica de Chico Buarque e Paulo Pontes, protagonizada pela atriz Laila Garin e pelo ator Alejandro Claveaux. O musical fica em cartaz de 8 a 10 pr\u00f3ximos, no Teatro Unip (913 Sul). N\u00e3o recomendado para menores de 14 anos.<\/p>\n<p><strong>Show intimista<\/strong><\/p>\n<p>Fernando Anitelli, criador da banda Teatro M\u00e1gico, se apresenta dias 9 e 10 pr\u00f3ximos, no Teatro dos Banc\u00e1rios. Em show intimista de viol\u00e3o e voz, ele solta a voz ao passear pelo extenso repert\u00f3rio do seu grupo \u2014 totalmente autoral \u2014, registrado em sete CDs e tr\u00eas DVDs. Classifica\u00e7\u00e3o indicativa livre.<\/p>\n<p><strong>Folia baiana<\/strong><\/p>\n<p>O cantor e compositor Tomate, um dos respons\u00e1veis pela renova\u00e7\u00e3o da ax\u00e9 music, volta \u00e0 capital, em 3 de fevereiro, para comandar o Bloco do Abra\u00e7o, em pr\u00e9-carnaval na Orla do Lago Norte. Na festa, que come\u00e7a \u00e0s 16h, ele revisita sucessos do seu repert\u00f3rio, entre os quais Cora\u00e7\u00e3o, O segredo, Sempre te amar e Te espero no Farol. N\u00e3o recomendado para menores de 16 anos.<\/p>\n<p><strong>Ritmos em ebuli\u00e7\u00e3o<\/strong><\/p>\n<figure id=\"attachment_661\" aria-describedby=\"caption-attachment-661\" style=\"width: 800px\" class=\"wp-caption aligncenter\"><img loading=\"lazy\" decoding=\"async\" class=\"size-full wp-image-661\" src=\"https:\/\/blogs.correiobraziliense.com.br\/trilhasonora\/wp-content\/uploads\/sites\/39\/2019\/01\/CBNFOT271120170165.jpg\" alt=\"\" width=\"800\" height=\"466\" srcset=\"https:\/\/blogs.correiobraziliense.com.br\/trilhasonora\/wp-content\/uploads\/sites\/39\/2019\/01\/CBNFOT271120170165.jpg 800w, https:\/\/blogs.correiobraziliense.com.br\/trilhasonora\/wp-content\/uploads\/sites\/39\/2019\/01\/CBNFOT271120170165-300x175.jpg 300w, https:\/\/blogs.correiobraziliense.com.br\/trilhasonora\/wp-content\/uploads\/sites\/39\/2019\/01\/CBNFOT271120170165-768x447.jpg 768w, https:\/\/blogs.correiobraziliense.com.br\/trilhasonora\/wp-content\/uploads\/sites\/39\/2019\/01\/CBNFOT271120170165-550x320.jpg 550w, https:\/\/blogs.correiobraziliense.com.br\/trilhasonora\/wp-content\/uploads\/sites\/39\/2019\/01\/CBNFOT271120170165-230x134.jpg 230w\" sizes=\"auto, (max-width: 800px) 100vw, 800px\" \/><figcaption id=\"caption-attachment-661\" class=\"wp-caption-text\">Cr\u00e9dito: Jardel Souza\/Divulga\u00e7\u00e3o. Grupo Baiana System.<\/figcaption><\/figure>\n<p>Grupo que vem causando ebuli\u00e7\u00e3o na m\u00fasica brasileira, ao misturar elementos tradicionais de ritmos da Bahia, como frevo, ijex\u00e1, afox\u00e9 e samba reggae com batidas eletr\u00f4nicas, o Baiana System \u2014 formado por Russo Passapusso, Roberto Barreto e SekoBass \u2014 \u00e9 a principal atra\u00e7\u00e3o do projeto Imagina no carnaval, que ocupa o Setor Banc\u00e1rio Sul, nos dias 15 e 16 pr\u00f3ximos. Outros destaques s\u00e3o os blocos brasilienses Divinas Tetas, Eduardo e M\u00f4nica, Essa Boquinha eu j\u00e1 Beijei e Novos Candangos.<\/p>\n","protected":false},"excerpt":{"rendered":"<p>Confira a coluna Sons da Noite publicada nesta sexta-feira (25\/1) no Divirta-se Mais<\/p>\n","protected":false},"author":84,"featured_media":660,"comment_status":"open","ping_status":"open","sticky":false,"template":"","format":"standard","meta":{"footnotes":""},"categories":[27],"tags":[],"class_list":["post-659","post","type-post","status-publish","format-standard","has-post-thumbnail","hentry","category-coluna-sons-da-noite"],"_links":{"self":[{"href":"https:\/\/blogs.correiobraziliense.com.br\/trilhasonora\/wp-json\/wp\/v2\/posts\/659","targetHints":{"allow":["GET"]}}],"collection":[{"href":"https:\/\/blogs.correiobraziliense.com.br\/trilhasonora\/wp-json\/wp\/v2\/posts"}],"about":[{"href":"https:\/\/blogs.correiobraziliense.com.br\/trilhasonora\/wp-json\/wp\/v2\/types\/post"}],"author":[{"embeddable":true,"href":"https:\/\/blogs.correiobraziliense.com.br\/trilhasonora\/wp-json\/wp\/v2\/users\/84"}],"replies":[{"embeddable":true,"href":"https:\/\/blogs.correiobraziliense.com.br\/trilhasonora\/wp-json\/wp\/v2\/comments?post=659"}],"version-history":[{"count":1,"href":"https:\/\/blogs.correiobraziliense.com.br\/trilhasonora\/wp-json\/wp\/v2\/posts\/659\/revisions"}],"predecessor-version":[{"id":662,"href":"https:\/\/blogs.correiobraziliense.com.br\/trilhasonora\/wp-json\/wp\/v2\/posts\/659\/revisions\/662"}],"wp:featuredmedia":[{"embeddable":true,"href":"https:\/\/blogs.correiobraziliense.com.br\/trilhasonora\/wp-json\/wp\/v2\/media\/660"}],"wp:attachment":[{"href":"https:\/\/blogs.correiobraziliense.com.br\/trilhasonora\/wp-json\/wp\/v2\/media?parent=659"}],"wp:term":[{"taxonomy":"category","embeddable":true,"href":"https:\/\/blogs.correiobraziliense.com.br\/trilhasonora\/wp-json\/wp\/v2\/categories?post=659"},{"taxonomy":"post_tag","embeddable":true,"href":"https:\/\/blogs.correiobraziliense.com.br\/trilhasonora\/wp-json\/wp\/v2\/tags?post=659"}],"curies":[{"name":"wp","href":"https:\/\/api.w.org\/{rel}","templated":true}]}}