{"id":651,"date":"2019-01-11T10:00:41","date_gmt":"2019-01-11T12:00:41","guid":{"rendered":"https:\/\/blogs.correiobraziliense.com.br\/trilhasonora\/?p=651"},"modified":"2019-01-11T10:00:41","modified_gmt":"2019-01-11T12:00:41","slug":"sons-da-noite-nelson-freire-se-apresenta-em-brasilia-em-17-de-janeiro","status":"publish","type":"post","link":"https:\/\/blogs.correiobraziliense.com.br\/trilhasonora\/sons-da-noite-nelson-freire-se-apresenta-em-brasilia-em-17-de-janeiro\/","title":{"rendered":"Sons da Noite: Nelson Freire se apresenta em Bras\u00edlia em 17 de janeiro"},"content":{"rendered":"<h3>Confira a coluna Sons da Noite publicada nesta sexta-feira (11\/1) no caderno Divirta-se Mais<\/h3>\n<p><strong>Mestre do piano<\/strong><\/p>\n<p>Considerado um dos maiores pianistas do mundo, Nelson Freire volta a Bras\u00edlia depois de 10 anos de aus\u00eancia. O consagrado artista brasileiro se apresenta dia 17 pr\u00f3ximo, \u00e0s 20h30, no Audit\u00f3rio da Funda\u00e7\u00e3o Habitacional do Ex\u00e9rcito (FHE), no Setor Militar Urbano.<\/p>\n<p>Estrela de primeira grandeza no cen\u00e1rio internacional, ele atuou em mais de 80 pa\u00edses ao lado de famosos regentes e prestigiadas orquestras. Sua arte foi retratada no comovente document\u00e1rio Um filme sobre um homem e sua m\u00fasica, dirigido pelo cineasta Jo\u00e3o Moreira Salles.<\/p>\n<p>No concerto na capital, Nelson Freire interpreta, na primeira parte, pe\u00e7as de Scarlatti, H\u00e4ndel e Beethoven; e, na segunda, composi\u00e7\u00f5es de Chopin, Rachmaninoff, Villa-Lobos e Alb\u00e9niz. N\u00e3o recomendado para menores de 12 anos.<\/p>\n<p><strong>Eu recomendo<\/strong><\/p>\n<p>Paulo Beto, conhecido como Anvil FX, \u00e9 a primeira atra\u00e7\u00e3o do projeto <em>Solo M\u00fasica<\/em> em 2019, dia 16 pr\u00f3ximo, no Teatro da Caixa. Artista que promove intera\u00e7\u00e3o entre as batidas eletr\u00f4nicas de linguagem pop e o universo da m\u00fasica cl\u00e1ssica, no show, ele vai prestar tributo a Johann Sebastian Bach e homenagear o maestro e compositor brasiliense Jorge Antunes \u2014 precursor da m\u00fasica eletroac\u00fastica no Brasil. N\u00e3o recomendado para menores de 12 anos.<\/p>\n<p><strong>Gota d\u2019\u00e1gua<\/strong><\/p>\n<p>Cl\u00e1ssico do teatro musical brasileiro, <em>Gota d\u2019\u00e1gua<\/em>, de Chico Buarque e Paulo Pontes, ganhou uma vers\u00e3o mais enxuta, protagonizada por Laila Garin (que brilhou no espet\u00e1culo <em>Elis, a musical<\/em>) e Alejandro Claveaux. Gota d\u2019\u00e1gua cumpriu temporada vitoriosa no Rio de Janeiro e chega \u00e0 cidade para cumprir curta temporada, de 8 a 10 de fevereiro, no Teatro da Unip (913 Sul). N\u00e3o recomendado para menores de 14 anos.<\/p>\n<p><strong>Pr\u00e9-carnaval<\/strong><\/p>\n<p>A Banda Eva, que vai se revezar com Durval L\u00e9lys, no comando do bloco Me Abra\u00e7a, no carnaval de Salvador, \u00e9 um dos destaques do projeto Viva, que ocupa o gramado do clube Ases (ao lado do Pier 21). O grupo, liderado pelo vocalista Felipe Pezzonni, faz show, em clima de pr\u00e9-carnaval, em 10 de fevereiro. N\u00e3o recomendado para menores de 16 anos.<\/p>\n<p><strong>Concerto sinf\u00f4nico<\/strong><\/p>\n<p>O Espa\u00e7o Cultural Renato Russo vem desenvolvendo intensa e diversificada programa\u00e7\u00e3o neste m\u00eas. Nos dias 26 e 27, a Orquestra Capital Philharmonia faz o primeiro concerto sob a reg\u00eancia do maestro Em\u00edlio de C\u00e9sar, e do programa, fazem parte pe\u00e7as de Bart\u00f3k, Mozart e Ravel. Classifica\u00e7\u00e3o indicativa livre.<\/p>\n<p><strong>Agito baiano<\/strong><\/p>\n<p>Desde que voltou a fazer sucesso, o \u00c9 o Tchan tem vindo com frequ\u00eancia a Bras\u00edlia. No pr\u00f3ximo dia 19, Beto Jamaica, Cumpadre Washington e as bailarinas agitam a boate Yurb (Avenida das Na\u00e7\u00f5es) com hits como <em>Dan\u00e7a da cordinha<\/em>, <em>Na boquinha da garrafa<\/em>, <em>Pau que nasce torto<\/em> e, claro, <em>Segura o tchan<\/em>. N\u00e3o recomendado para menores de 18 anos.<\/p>\n<p><strong>Musas pop<\/strong><\/p>\n<p>Tributo a Madonna e a Lady Gaga ser\u00e1 prestado s\u00e1bado (12\/1), \u00e0s 22h, no Velvet Pub (102 Norte) pela cantora Michele Chitko, acompanhado pela banda Romanov. O DJ Ferris comanda as picapes antes e depois do show. N\u00e3o recomendado para menores de 18 anos.<\/p>\n<p><strong>Vozes brasilienses<\/strong><\/p>\n<p>As cantoras Lu\u00edza Lapa e Clara Telles juntam as vozes em show sexta (11), \u00e0s 21h30, no Feiti\u00e7o Mineiro, em que passeiam pelo repert\u00f3rio de Marisa Monte, Caetano Veloso, Chico Buarque e Djavan, acompanhadas por Luiz Duarte (viol\u00e3o) e Almir C\u00e1ssio (bateria). Lu\u00edza participou no eixo Rio-S\u00e3o Paulo de musicais de sucesso como <em>A Novi\u00e7a Rebelde<\/em>, <em>Chacrinha<\/em> e <em>Os Miser\u00e1veis<\/em>. Clara lan\u00e7ou recentemente o CD <em>Cabe\u00e7a prenha<\/em>.<\/p>\n","protected":false},"excerpt":{"rendered":"<p>Confira a coluna Sons da Noite publicada nesta sexta-feira (11\/1) no caderno Divirta-se Mais Mestre do piano Considerado um dos maiores pianistas do mundo, Nelson Freire volta a Bras\u00edlia depois de 10 anos de aus\u00eancia. O consagrado artista brasileiro se apresenta dia 17 pr\u00f3ximo, \u00e0s 20h30, no Audit\u00f3rio da Funda\u00e7\u00e3o Habitacional do Ex\u00e9rcito (FHE), no Setor Militar Urbano. Estrela de [&hellip;]<\/p>\n","protected":false},"author":84,"featured_media":652,"comment_status":"open","ping_status":"open","sticky":false,"template":"","format":"standard","meta":{"footnotes":""},"categories":[27],"tags":[],"class_list":["post-651","post","type-post","status-publish","format-standard","has-post-thumbnail","hentry","category-coluna-sons-da-noite"],"_links":{"self":[{"href":"https:\/\/blogs.correiobraziliense.com.br\/trilhasonora\/wp-json\/wp\/v2\/posts\/651","targetHints":{"allow":["GET"]}}],"collection":[{"href":"https:\/\/blogs.correiobraziliense.com.br\/trilhasonora\/wp-json\/wp\/v2\/posts"}],"about":[{"href":"https:\/\/blogs.correiobraziliense.com.br\/trilhasonora\/wp-json\/wp\/v2\/types\/post"}],"author":[{"embeddable":true,"href":"https:\/\/blogs.correiobraziliense.com.br\/trilhasonora\/wp-json\/wp\/v2\/users\/84"}],"replies":[{"embeddable":true,"href":"https:\/\/blogs.correiobraziliense.com.br\/trilhasonora\/wp-json\/wp\/v2\/comments?post=651"}],"version-history":[{"count":1,"href":"https:\/\/blogs.correiobraziliense.com.br\/trilhasonora\/wp-json\/wp\/v2\/posts\/651\/revisions"}],"predecessor-version":[{"id":653,"href":"https:\/\/blogs.correiobraziliense.com.br\/trilhasonora\/wp-json\/wp\/v2\/posts\/651\/revisions\/653"}],"wp:featuredmedia":[{"embeddable":true,"href":"https:\/\/blogs.correiobraziliense.com.br\/trilhasonora\/wp-json\/wp\/v2\/media\/652"}],"wp:attachment":[{"href":"https:\/\/blogs.correiobraziliense.com.br\/trilhasonora\/wp-json\/wp\/v2\/media?parent=651"}],"wp:term":[{"taxonomy":"category","embeddable":true,"href":"https:\/\/blogs.correiobraziliense.com.br\/trilhasonora\/wp-json\/wp\/v2\/categories?post=651"},{"taxonomy":"post_tag","embeddable":true,"href":"https:\/\/blogs.correiobraziliense.com.br\/trilhasonora\/wp-json\/wp\/v2\/tags?post=651"}],"curies":[{"name":"wp","href":"https:\/\/api.w.org\/{rel}","templated":true}]}}