{"id":647,"date":"2019-01-09T11:08:59","date_gmt":"2019-01-09T13:08:59","guid":{"rendered":"https:\/\/blogs.correiobraziliense.com.br\/trilhasonora\/?p=647"},"modified":"2019-01-09T11:03:02","modified_gmt":"2019-01-09T13:03:02","slug":"nossos-compositores-e-nossas-compositoras","status":"publish","type":"post","link":"https:\/\/blogs.correiobraziliense.com.br\/trilhasonora\/nossos-compositores-e-nossas-compositoras\/","title":{"rendered":"Nossos compositores e nossas compositoras"},"content":{"rendered":"<p>Confira as duas mat\u00e9rias publicadas no Divers\u00e3o &amp; Arte sobre os <a href=\"https:\/\/www.correiobraziliense.com.br\/app\/noticia\/diversao-e-arte\/2018\/12\/18\/interna_diversao_arte,725923\/talentos-musicais-de-brasilia.shtml\">compositores<\/a> e as <a href=\"https:\/\/www.correiobraziliense.com.br\/app\/noticia\/diversao-e-arte\/2019\/01\/06\/interna_diversao_arte,729029\/compositoras-de-brasilia.shtml\">compositoras<\/a> de Bras\u00edlia<\/p>\n<p><img loading=\"lazy\" decoding=\"async\" class=\"aligncenter size-large wp-image-648\" src=\"https:\/\/blogs.correiobraziliense.com.br\/trilhasonora\/wp-content\/uploads\/sites\/39\/2019\/01\/Nossos-compositores-1-541x1024.jpg\" alt=\"\" width=\"541\" height=\"1024\" srcset=\"https:\/\/blogs.correiobraziliense.com.br\/trilhasonora\/wp-content\/uploads\/sites\/39\/2019\/01\/Nossos-compositores-1-541x1024.jpg 541w, https:\/\/blogs.correiobraziliense.com.br\/trilhasonora\/wp-content\/uploads\/sites\/39\/2019\/01\/Nossos-compositores-1-158x300.jpg 158w, https:\/\/blogs.correiobraziliense.com.br\/trilhasonora\/wp-content\/uploads\/sites\/39\/2019\/01\/Nossos-compositores-1-768x1454.jpg 768w, https:\/\/blogs.correiobraziliense.com.br\/trilhasonora\/wp-content\/uploads\/sites\/39\/2019\/01\/Nossos-compositores-1-550x1041.jpg 550w, https:\/\/blogs.correiobraziliense.com.br\/trilhasonora\/wp-content\/uploads\/sites\/39\/2019\/01\/Nossos-compositores-1-230x435.jpg 230w, https:\/\/blogs.correiobraziliense.com.br\/trilhasonora\/wp-content\/uploads\/sites\/39\/2019\/01\/Nossos-compositores-1.jpg 1200w\" sizes=\"auto, (max-width: 541px) 100vw, 541px\" \/><\/p>\n<p><img loading=\"lazy\" decoding=\"async\" class=\"aligncenter size-large wp-image-649\" src=\"https:\/\/blogs.correiobraziliense.com.br\/trilhasonora\/wp-content\/uploads\/sites\/39\/2019\/01\/Nossas-compositoras-1-738x1024.jpg\" alt=\"\" width=\"738\" height=\"1024\" srcset=\"https:\/\/blogs.correiobraziliense.com.br\/trilhasonora\/wp-content\/uploads\/sites\/39\/2019\/01\/Nossas-compositoras-1-738x1024.jpg 738w, https:\/\/blogs.correiobraziliense.com.br\/trilhasonora\/wp-content\/uploads\/sites\/39\/2019\/01\/Nossas-compositoras-1-216x300.jpg 216w, https:\/\/blogs.correiobraziliense.com.br\/trilhasonora\/wp-content\/uploads\/sites\/39\/2019\/01\/Nossas-compositoras-1-768x1065.jpg 768w, https:\/\/blogs.correiobraziliense.com.br\/trilhasonora\/wp-content\/uploads\/sites\/39\/2019\/01\/Nossas-compositoras-1-550x763.jpg 550w, https:\/\/blogs.correiobraziliense.com.br\/trilhasonora\/wp-content\/uploads\/sites\/39\/2019\/01\/Nossas-compositoras-1-230x319.jpg 230w, https:\/\/blogs.correiobraziliense.com.br\/trilhasonora\/wp-content\/uploads\/sites\/39\/2019\/01\/Nossas-compositoras-1.jpg 1200w\" sizes=\"auto, (max-width: 738px) 100vw, 738px\" \/><\/p>\n","protected":false},"excerpt":{"rendered":"<p>Confira as duas mat\u00e9rias publicadas no Divers\u00e3o &amp; Arte sobre os compositores e as compositoras de Bras\u00edlia<\/p>\n","protected":false},"author":84,"featured_media":0,"comment_status":"open","ping_status":"open","sticky":false,"template":"","format":"standard","meta":{"footnotes":""},"categories":[113],"tags":[],"class_list":["post-647","post","type-post","status-publish","format-standard","hentry","category-materia"],"_links":{"self":[{"href":"https:\/\/blogs.correiobraziliense.com.br\/trilhasonora\/wp-json\/wp\/v2\/posts\/647","targetHints":{"allow":["GET"]}}],"collection":[{"href":"https:\/\/blogs.correiobraziliense.com.br\/trilhasonora\/wp-json\/wp\/v2\/posts"}],"about":[{"href":"https:\/\/blogs.correiobraziliense.com.br\/trilhasonora\/wp-json\/wp\/v2\/types\/post"}],"author":[{"embeddable":true,"href":"https:\/\/blogs.correiobraziliense.com.br\/trilhasonora\/wp-json\/wp\/v2\/users\/84"}],"replies":[{"embeddable":true,"href":"https:\/\/blogs.correiobraziliense.com.br\/trilhasonora\/wp-json\/wp\/v2\/comments?post=647"}],"version-history":[{"count":1,"href":"https:\/\/blogs.correiobraziliense.com.br\/trilhasonora\/wp-json\/wp\/v2\/posts\/647\/revisions"}],"predecessor-version":[{"id":650,"href":"https:\/\/blogs.correiobraziliense.com.br\/trilhasonora\/wp-json\/wp\/v2\/posts\/647\/revisions\/650"}],"wp:attachment":[{"href":"https:\/\/blogs.correiobraziliense.com.br\/trilhasonora\/wp-json\/wp\/v2\/media?parent=647"}],"wp:term":[{"taxonomy":"category","embeddable":true,"href":"https:\/\/blogs.correiobraziliense.com.br\/trilhasonora\/wp-json\/wp\/v2\/categories?post=647"},{"taxonomy":"post_tag","embeddable":true,"href":"https:\/\/blogs.correiobraziliense.com.br\/trilhasonora\/wp-json\/wp\/v2\/tags?post=647"}],"curies":[{"name":"wp","href":"https:\/\/api.w.org\/{rel}","templated":true}]}}