{"id":623,"date":"2018-12-21T11:58:13","date_gmt":"2018-12-21T13:58:13","guid":{"rendered":"https:\/\/blogs.correiobraziliense.com.br\/trilhasonora\/?p=623"},"modified":"2018-12-21T11:58:13","modified_gmt":"2018-12-21T13:58:13","slug":"sons-da-noite-moraes-moreira-abre-a-temporada-de-shows-no-teatro-da-caixa","status":"publish","type":"post","link":"https:\/\/blogs.correiobraziliense.com.br\/trilhasonora\/sons-da-noite-moraes-moreira-abre-a-temporada-de-shows-no-teatro-da-caixa\/","title":{"rendered":"Sons da Noite: Moraes Moreira abre a temporada de shows no Teatro da Caixa"},"content":{"rendered":"<h3>Confira a coluna Sons da Noite publicada nesta sexta-feira (21\/12) no Divirta-se Mais<\/h3>\n<p><strong>Cantorias e cord\u00e9is<\/strong><\/p>\n<p>A temporada de shows do Teatro da Caixa ser\u00e1 aberta por Moraes Moreira, que cumprir\u00e1 temporada de 11 a 13 de janeiro, acompanhado pelo filho e guitarrista Davi Moraes. Eles apresentar\u00e3o o espet\u00e1culo <em>M\u00fasica e poesia<\/em>, que inclui cantorias, poemas e cord\u00e9is.<\/p>\n<p>Do roteiro, far\u00e3o parte homenagens a poetas e escritores que influenciaram o cantor e compositor, entre eles, Jorge Amado, Jo\u00e3o Ubaldo Ribeiro, Manoel Bandeira, Guimar\u00e3es Rosa, Carlos Drummond de Andrade e C\u00e2mara Cascudo. Na parte musical, al\u00e9m de cl\u00e1ssicos dos Novos Baianos, h\u00e1 can\u00e7\u00f5es de sucesso de Moraes e in\u00e9ditas dele registradas no CD <em>Ser t\u00e3o<\/em>, entre as quais, <em>De cantor pra cantador<\/em> e <em>Nordestino do s\u00e9culo<\/em>, com a qual homenageia Luiz Gonzaga. N\u00e3o recomendado para menores de 12 anos.<\/p>\n<p><strong>Eu recomendo<\/strong><\/p>\n<p>Renata Jambeiro \u00e9 a atra\u00e7\u00e3o da \u00faltima feijoada de 2018 do Caf\u00e9 Musical do Clube do Choro (Eixo Monumental), no s\u00e1bado (22\/12), a partir do meio-dia. Al\u00e9m de cria\u00e7\u00f5es de mestres do samba, ela vai cantar composi\u00e7\u00f5es autorais, inclusive as inclu\u00eddas no<em> Afrodisia<\/em>, do seu \u00e1lbum rec\u00e9m-lan\u00e7ado. Classifica\u00e7\u00e3o indicativa livre.<\/p>\n<p><strong>Misturas criativas<\/strong><\/p>\n<figure id=\"attachment_625\" aria-describedby=\"caption-attachment-625\" style=\"width: 820px\" class=\"wp-caption aligncenter\"><img loading=\"lazy\" decoding=\"async\" class=\"size-full wp-image-625\" src=\"https:\/\/blogs.correiobraziliense.com.br\/trilhasonora\/wp-content\/uploads\/sites\/39\/2018\/12\/20161121190141594209o.jpg\" alt=\"\" width=\"820\" height=\"437\" srcset=\"https:\/\/blogs.correiobraziliense.com.br\/trilhasonora\/wp-content\/uploads\/sites\/39\/2018\/12\/20161121190141594209o.jpg 820w, https:\/\/blogs.correiobraziliense.com.br\/trilhasonora\/wp-content\/uploads\/sites\/39\/2018\/12\/20161121190141594209o-300x160.jpg 300w, https:\/\/blogs.correiobraziliense.com.br\/trilhasonora\/wp-content\/uploads\/sites\/39\/2018\/12\/20161121190141594209o-768x409.jpg 768w, https:\/\/blogs.correiobraziliense.com.br\/trilhasonora\/wp-content\/uploads\/sites\/39\/2018\/12\/20161121190141594209o-550x293.jpg 550w, https:\/\/blogs.correiobraziliense.com.br\/trilhasonora\/wp-content\/uploads\/sites\/39\/2018\/12\/20161121190141594209o-230x123.jpg 230w\" sizes=\"auto, (max-width: 820px) 100vw, 820px\" \/><figcaption id=\"caption-attachment-625\" class=\"wp-caption-text\">Cr\u00e9dito: Priscila Tessarini\/Divulga\u00e7\u00e3o<\/figcaption><\/figure>\n<p><em>Mashups ao vivo<\/em> \u00e9 o que o multi-instrumentista e cantor Milton Guedes faz no s\u00e1bado (22), \u00e0s 21h, em show no Espa\u00e7o Cultural do Choro (Eixo Monumental). S\u00e3o criativas misturas de sucessos de astros da m\u00fasica popular brasileira e internacional, como Tim Maia, Roberto e Erasmo Carlos, Caetano Veloso, Djavan, Stevie Wonder, Jack Johnson, Amy Winehouse, Beyonc\u00e9 e Black Eyed Peas. Milton, atualmente, \u00e9 o produtor musical dos programas <em>Dancing Brasil<\/em> e <em>Canta Comigo<\/em>, da TV Record. N\u00e3o recomendado para menores de 14 anos.<\/p>\n<p><strong>Noite latina<\/strong><\/p>\n<p>Salsa, merengue, bachata e reggaeton s\u00e3o ritmos que o DJ Tumba\u2019o vai tocar na Noite Latina, s\u00e1bado (22), a partir das 20h, no barco Happy Day, que sai do hangar da ASSTJ, no Setor de Clubes Norte. Haver\u00e1 a participa\u00e7\u00e3o de dan\u00e7arinas do grupo Coraz\u00f3n Salsero. N\u00e3o recomendado para menores de 18 anos. Informa\u00e7\u00f5es: 98410-1743.<\/p>\n","protected":false},"excerpt":{"rendered":"<p>Confira a coluna Sons da Noite publicada nesta sexta-feira (21\/12) no Divirta-se Mais Cantorias e cord\u00e9is A temporada de shows do Teatro da Caixa ser\u00e1 aberta por Moraes Moreira, que cumprir\u00e1 temporada de 11 a 13 de janeiro, acompanhado pelo filho e guitarrista Davi Moraes. Eles apresentar\u00e3o o espet\u00e1culo M\u00fasica e poesia, que inclui cantorias, poemas e cord\u00e9is. Do roteiro, [&hellip;]<\/p>\n","protected":false},"author":84,"featured_media":624,"comment_status":"open","ping_status":"open","sticky":false,"template":"","format":"standard","meta":{"footnotes":""},"categories":[27],"tags":[],"class_list":["post-623","post","type-post","status-publish","format-standard","has-post-thumbnail","hentry","category-coluna-sons-da-noite"],"_links":{"self":[{"href":"https:\/\/blogs.correiobraziliense.com.br\/trilhasonora\/wp-json\/wp\/v2\/posts\/623","targetHints":{"allow":["GET"]}}],"collection":[{"href":"https:\/\/blogs.correiobraziliense.com.br\/trilhasonora\/wp-json\/wp\/v2\/posts"}],"about":[{"href":"https:\/\/blogs.correiobraziliense.com.br\/trilhasonora\/wp-json\/wp\/v2\/types\/post"}],"author":[{"embeddable":true,"href":"https:\/\/blogs.correiobraziliense.com.br\/trilhasonora\/wp-json\/wp\/v2\/users\/84"}],"replies":[{"embeddable":true,"href":"https:\/\/blogs.correiobraziliense.com.br\/trilhasonora\/wp-json\/wp\/v2\/comments?post=623"}],"version-history":[{"count":1,"href":"https:\/\/blogs.correiobraziliense.com.br\/trilhasonora\/wp-json\/wp\/v2\/posts\/623\/revisions"}],"predecessor-version":[{"id":626,"href":"https:\/\/blogs.correiobraziliense.com.br\/trilhasonora\/wp-json\/wp\/v2\/posts\/623\/revisions\/626"}],"wp:featuredmedia":[{"embeddable":true,"href":"https:\/\/blogs.correiobraziliense.com.br\/trilhasonora\/wp-json\/wp\/v2\/media\/624"}],"wp:attachment":[{"href":"https:\/\/blogs.correiobraziliense.com.br\/trilhasonora\/wp-json\/wp\/v2\/media?parent=623"}],"wp:term":[{"taxonomy":"category","embeddable":true,"href":"https:\/\/blogs.correiobraziliense.com.br\/trilhasonora\/wp-json\/wp\/v2\/categories?post=623"},{"taxonomy":"post_tag","embeddable":true,"href":"https:\/\/blogs.correiobraziliense.com.br\/trilhasonora\/wp-json\/wp\/v2\/tags?post=623"}],"curies":[{"name":"wp","href":"https:\/\/api.w.org\/{rel}","templated":true}]}}