{"id":618,"date":"2018-12-14T08:00:08","date_gmt":"2018-12-14T10:00:08","guid":{"rendered":"https:\/\/blogs.correiobraziliense.com.br\/trilhasonora\/?p=618"},"modified":"2018-12-13T18:10:59","modified_gmt":"2018-12-13T20:10:59","slug":"sons-da-noite-viva-brasilia-faz-parte-da-programacao-de-verao-da-capital","status":"publish","type":"post","link":"https:\/\/blogs.correiobraziliense.com.br\/trilhasonora\/sons-da-noite-viva-brasilia-faz-parte-da-programacao-de-verao-da-capital\/","title":{"rendered":"Sons da Noite: Viva Bras\u00edlia faz parte da programa\u00e7\u00e3o de ver\u00e3o da capital"},"content":{"rendered":"<h3>Confira a coluna Sons da Noite desta sexta-feira (14\/12) publicada no Divirta-se Mais<\/h3>\n<p>Shows de ax\u00e9, m\u00fasica pop e funk far\u00e3o parte da programa\u00e7\u00e3o do Viva Bras\u00edlia, projeto de ver\u00e3o que ocupar\u00e1 o gramado do Clube Ases (ao lado do P\u00eder 21), de 26 de janeiro a 17 de fevereiro, sempre aos domingos, no final da tarde.<\/p>\n<p>Haver\u00e1 shows com artistas de ax\u00e9 music, pop e funk, entre eles o cantor Vitor Kley e as bandas Eva, Melim e 3030, al\u00e9m de apresenta\u00e7\u00f5es dos DJs Bhaskar, Bruno Martini e Chemical Surf. N\u00e3o recomendado para menores de 16 anos.<\/p>\n<p><strong>Eu recomendo<\/strong><\/p>\n<p>O percussionista Pedro Ferreira estreia como int\u00e9rprete em show no s\u00e1bado (15\/12), \u00e0s 21h30, no Feiti\u00e7o Mineiro (306 Norte). Integrante do Trio Calangueado, o percussionista, tem como convidados o pai Clodo Ferreira, o irm\u00e3o e violonista Jo\u00e3o Ferreira, a flautista Gabriela Tunes e os companheiros de grupo Ronny Freitas (sanfona) e Paulo Romero (percuss\u00e3o e voz). O repert\u00f3rio \u00e9 bem variado e inclui bai\u00e3o, forr\u00f3, xote e can\u00e7\u00f5es. N\u00e3o recomendado para menores de 18 anos.<\/p>\n<p><strong>Grande Armandinho!<\/strong><\/p>\n<p>O guitarrista e cantor Armandinho Macedo, ao se apresentar no lan\u00e7amento do <a href=\"https:\/\/blogs.correiobraziliense.com.br\/trilhasonora\/carnaval-no-parque-2019-programacao-ingressos\/\">Carnaval do Parque<\/a>, domingo \u00faltimo, no Clube do Choro, deixou os produtores do evento entusiasmados. Com isso, h\u00e1 a possibilidade de o l\u00edder do Trio El\u00e9trico de Dod\u00f4 e Osmar, destaque da folia baiana, se juntar \u00e0s anunciadas atra\u00e7\u00f5es da festa.<\/p>\n<p><strong>Belo Il\u00ea<\/strong><\/p>\n<p>Tradicional bloco afro de Salvador, o Il\u00ea Ay\u00ea ser\u00e1 uma das atra\u00e7\u00f5es da diversificada programa\u00e7\u00e3o do r\u00e9veillon de Bras\u00edlia, produzida pela Secretaria de Cultura. O mais belo dos belos se apresentar\u00e1 na Prainha dos Orix\u00e1s, pr\u00f3ximo \u00e0 Ponte das Gar\u00e7as. A celebra\u00e7\u00e3o da chegada do ano novo no estacionamento do Est\u00e1dio Nacional Man\u00e9 Garrincha ter\u00e1 shows de artistas brasilienses, a partir das 18h; da cantora Naiara Azevedo e do rapper Emicida, no encerramento. Classifica\u00e7\u00e3o indicativa livre.<\/p>\n<p><strong>Talentos brasilienses<\/strong><\/p>\n<p>Dois m\u00fasicos talentosos que deixaram Bras\u00edlia para brilhar no Brasil e no exterior voltam a se apresentar na cidade, mais precisamente no Espa\u00e7o Cultural do Choro, no final da pr\u00f3xima semana. O bandolinista Hamilton de Holanda lan\u00e7a o box com CDs em que homenageia Jacob do Bandolim; enquanto Milton Guedes faz show de mashup, com um repert\u00f3rio em que mistura sucessos nacionais e internacionais. N\u00e3o recomendado para menores de 14 anos.<\/p>\n<p><strong>Concerto natalino<\/strong><\/p>\n<p>A Orquestra Sinf\u00f4nica do Teatro Nacional, sob a reg\u00eancia do maestro Cl\u00e1udio Cohen, faz concerto de Natal na pr\u00f3xima quinta-feira, \u00e0s 21h, no Teatro dos Banc\u00e1rios (entrequadra 314\/315 Sul), \u00e0s 21h. No programa <em>Sinfonia n\u00ba 5<\/em> (Beethoven), su\u00edte <em>Quebra nozes<\/em> (Tchaikovsky) e <em>Christmas Festival<\/em> (Andersen). A entrada \u00e9 franca. Classifica\u00e7\u00e3o indicativa livre.<\/p>\n<p><strong>Cultura popular<\/strong><\/p>\n<p>O Bumba Meu Boi do Seu Teodoro, a companhia Seu Estrelo e o Fu\u00e1 do Terreiro e o grupo de congado Mo\u00e7ambique de Santa Efig\u00eania s\u00e3o as atra\u00e7\u00f5es do projeto Esta\u00e7\u00e3o Cerrado no s\u00e1bado (15\/12), entre as 9h e \u00e0s 16h, na Feira de Artesanato da Torre de TV. A entrada \u00e9 franca. Classifica\u00e7\u00e3o indicativa livre.<\/p>\n<p><strong>Vozes da BSB<\/strong><\/p>\n<p>Cantoras com participa\u00e7\u00e3o em grupos e musicais na cidade, Aline Lakis e Sol Leles agora brilham como vocalistas da nova forma\u00e7\u00e3o da BSB Disco Club, que cumpre temporada no UK Brasil Hall (411 Sul), com casa lotada. A nova apresenta\u00e7\u00e3o da banda \u00e9 na pr\u00f3xima quinta-feira, \u00e0s 21h30. Antes e depois, quem comanda a pista de dan\u00e7a \u00e9 o DJ Jamaica. N\u00e3o recomendado para menores de 18 anos.<\/p>\n","protected":false},"excerpt":{"rendered":"<p>Confira a coluna Sons da Noite desta sexta-feira (14\/12) publicada no Divirta-se Mais Shows de ax\u00e9, m\u00fasica pop e funk far\u00e3o parte da programa\u00e7\u00e3o do Viva Bras\u00edlia, projeto de ver\u00e3o que ocupar\u00e1 o gramado do Clube Ases (ao lado do P\u00eder 21), de 26 de janeiro a 17 de fevereiro, sempre aos domingos, no final da tarde. Haver\u00e1 shows com [&hellip;]<\/p>\n","protected":false},"author":84,"featured_media":619,"comment_status":"open","ping_status":"open","sticky":false,"template":"","format":"standard","meta":{"footnotes":""},"categories":[49],"tags":[],"class_list":["post-618","post","type-post","status-publish","format-standard","has-post-thumbnail","hentry","category-sons-da-noite"],"_links":{"self":[{"href":"https:\/\/blogs.correiobraziliense.com.br\/trilhasonora\/wp-json\/wp\/v2\/posts\/618","targetHints":{"allow":["GET"]}}],"collection":[{"href":"https:\/\/blogs.correiobraziliense.com.br\/trilhasonora\/wp-json\/wp\/v2\/posts"}],"about":[{"href":"https:\/\/blogs.correiobraziliense.com.br\/trilhasonora\/wp-json\/wp\/v2\/types\/post"}],"author":[{"embeddable":true,"href":"https:\/\/blogs.correiobraziliense.com.br\/trilhasonora\/wp-json\/wp\/v2\/users\/84"}],"replies":[{"embeddable":true,"href":"https:\/\/blogs.correiobraziliense.com.br\/trilhasonora\/wp-json\/wp\/v2\/comments?post=618"}],"version-history":[{"count":2,"href":"https:\/\/blogs.correiobraziliense.com.br\/trilhasonora\/wp-json\/wp\/v2\/posts\/618\/revisions"}],"predecessor-version":[{"id":621,"href":"https:\/\/blogs.correiobraziliense.com.br\/trilhasonora\/wp-json\/wp\/v2\/posts\/618\/revisions\/621"}],"wp:featuredmedia":[{"embeddable":true,"href":"https:\/\/blogs.correiobraziliense.com.br\/trilhasonora\/wp-json\/wp\/v2\/media\/619"}],"wp:attachment":[{"href":"https:\/\/blogs.correiobraziliense.com.br\/trilhasonora\/wp-json\/wp\/v2\/media?parent=618"}],"wp:term":[{"taxonomy":"category","embeddable":true,"href":"https:\/\/blogs.correiobraziliense.com.br\/trilhasonora\/wp-json\/wp\/v2\/categories?post=618"},{"taxonomy":"post_tag","embeddable":true,"href":"https:\/\/blogs.correiobraziliense.com.br\/trilhasonora\/wp-json\/wp\/v2\/tags?post=618"}],"curies":[{"name":"wp","href":"https:\/\/api.w.org\/{rel}","templated":true}]}}