{"id":608,"date":"2018-12-07T19:14:21","date_gmt":"2018-12-07T21:14:21","guid":{"rendered":"https:\/\/blogs.correiobraziliense.com.br\/trilhasonora\/?p=608"},"modified":"2018-12-07T19:14:21","modified_gmt":"2018-12-07T21:14:21","slug":"vencer-vencer-vencer-edu-kneip","status":"publish","type":"post","link":"https:\/\/blogs.correiobraziliense.com.br\/trilhasonora\/vencer-vencer-vencer-edu-kneip\/","title":{"rendered":"Vencer Vencer Vencer, disco em homenagem ao Flamengo de Edu Kneip"},"content":{"rendered":"<h3>Cantor e compositor paulista lan\u00e7a CD em que homenageia a gera\u00e7\u00e3o e ouro do Flamengo, narrando musicalmente grandes conquistas do rubro-negro<\/h3>\n<p>Antes de qualquer coisa, impressiona a mem\u00f3ria prodigiosa de Edu Kneip, capaz de armazenar tantos dados e informa\u00e7\u00f5es sobre um dos per\u00edodos mais gloriosos da hist\u00f3ria do Flamengo. Em parte, isso tem a ver com o fato de ele ser um rubro-negro apaixonado e ter vivido tudo o que narra, quando era crian\u00e7a.<\/p>\n<p>Este pre\u00e2mbulo tem uma finalidade: discorrer sobre <em>Vencer vencer vencer<\/em>, \u00e1lbum que Edu, est\u00e1 lan\u00e7ando, tendo como foco 11 vit\u00f3rias hist\u00f3ricas do &#8220;mais querido&#8221;, no per\u00edodo que vai de 1978 e 1992. Tudo \u00e9 contado musicalmente, uma vez que o compositor criou temas diversos para relatar aspectos e curiosidades dos jogos que levaram o Mengo a grandes conquistas.<\/p>\n<p><a href=\"https:\/\/www.youtube.com\/watch?v=5XNOVClqVCU&#038;feature=youtu.be\">https:\/\/www.youtube.com\/watch?v=5XNOVClqVCU&amp;feature=youtu.be<\/a><\/p>\n<p>Por meio de <em>O Deus da Ra\u00e7a<\/em>, por exemplo, ele leva a quem escuta seu relato a ter uma no\u00e7\u00e3o clara de como Rodinelli, de cabe\u00e7a, marcou o gol da vit\u00f3ria do Flamengo sobre o Vasco da Gama, ap\u00f3s cobran\u00e7a de escanteio por Zico, no Maracan\u00e3, em 1978. O tradicional est\u00e1dio foi palco tamb\u00e9m para a goleada aplicada pelo time de Zico e companhia no Botafogo de Jairzinho,em 1981, narrada melodicamente, com propriedade, do come\u00e7o ao fim, por Edu, na faixa <em>O Troco<\/em>.<\/p>\n<p>Ainda mais emocionante \u00e9 quando o cantor, cheio de euforia, em <em>Os 11 Samurais<\/em> &#8212; glorifica os campe\u00f5es do mundo de 1981, na \u00e9pica a vit\u00f3ria de 3 x 0 sobre o os ingleses do Liverpool, no Jap\u00e3o, em 1981, deixando os conterr\u00e2neos dos Beatles frustrados&#8230;<\/p>\n<p>&#8220;Quis com esse projeto prestar homenagem ao grande Flamengo de 1978 a 1983, de Zico, J\u00fanior, Ad\u00edlio, Leandro, Andrade, Tita, Nunes, Raul, Rondinelli e J\u00falio Cesar Uri Geller. O Flamengo campe\u00e3o do mundo&#8221;, explica o paulista de Taubat\u00e9 e morador do Rio de Janeiro desde os 6 anos.<\/p>\n<p>Todos os homenageados, de alguma forma, deram sua contribui\u00e7\u00e3o para que Edu realizasse o <em>Vencer Vencer Vencer.<\/em> H\u00e1 fotos deles com o autor no encarte do CD, assim como um texto de Zico, que na abertura proclama: &#8220;Esse trabalho de Edu Kneip \u00e9 fant\u00e1stico&#8221;.<\/p>\n<p>https:\/\/www.youtube.com\/watch?v=26QI4zWFqGI&#038;feature=youtu.be<\/p>\n<p>O cantor e compositor que, anteriormente, havia lan\u00e7ado dois discos, tem m\u00fasicas gravadas por grandes nomes da MPB como Guinga, M\u00f4nica Salmaso, Leila Pinheiro, Simone Guimar\u00e3es, e pelos novatos Thiago Amud, Ilessi e Luiza Borges.<\/p>\n<p>Quem desejar adquirir o disco, pode entrar em contato com o cantor pelo e-mail edukneip@hmail.com; WhatsApp (021) 99979-4062; ou pelo<a href=\"https:\/\/facebook.com\/EduKneip\"> https:\/\/facebook.com\/EduKneip<\/a><\/p>\n","protected":false},"excerpt":{"rendered":"<p>Cantor e compositor paulista lan\u00e7a CD em que homenageia a gera\u00e7\u00e3o e ouro do Flamengo, narrando musicalmente grandes conquistas do rubro-negro<\/p>\n","protected":false},"author":84,"featured_media":609,"comment_status":"open","ping_status":"open","sticky":false,"template":"","format":"standard","meta":{"footnotes":""},"categories":[113],"tags":[160,159,36,158],"class_list":["post-608","post","type-post","status-publish","format-standard","has-post-thumbnail","hentry","category-materia","tag-edu-kneip","tag-flamengo","tag-musica","tag-vencer-vencer-vencer"],"_links":{"self":[{"href":"https:\/\/blogs.correiobraziliense.com.br\/trilhasonora\/wp-json\/wp\/v2\/posts\/608","targetHints":{"allow":["GET"]}}],"collection":[{"href":"https:\/\/blogs.correiobraziliense.com.br\/trilhasonora\/wp-json\/wp\/v2\/posts"}],"about":[{"href":"https:\/\/blogs.correiobraziliense.com.br\/trilhasonora\/wp-json\/wp\/v2\/types\/post"}],"author":[{"embeddable":true,"href":"https:\/\/blogs.correiobraziliense.com.br\/trilhasonora\/wp-json\/wp\/v2\/users\/84"}],"replies":[{"embeddable":true,"href":"https:\/\/blogs.correiobraziliense.com.br\/trilhasonora\/wp-json\/wp\/v2\/comments?post=608"}],"version-history":[{"count":2,"href":"https:\/\/blogs.correiobraziliense.com.br\/trilhasonora\/wp-json\/wp\/v2\/posts\/608\/revisions"}],"predecessor-version":[{"id":611,"href":"https:\/\/blogs.correiobraziliense.com.br\/trilhasonora\/wp-json\/wp\/v2\/posts\/608\/revisions\/611"}],"wp:featuredmedia":[{"embeddable":true,"href":"https:\/\/blogs.correiobraziliense.com.br\/trilhasonora\/wp-json\/wp\/v2\/media\/609"}],"wp:attachment":[{"href":"https:\/\/blogs.correiobraziliense.com.br\/trilhasonora\/wp-json\/wp\/v2\/media?parent=608"}],"wp:term":[{"taxonomy":"category","embeddable":true,"href":"https:\/\/blogs.correiobraziliense.com.br\/trilhasonora\/wp-json\/wp\/v2\/categories?post=608"},{"taxonomy":"post_tag","embeddable":true,"href":"https:\/\/blogs.correiobraziliense.com.br\/trilhasonora\/wp-json\/wp\/v2\/tags?post=608"}],"curies":[{"name":"wp","href":"https:\/\/api.w.org\/{rel}","templated":true}]}}