{"id":603,"date":"2018-12-07T10:57:25","date_gmt":"2018-12-07T12:57:25","guid":{"rendered":"https:\/\/blogs.correiobraziliense.com.br\/trilhasonora\/?p=603"},"modified":"2018-12-07T10:57:25","modified_gmt":"2018-12-07T12:57:25","slug":"sons-da-noite-dupla-ze-mulato-cassiano-celebra-40-anos-de-carreira","status":"publish","type":"post","link":"https:\/\/blogs.correiobraziliense.com.br\/trilhasonora\/sons-da-noite-dupla-ze-mulato-cassiano-celebra-40-anos-de-carreira\/","title":{"rendered":"Sons da noite &#8211; Dupla Z\u00e9 Mulato &amp; Cassiano celebra 40 anos de carreira"},"content":{"rendered":"<p><strong>Caipira sinf\u00f4nico<\/strong><\/p>\n<p>A dupla caipira Z\u00e9 Mulato &amp; Cassiano celebrar\u00e1 40 anos de carreira na pr\u00f3xima ter\u00e7a-feira, no Teatro dos Banc\u00e1rios (entrequadra 314\/315 Sul), com um concerto no qual ser\u00e1 acompanhada pela Orquestra Sinf\u00f4nica do Teatro Nacional. Do programa constam sucessos dos irm\u00e3os como Meu c\u00e9u, Navegante das Gerais, O homem e a espingarda e Sauda\u00e7\u00e3o.<\/p>\n<p>Com 14 CDs e um DVD lan\u00e7ados, a dupla de Passa Bem (MG), radicada em Bras\u00edlia desde 1969, conquistou por quatro vezes o Pr\u00eamio da M\u00fasica Brasileira \u2014 o mais recente em 2017 pelo \u00e1lbum Bem humorados. A entrada \u00e9 franca. Classifica\u00e7\u00e3o indicativa livre.<\/p>\n<p><strong>Eu recomendo<\/strong><\/p>\n<p>Int\u00e9rprete de mestres da MPB como Luiz Gonzaga, Tom Jobim, Chico Buarque e Milton Nascimento, Myrlla Muniz faz o show Not\u00edcias do Brasil, hoje, \u00e0s 20h, no Teatro dos Banc\u00e1rios (314\/315 Sul). Acompanhada por Ocelo Mendon\u00e7a (flauta, sax, cello e obo\u00e9 e dire\u00e7\u00e3o musical), Jo\u00e3o Marinho (viol\u00f5es) e George Lacerda (percuss\u00e3o), a cantora cearense radicada em Bras\u00edlia \u00e9 mestre em musicologia pela UnB e professora de canto popular da Escola de M\u00fasica. Classifica\u00e7\u00e3o indicativa livre.<\/p>\n<p><strong>Bem variado<\/strong><\/p>\n<p>A mais antiga banda de baile de Bras\u00edlia e uma das melhores do Brasil, o Squema Seis anima o mais tradicional r\u00e9veillon da capital, o do Iate Clube. Liderado pelo vocalista Maur\u00edcio Tuchal \u2014 \u00fanico remanescente da forma\u00e7\u00e3o original \u2014 o grupo possui repert\u00f3rio variado que vai de cl\u00e1ssicos da m\u00fasica pop nacional e internacional a sucessos da ax\u00e9 music, passando pelo funk e pela m\u00fasica sertaneja. N\u00e3o recomendado para menores de 18 anos.<\/p>\n<p><strong>Sem vergonha<\/strong><\/p>\n<p>Felipe S, vocalista da banda pernambucana Momboj\u00f3 e integrante do projeto Del Rey, \u00e9 o convidado especial da brasiliense Brega &amp; Rosas na festa-show Baile sem vergonha, amanh\u00e3, \u00e0s 23h, no Outro Calaf (Setor Banc\u00e1rio Sul). Quem abre os trabalhos \u00e9 a Charretinha do Forr\u00f3. N\u00e3o recomendado para menores de 18 anos.<\/p>\n<p><strong>Baralho musical<\/strong><\/p>\n<p>O show 4 ases e uma dama, hoje, \u00e0s 21h, no Clube do Choro, re\u00fane no palco os instrumentistas F\u00e9lix Jr. (viol\u00e3o 7 cordas), Valerinho Xavier (cavaquinho), Adil Silva (trombone) e Manga Vieira (bateria), acompanhantes da grande sambista Dhi Ribeiro. Composi\u00e7\u00f5es de Vinicius de Moraes, Gilberto Gil, Gonzaguinha e Dominguinhos v\u00e3o ser interpretadas por eles. N\u00e3o recomendado para menores de 14 anos.<\/p>\n<p><strong>Vozes femininas<\/strong><\/p>\n<p>Cantoras que se destacam no circuito das casas noturnas brasilienses s\u00e3o atra\u00e7\u00f5es neste fim de semana na Dolce Far Niente (215 Sul). Hoje, \u00e0s 20h, a sueca Kajsa Beijer, acompanhada pela pianista Isabelle Marques, faz releitura de cl\u00e1ssicos da bossa nova e pop e de standards de jazz; enquanto amanh\u00e3, no mesmo hor\u00e1rio, Nicole Baggio exibe versatilidade ao interpretar m\u00fasicas de Tom Jobim, Cazuza, Marisa Monte, Frank Sinatra, Etta Jones e Amy Winehouse, na companhia do pianista Cleusson Assis. Classifica\u00e7\u00e3o indicativa livre.<\/p>\n<p><strong>Outra pegada<\/strong><\/p>\n<figure id=\"attachment_605\" aria-describedby=\"caption-attachment-605\" style=\"width: 1024px\" class=\"wp-caption aligncenter\"><img loading=\"lazy\" decoding=\"async\" class=\"size-large wp-image-605\" src=\"https:\/\/blogs.correiobraziliense.com.br\/trilhasonora\/wp-content\/uploads\/sites\/39\/2018\/12\/renata-arruda-1024x555.jpg\" alt=\"\" width=\"1024\" height=\"555\" srcset=\"https:\/\/blogs.correiobraziliense.com.br\/trilhasonora\/wp-content\/uploads\/sites\/39\/2018\/12\/renata-arruda-1024x555.jpg 1024w, https:\/\/blogs.correiobraziliense.com.br\/trilhasonora\/wp-content\/uploads\/sites\/39\/2018\/12\/renata-arruda-300x163.jpg 300w, https:\/\/blogs.correiobraziliense.com.br\/trilhasonora\/wp-content\/uploads\/sites\/39\/2018\/12\/renata-arruda-768x416.jpg 768w, https:\/\/blogs.correiobraziliense.com.br\/trilhasonora\/wp-content\/uploads\/sites\/39\/2018\/12\/renata-arruda-550x298.jpg 550w, https:\/\/blogs.correiobraziliense.com.br\/trilhasonora\/wp-content\/uploads\/sites\/39\/2018\/12\/renata-arruda-230x125.jpg 230w, https:\/\/blogs.correiobraziliense.com.br\/trilhasonora\/wp-content\/uploads\/sites\/39\/2018\/12\/renata-arruda.jpg 1200w\" sizes=\"auto, (max-width: 1024px) 100vw, 1024px\" \/><figcaption id=\"caption-attachment-605\" class=\"wp-caption-text\">2018. Credito: Rafael Passos\/Divulgacao. Cantora Renata Arruda.<\/figcaption><\/figure>\n<p>Cantora paraibana que iniciou a carreira em Bras\u00edlia e depois se destacou na cena musical carioca, onde lan\u00e7ou oito CDs e dois DVDs, Renata Arruda est\u00e1 de volta \u00e0 cidade para apresenta\u00e7\u00e3o no dia 14, \u00e0s 21h30, no Feiti\u00e7o Mineiro. Embora o show tenha por base Outra pegada, o \u00e1lbum mais recente, ela vai interpretar can\u00e7\u00f5es dos outros discos, tendo a companhia do violonista Adriano Ismael. N\u00e3o recomendado para menores de 18 anos.<\/p>\n","protected":false},"excerpt":{"rendered":"<p>Caipira sinf\u00f4nico A dupla caipira Z\u00e9 Mulato &amp; Cassiano celebrar\u00e1 40 anos de carreira na pr\u00f3xima ter\u00e7a-feira, no Teatro dos Banc\u00e1rios (entrequadra 314\/315 Sul), com um concerto no qual ser\u00e1 acompanhada pela Orquestra Sinf\u00f4nica do Teatro Nacional. Do programa constam sucessos dos irm\u00e3os como Meu c\u00e9u, Navegante das Gerais, O homem e a espingarda e Sauda\u00e7\u00e3o. Com 14 CDs e [&hellip;]<\/p>\n","protected":false},"author":84,"featured_media":604,"comment_status":"open","ping_status":"open","sticky":false,"template":"","format":"standard","meta":{"footnotes":""},"categories":[1],"tags":[],"class_list":["post-603","post","type-post","status-publish","format-standard","has-post-thumbnail","hentry","category-sem-categoria"],"_links":{"self":[{"href":"https:\/\/blogs.correiobraziliense.com.br\/trilhasonora\/wp-json\/wp\/v2\/posts\/603","targetHints":{"allow":["GET"]}}],"collection":[{"href":"https:\/\/blogs.correiobraziliense.com.br\/trilhasonora\/wp-json\/wp\/v2\/posts"}],"about":[{"href":"https:\/\/blogs.correiobraziliense.com.br\/trilhasonora\/wp-json\/wp\/v2\/types\/post"}],"author":[{"embeddable":true,"href":"https:\/\/blogs.correiobraziliense.com.br\/trilhasonora\/wp-json\/wp\/v2\/users\/84"}],"replies":[{"embeddable":true,"href":"https:\/\/blogs.correiobraziliense.com.br\/trilhasonora\/wp-json\/wp\/v2\/comments?post=603"}],"version-history":[{"count":1,"href":"https:\/\/blogs.correiobraziliense.com.br\/trilhasonora\/wp-json\/wp\/v2\/posts\/603\/revisions"}],"predecessor-version":[{"id":606,"href":"https:\/\/blogs.correiobraziliense.com.br\/trilhasonora\/wp-json\/wp\/v2\/posts\/603\/revisions\/606"}],"wp:featuredmedia":[{"embeddable":true,"href":"https:\/\/blogs.correiobraziliense.com.br\/trilhasonora\/wp-json\/wp\/v2\/media\/604"}],"wp:attachment":[{"href":"https:\/\/blogs.correiobraziliense.com.br\/trilhasonora\/wp-json\/wp\/v2\/media?parent=603"}],"wp:term":[{"taxonomy":"category","embeddable":true,"href":"https:\/\/blogs.correiobraziliense.com.br\/trilhasonora\/wp-json\/wp\/v2\/categories?post=603"},{"taxonomy":"post_tag","embeddable":true,"href":"https:\/\/blogs.correiobraziliense.com.br\/trilhasonora\/wp-json\/wp\/v2\/tags?post=603"}],"curies":[{"name":"wp","href":"https:\/\/api.w.org\/{rel}","templated":true}]}}