{"id":595,"date":"2018-11-28T12:43:34","date_gmt":"2018-11-28T14:43:34","guid":{"rendered":"https:\/\/blogs.correiobraziliense.com.br\/trilhasonora\/?p=595"},"modified":"2018-11-28T12:43:34","modified_gmt":"2018-11-28T14:43:34","slug":"a-voz-falsete-do-cla-veloso","status":"publish","type":"post","link":"https:\/\/blogs.correiobraziliense.com.br\/trilhasonora\/a-voz-falsete-do-cla-veloso\/","title":{"rendered":"A voz falsete do cl\u00e3 Veloso"},"content":{"rendered":"<p>Zeca, de 26 anos, se destaca no show que divide com Caetano e os irm\u00e3os Moreno e Tom, e ser\u00e1 apresentado neste s\u00e1bado na cidade. <a href=\"https:\/\/www.correiobraziliense.com.br\/app\/noticia\/diversao-e-arte\/2018\/11\/28\/interna_diversao_arte,721917\/entrevista-com-zeca-veloso-filho-de-caetano-veloso.shtml\">Confira a mat\u00e9ria publicada em 28 de novembro no caderno Divers\u00e3o &amp; Arte<\/a>.<\/p>\n<p><img loading=\"lazy\" decoding=\"async\" class=\"aligncenter wp-image-596 size-full\" src=\"https:\/\/blogs.correiobraziliense.com.br\/trilhasonora\/wp-content\/uploads\/sites\/39\/2018\/11\/0001.jpg\" alt=\"\" width=\"1200\" height=\"2272\" srcset=\"https:\/\/blogs.correiobraziliense.com.br\/trilhasonora\/wp-content\/uploads\/sites\/39\/2018\/11\/0001.jpg 1200w, https:\/\/blogs.correiobraziliense.com.br\/trilhasonora\/wp-content\/uploads\/sites\/39\/2018\/11\/0001-158x300.jpg 158w, https:\/\/blogs.correiobraziliense.com.br\/trilhasonora\/wp-content\/uploads\/sites\/39\/2018\/11\/0001-768x1454.jpg 768w, https:\/\/blogs.correiobraziliense.com.br\/trilhasonora\/wp-content\/uploads\/sites\/39\/2018\/11\/0001-541x1024.jpg 541w, https:\/\/blogs.correiobraziliense.com.br\/trilhasonora\/wp-content\/uploads\/sites\/39\/2018\/11\/0001-550x1041.jpg 550w, https:\/\/blogs.correiobraziliense.com.br\/trilhasonora\/wp-content\/uploads\/sites\/39\/2018\/11\/0001-230x435.jpg 230w\" sizes=\"auto, (max-width: 1200px) 100vw, 1200px\" \/><\/p>\n","protected":false},"excerpt":{"rendered":"<p>Zeca, de 26 anos, se destaca no show que divide com Caetano e os irm\u00e3os Moreno e Tom, e ser\u00e1 apresentado neste s\u00e1bado na cidade. Confira a mat\u00e9ria publicada em 28 de novembro no caderno Divers\u00e3o &amp; Arte.<\/p>\n","protected":false},"author":84,"featured_media":0,"comment_status":"open","ping_status":"open","sticky":false,"template":"","format":"standard","meta":{"footnotes":""},"categories":[113],"tags":[98,65],"class_list":["post-595","post","type-post","status-publish","format-standard","hentry","category-materia","tag-ofertorio","tag-zeca-veloso"],"_links":{"self":[{"href":"https:\/\/blogs.correiobraziliense.com.br\/trilhasonora\/wp-json\/wp\/v2\/posts\/595","targetHints":{"allow":["GET"]}}],"collection":[{"href":"https:\/\/blogs.correiobraziliense.com.br\/trilhasonora\/wp-json\/wp\/v2\/posts"}],"about":[{"href":"https:\/\/blogs.correiobraziliense.com.br\/trilhasonora\/wp-json\/wp\/v2\/types\/post"}],"author":[{"embeddable":true,"href":"https:\/\/blogs.correiobraziliense.com.br\/trilhasonora\/wp-json\/wp\/v2\/users\/84"}],"replies":[{"embeddable":true,"href":"https:\/\/blogs.correiobraziliense.com.br\/trilhasonora\/wp-json\/wp\/v2\/comments?post=595"}],"version-history":[{"count":1,"href":"https:\/\/blogs.correiobraziliense.com.br\/trilhasonora\/wp-json\/wp\/v2\/posts\/595\/revisions"}],"predecessor-version":[{"id":597,"href":"https:\/\/blogs.correiobraziliense.com.br\/trilhasonora\/wp-json\/wp\/v2\/posts\/595\/revisions\/597"}],"wp:attachment":[{"href":"https:\/\/blogs.correiobraziliense.com.br\/trilhasonora\/wp-json\/wp\/v2\/media?parent=595"}],"wp:term":[{"taxonomy":"category","embeddable":true,"href":"https:\/\/blogs.correiobraziliense.com.br\/trilhasonora\/wp-json\/wp\/v2\/categories?post=595"},{"taxonomy":"post_tag","embeddable":true,"href":"https:\/\/blogs.correiobraziliense.com.br\/trilhasonora\/wp-json\/wp\/v2\/tags?post=595"}],"curies":[{"name":"wp","href":"https:\/\/api.w.org\/{rel}","templated":true}]}}