{"id":557,"date":"2018-11-02T13:59:09","date_gmt":"2018-11-02T16:59:09","guid":{"rendered":"https:\/\/blogs.correiobraziliense.com.br\/trilhasonora\/?p=557"},"modified":"2018-11-09T15:04:56","modified_gmt":"2018-11-09T17:04:56","slug":"capital-inicial-lanca-de-ineditas-saiba-mais-sobre-sonora","status":"publish","type":"post","link":"https:\/\/blogs.correiobraziliense.com.br\/trilhasonora\/capital-inicial-lanca-de-ineditas-saiba-mais-sobre-sonora\/","title":{"rendered":"Capital Inicial lan\u00e7a disco de in\u00e9ditas; saiba mais sobre Sonora"},"content":{"rendered":"<h3>Banda brasiliense Capital Inicial divulga em novembro o novo material da carreira<\/h3>\n<p>O Capital Inicial chegar\u00e1 no final de novembro \u00e0s lojas e \u00e0s plataformas digitais com <em>Sonora<\/em>, novo \u00e1lbum de m\u00fasicas in\u00e9ditas. Antecipando o lan\u00e7amento, a banda brasiliense apresenta o single <em>S\u00f3 eu sei<\/em>, composi\u00e7\u00e3o do vocalista Dinho Ouro Preto em parceria com Alvin L e Thiago Castanho &#8212; ou\u00e7a <a href=\"https:\/\/smb.lnk.to\/SoEuSei\">aqui<\/a> a m\u00fasica. A balada ganhar\u00e1 clipe, dirigido por <a href=\"https:\/\/www.correiobraziliense.com.br\/app\/noticia\/diversao-e-arte\/2018\/10\/26\/interna_diversao_arte,715080\/capital-inicial-escolhe-a-chapada-dos-veadeiros-como-cenario-de-clipe.shtml\">Bruno Fioravanti e filmado na Chapada dos Veadeiros e estrelado pelo ator Rainer Cadete<\/a>.<\/p>\n<p><em>Sonora<\/em> tirou propositalmente o grupo da zona de conforto, pois o Capital foi buscar parcerias e participa\u00e7\u00f5es especiais na nova gera\u00e7\u00e3o do rock nacional. As \u00faltimas quatro m\u00fasicas t\u00eam a participa\u00e7\u00e3o de Lucas Silveira (Fresno), Gustavo Bertono (Scalene), Fernando Badau\u00ed e Phill Fargnoli (CPM 22), Emmily Barreto e Cris Botarelli (Far From Alaska).<\/p>\n<figure id=\"attachment_559\" aria-describedby=\"caption-attachment-559\" style=\"width: 1200px\" class=\"wp-caption aligncenter\"><img loading=\"lazy\" decoding=\"async\" class=\"size-full wp-image-559\" src=\"https:\/\/blogs.correiobraziliense.com.br\/trilhasonora\/wp-content\/uploads\/sites\/39\/2018\/11\/Capital-Inicial-1.jpg\" alt=\"\" width=\"1200\" height=\"650\" srcset=\"https:\/\/blogs.correiobraziliense.com.br\/trilhasonora\/wp-content\/uploads\/sites\/39\/2018\/11\/Capital-Inicial-1.jpg 1200w, https:\/\/blogs.correiobraziliense.com.br\/trilhasonora\/wp-content\/uploads\/sites\/39\/2018\/11\/Capital-Inicial-1-300x163.jpg 300w, https:\/\/blogs.correiobraziliense.com.br\/trilhasonora\/wp-content\/uploads\/sites\/39\/2018\/11\/Capital-Inicial-1-768x416.jpg 768w, https:\/\/blogs.correiobraziliense.com.br\/trilhasonora\/wp-content\/uploads\/sites\/39\/2018\/11\/Capital-Inicial-1-1024x555.jpg 1024w, https:\/\/blogs.correiobraziliense.com.br\/trilhasonora\/wp-content\/uploads\/sites\/39\/2018\/11\/Capital-Inicial-1-550x298.jpg 550w, https:\/\/blogs.correiobraziliense.com.br\/trilhasonora\/wp-content\/uploads\/sites\/39\/2018\/11\/Capital-Inicial-1-230x125.jpg 230w\" sizes=\"auto, (max-width: 1200px) 100vw, 1200px\" \/><figcaption id=\"caption-attachment-559\" class=\"wp-caption-text\">Cr\u00e9dito: Perfexx\/Divulga\u00e7\u00e3o<\/figcaption><\/figure>\n<p>J\u00e1 foram levadas ao p\u00fablico, al\u00e9m de <em>S\u00f3 eu sei<\/em>, <em>N\u00e3o me olhe assim<\/em>,<em> Tudo vai mudar<\/em>, <em>Seja o c\u00e9u<\/em>, <em>Tempestade<\/em>, <em>Aten\u00e7\u00e3o<\/em> e <em>Nada vai te machucar<\/em>. Ao falar sobre <em>Sonora<\/em>, Dinho Ouro Preto disse: &#8220;Nesse disco optamos por caminhos alternativos. Em todo o processo escolhemos pessoas de fora. Da produ\u00e7\u00e3o &#8212; assinada por Lucas Silveira &#8212; \u00e0 arte da capa; das parcerias aos convidados. Optamos tamb\u00e9m por fazer um v\u00eddeo para cada m\u00fasica&#8221;.<\/p>\n<p><em>Ac\u00fastico NYC<\/em>, gravado ao vivo em Nova York, foi o trabalho anterior de Dinho Ouro Preto, Fl\u00e1vio Lemos, F\u00ea Lemos e Yves. Passarel, registrado em CD e DVD e lan\u00e7ado h\u00e1 tr\u00eas anos. <em>Sonora<\/em> \u00e9 o nono t\u00edtulo da discografia do Capital Inicial, incluindo \u00e1lbuns de est\u00fadio e gravados ao vivo. O de maior vendagem foi o <em>Ac\u00fastico MTV,<\/em> que marcou a retomada da carreira da banda em 2000.<\/p>\n","protected":false},"excerpt":{"rendered":"<p>Banda brasiliense Capital Inicial divulga em novembro o novo material da carreira<\/p>\n","protected":false},"author":84,"featured_media":558,"comment_status":"open","ping_status":"open","sticky":false,"template":"","format":"standard","meta":{"footnotes":""},"categories":[113],"tags":[150,152,151],"class_list":["post-557","post","type-post","status-publish","format-standard","has-post-thumbnail","hentry","category-materia","tag-capital-inicial","tag-novo-disco","tag-sonora"],"_links":{"self":[{"href":"https:\/\/blogs.correiobraziliense.com.br\/trilhasonora\/wp-json\/wp\/v2\/posts\/557","targetHints":{"allow":["GET"]}}],"collection":[{"href":"https:\/\/blogs.correiobraziliense.com.br\/trilhasonora\/wp-json\/wp\/v2\/posts"}],"about":[{"href":"https:\/\/blogs.correiobraziliense.com.br\/trilhasonora\/wp-json\/wp\/v2\/types\/post"}],"author":[{"embeddable":true,"href":"https:\/\/blogs.correiobraziliense.com.br\/trilhasonora\/wp-json\/wp\/v2\/users\/84"}],"replies":[{"embeddable":true,"href":"https:\/\/blogs.correiobraziliense.com.br\/trilhasonora\/wp-json\/wp\/v2\/comments?post=557"}],"version-history":[{"count":2,"href":"https:\/\/blogs.correiobraziliense.com.br\/trilhasonora\/wp-json\/wp\/v2\/posts\/557\/revisions"}],"predecessor-version":[{"id":573,"href":"https:\/\/blogs.correiobraziliense.com.br\/trilhasonora\/wp-json\/wp\/v2\/posts\/557\/revisions\/573"}],"wp:featuredmedia":[{"embeddable":true,"href":"https:\/\/blogs.correiobraziliense.com.br\/trilhasonora\/wp-json\/wp\/v2\/media\/558"}],"wp:attachment":[{"href":"https:\/\/blogs.correiobraziliense.com.br\/trilhasonora\/wp-json\/wp\/v2\/media?parent=557"}],"wp:term":[{"taxonomy":"category","embeddable":true,"href":"https:\/\/blogs.correiobraziliense.com.br\/trilhasonora\/wp-json\/wp\/v2\/categories?post=557"},{"taxonomy":"post_tag","embeddable":true,"href":"https:\/\/blogs.correiobraziliense.com.br\/trilhasonora\/wp-json\/wp\/v2\/tags?post=557"}],"curies":[{"name":"wp","href":"https:\/\/api.w.org\/{rel}","templated":true}]}}