{"id":554,"date":"2018-11-02T08:16:09","date_gmt":"2018-11-02T11:16:09","guid":{"rendered":"https:\/\/blogs.correiobraziliense.com.br\/trilhasonora\/?p=554"},"modified":"2018-11-01T10:31:11","modified_gmt":"2018-11-01T13:31:11","slug":"sons-da-noite-virginia-rodrigues-se-apresenta-na-caixa-em-novembro","status":"publish","type":"post","link":"https:\/\/blogs.correiobraziliense.com.br\/trilhasonora\/sons-da-noite-virginia-rodrigues-se-apresenta-na-caixa-em-novembro\/","title":{"rendered":"Sons da noite: Virg\u00ednia Rodrigues se apresenta na Caixa em novembro"},"content":{"rendered":"<h2>Confira a coluna Sons da noite publicada nesta sexta-feira (2\/11) no caderno <em>Divirta-se Mais<\/em><\/h2>\n<p><strong>Deusa de \u00e9bano<\/strong><\/p>\n<p>A cantora Virg\u00ednia Rodrigues comemora 20 anos de carreira com uma turn\u00ea pelo pa\u00eds, que a traz a Bras\u00edlia para curta temporada de 16 a 18 pr\u00f3ximos, no Teatro da Caixa. Dona de uma sofistica\u00e7\u00e3o musical que a permite transitar com familiaridade entre e o popular e o erudito, a artista baiana tem estreita liga\u00e7\u00e3o com a cultura afro-brasileira.<\/p>\n<p>No show, Virg\u00ednia interpreta can\u00e7\u00f5es que marcaram a trajet\u00f3ria dela, entre as quais <em>Canto de Iemanj\u00e1<\/em>, <em>Deusa de \u00e9bano<\/em>, <em>Lua lua lua<\/em>, <em>Mimar voc\u00ea<\/em> e <em>Sol negro<\/em>. Acompanhada por Bernardo Bos\u00edsio e Leonardo Mendes (viol\u00f5es), Marco Lobo e Sebastian Notini (percuss\u00e3o) e Iura Ranevsky (violoncelo), ela tem o cantor e compositor Tigan\u00e1 Santana como convidado especial. N\u00e3o recomendado para menores de 12 anos.<\/p>\n<p><strong>Eu recomendo<\/strong><\/p>\n<p><em>Est\u00f3rias de cantar<\/em> \u00e9 o t\u00edtulo do show que a Banda Estralo far\u00e1 amanh\u00e3, \u00e0s 16h, na Pra\u00e7a L\u00facio Costa, na abertura da programa\u00e7\u00e3o natalina do Conjunto Nacional, intitulada Meu malvado favorito, que inclui a chegada de Papai Noel. O grupo c\u00eanico-musical paulistano, formado pelos m\u00fasicos Maur\u00edcio Damasceno e Ricardo Batata e pela atriz Luanda Eliza vai interpretar can\u00e7\u00f5es de Vinicius de Moraes, Chico Buarque e Milton Nascimento, com arranjos elaborados para o p\u00fablico infantil, sob a batuta do maestro Marcos Lucatelli. A entrada \u00e9 franca. Classifica\u00e7\u00e3o indicativa livre.<\/p>\n<p><strong>Vozes negras<\/strong><\/p>\n<p>Tr\u00eas artistas que se destacam na nova cena musical brasileira ser\u00e3o as atra\u00e7\u00f5es da festa comemorativa dos sete anos da Victoria Haus: as cantoras cariocas Ludmilla e Iza e a drag Gloria Groove. Elas se apresentar\u00e3o no evento que ocupar\u00e1 a arena lounge do Est\u00e1dio Nacional Man\u00e9 Garrincha, no dia 24 deste m\u00eas. N\u00e3o recomendado para menores de 18 anos.<\/p>\n<p><strong>Noite Cultural<\/strong><\/p>\n<p>Os Mutantes estar\u00e3o em Bras\u00edlia no dia 22 pr\u00f3ximo, para apresenta\u00e7\u00e3o na 39\u00aa Noite Cultural T-Bone, na 312 Norte. Sob a lideran\u00e7a do guitarrista S\u00e9rgio Dias \u2014 \u00fanico remanescente da forma\u00e7\u00e3o original \u2014 a banda formada por Vinicius Junqueira (baixo), Henrique Peters (teclados) e Cl\u00e1udio Tchernev (bateria) conta agora com nova vocalista, Esmeria Bulgari. O repert\u00f3rio do show trar\u00e1 cl\u00e1ssicos como <em>A minha menina<\/em>, <em>Balada do louco<\/em>, <em>Bat macumba<\/em> e <em>Panis et circensis<\/em>.<\/p>\n<p><strong>Rock interativo<\/strong><\/p>\n<p>Sucessos do Skank, Guns N\u2019 Roses, Nirvana, Pink Floyd, entre outras bandas nacionais e internacionais, est\u00e3o no repert\u00f3rio de<em> Rock for babies<\/em>, espet\u00e1culo interativo voltado para o p\u00fablico infantil que pode ser apreciado em 11 de novembro no Teatro da Unip (913 Sul). A apresenta\u00e7\u00e3o fica por conta do grupo Viol\u00fadico, formado por Felipe Moura (vocal, viol\u00e3o e guitarra), Filipe Fernandes (vocal e interpreta\u00e7\u00e3o) e Filipe DZT (guitarra e bateria), al\u00e9m de George Ritter, que faz participa\u00e7\u00e3o especial, dan\u00e7ando com as crian\u00e7as. Classifica\u00e7\u00e3o indicativa livre.<\/p>\n<p><strong>Revival dan\u00e7ante<\/strong><\/p>\n<p>Chamada de Donna Summer da m\u00fasica brasileira na d\u00e9cada de 1970, \u00e9poca em que brilhava nos embalos de s\u00e1bado \u00e0 noite, Lady Zu mant\u00e9m-se em atividade. No dia 9, ela vir\u00e1 \u00e0 cidade para apresenta\u00e7\u00e3o no Minas Bras\u00edlia T\u00eanis Clube, na festa De volta ao t\u00fanel do tempo, que ter\u00e1 os DJs Guto Mix e Arthur Bat no comando das picapes. N\u00e3o recomendado para menores de 18 anos.<\/p>\n<p><strong>Sotaque de Olinda<\/strong><\/p>\n<p><em>Mundo engano<\/em> \u00e9 o nome do novo \u00e1lbum da Banda Eddie, que ser\u00e1 lan\u00e7ado no dia 23 pr\u00f3ximo na capital, no Outro Calaf. No disco, produzido por Pupillo Menezes (ex-Na\u00e7\u00e3o Zumbi), o grupo pernambucano evoca festas com sotaques caracter\u00edsticos da cultura popular de Olinda, em m\u00fasicas como <em>Correnteza<\/em> e <em>Brooklin<\/em>, \u00e0s quais se juntam no repert\u00f3rio do show sucessos anteriores, entre os quais <em>Pode me chamar<\/em> e <em>Desequil\u00edbrio<\/em>. Ingressos antecipados j\u00e1 est\u00e3o \u00e0 venda na plataforma digital Sympla.<\/p>\n","protected":false},"excerpt":{"rendered":"<p>Confira a coluna Sons da noite publicada nesta sexta-feira (2\/11) no caderno Divirta-se Mais. Entre os destaques, Virg\u00ednia Rodrigues e banda Eddie<\/p>\n","protected":false},"author":84,"featured_media":555,"comment_status":"open","ping_status":"open","sticky":false,"template":"","format":"standard","meta":{"footnotes":""},"categories":[49],"tags":[143,147,144,148,146,145,149],"class_list":["post-554","post","type-post","status-publish","format-standard","has-post-thumbnail","hentry","category-sons-da-noite","tag-eddie","tag-iza","tag-lady-zu","tag-ludmilla","tag-mutantes","tag-rock-for-babies","tag-virginia-rodrigues"],"_links":{"self":[{"href":"https:\/\/blogs.correiobraziliense.com.br\/trilhasonora\/wp-json\/wp\/v2\/posts\/554","targetHints":{"allow":["GET"]}}],"collection":[{"href":"https:\/\/blogs.correiobraziliense.com.br\/trilhasonora\/wp-json\/wp\/v2\/posts"}],"about":[{"href":"https:\/\/blogs.correiobraziliense.com.br\/trilhasonora\/wp-json\/wp\/v2\/types\/post"}],"author":[{"embeddable":true,"href":"https:\/\/blogs.correiobraziliense.com.br\/trilhasonora\/wp-json\/wp\/v2\/users\/84"}],"replies":[{"embeddable":true,"href":"https:\/\/blogs.correiobraziliense.com.br\/trilhasonora\/wp-json\/wp\/v2\/comments?post=554"}],"version-history":[{"count":1,"href":"https:\/\/blogs.correiobraziliense.com.br\/trilhasonora\/wp-json\/wp\/v2\/posts\/554\/revisions"}],"predecessor-version":[{"id":556,"href":"https:\/\/blogs.correiobraziliense.com.br\/trilhasonora\/wp-json\/wp\/v2\/posts\/554\/revisions\/556"}],"wp:featuredmedia":[{"embeddable":true,"href":"https:\/\/blogs.correiobraziliense.com.br\/trilhasonora\/wp-json\/wp\/v2\/media\/555"}],"wp:attachment":[{"href":"https:\/\/blogs.correiobraziliense.com.br\/trilhasonora\/wp-json\/wp\/v2\/media?parent=554"}],"wp:term":[{"taxonomy":"category","embeddable":true,"href":"https:\/\/blogs.correiobraziliense.com.br\/trilhasonora\/wp-json\/wp\/v2\/categories?post=554"},{"taxonomy":"post_tag","embeddable":true,"href":"https:\/\/blogs.correiobraziliense.com.br\/trilhasonora\/wp-json\/wp\/v2\/tags?post=554"}],"curies":[{"name":"wp","href":"https:\/\/api.w.org\/{rel}","templated":true}]}}