{"id":543,"date":"2018-10-26T15:27:53","date_gmt":"2018-10-26T17:27:53","guid":{"rendered":"https:\/\/blogs.correiobraziliense.com.br\/trilhasonora\/?p=543"},"modified":"2018-10-26T15:40:13","modified_gmt":"2018-10-26T17:40:13","slug":"veja-como-foi-a-homenagem-na-mostra-sesc-de-musica","status":"publish","type":"post","link":"https:\/\/blogs.correiobraziliense.com.br\/trilhasonora\/veja-como-foi-a-homenagem-na-mostra-sesc-de-musica\/","title":{"rendered":"Veja como foi a homenagem na Mostra Sesc de M\u00fasica"},"content":{"rendered":"<h3>A Mostra Sesc de M\u00fasica reconheceu os mais de 40 anos de atua\u00e7\u00e3o no jornalismo<\/h3>\n<p>A <a href=\"https:\/\/blogs.correiobraziliense.com.br\/trilhasonora\/mostra-sesc-de-musica-presta-homenagem-a-irlam-rocha-lima\/\">terceira edi\u00e7\u00e3o<\/a> da Mostra Sesc de M\u00fasica, na noite de quinta-feira (25\/10), no Teatro Garagem do Sesc, na 913 Sul, foi aberta com a entrega de trof\u00e9u ao homenageado, por Guilherme Reinecken. Assista abaixo o v\u00eddeo.<\/p>\n<p><iframe loading=\"lazy\" title=\"Homenagem na Mostra Sesc de M\u00fasica\" width=\"1440\" height=\"810\" src=\"https:\/\/www.youtube.com\/embed\/50D9M5CDQ8Y?feature=oembed\" frameborder=\"0\" allow=\"accelerometer; autoplay; clipboard-write; encrypted-media; gyroscope; picture-in-picture; web-share\" referrerpolicy=\"strict-origin-when-cross-origin\" allowfullscreen><\/iframe><\/p>\n<p>Na sequ\u00eancia houve a apresenta\u00e7\u00e3o coral Cantus Firmus, das cantoras Beatriz \u00c1guida e Adriah, com as respectivas bandas, e do cantor Marcelo Caf\u00e9. Todos tamb\u00e9m foram contemplados com trof\u00e9u.<\/p>\n<div id='gallery-1' class='gallery galleryid-543 gallery-columns-3 gallery-size-full'><figure class='gallery-item'>\n\t\t\t<div class='gallery-icon portrait'>\n\t\t\t\t<a href='https:\/\/blogs.correiobraziliense.com.br\/trilhasonora\/veja-como-foi-a-homenagem-na-mostra-sesc-de-musica\/img_20181025_204939033_burst000_cover_top\/'><img loading=\"lazy\" decoding=\"async\" width=\"488\" height=\"650\" src=\"https:\/\/blogs.correiobraziliense.com.br\/trilhasonora\/wp-content\/uploads\/sites\/39\/2018\/10\/IMG_20181025_204939033_BURST000_COVER_TOP.jpg\" class=\"attachment-full size-full\" alt=\"\" aria-describedby=\"gallery-1-544\" srcset=\"https:\/\/blogs.correiobraziliense.com.br\/trilhasonora\/wp-content\/uploads\/sites\/39\/2018\/10\/IMG_20181025_204939033_BURST000_COVER_TOP.jpg 488w, https:\/\/blogs.correiobraziliense.com.br\/trilhasonora\/wp-content\/uploads\/sites\/39\/2018\/10\/IMG_20181025_204939033_BURST000_COVER_TOP-225x300.jpg 225w, https:\/\/blogs.correiobraziliense.com.br\/trilhasonora\/wp-content\/uploads\/sites\/39\/2018\/10\/IMG_20181025_204939033_BURST000_COVER_TOP-230x306.jpg 230w\" sizes=\"auto, (max-width: 488px) 100vw, 488px\" \/><\/a>\n\t\t\t<\/div>\n\t\t\t\t<figcaption class='wp-caption-text gallery-caption' id='gallery-1-544'>\n\t\t\t\tGuilherme Reinecken, chefe da Divis\u00e3o de Desenvolvimento de Recursos Humanos do Sesc DF e Maria Paula Barbosa, apresentadora do evento.\n\t\t\t\t<\/figcaption><\/figure><figure class='gallery-item'>\n\t\t\t<div class='gallery-icon portrait'>\n\t\t\t\t<a href='https:\/\/blogs.correiobraziliense.com.br\/trilhasonora\/veja-como-foi-a-homenagem-na-mostra-sesc-de-musica\/img_20181025_204951539_burst000_cover_top\/'><img loading=\"lazy\" decoding=\"async\" width=\"488\" height=\"650\" src=\"https:\/\/blogs.correiobraziliense.com.br\/trilhasonora\/wp-content\/uploads\/sites\/39\/2018\/10\/IMG_20181025_204951539_BURST000_COVER_TOP.jpg\" class=\"attachment-full size-full\" alt=\"\" srcset=\"https:\/\/blogs.correiobraziliense.com.br\/trilhasonora\/wp-content\/uploads\/sites\/39\/2018\/10\/IMG_20181025_204951539_BURST000_COVER_TOP.jpg 488w, https:\/\/blogs.correiobraziliense.com.br\/trilhasonora\/wp-content\/uploads\/sites\/39\/2018\/10\/IMG_20181025_204951539_BURST000_COVER_TOP-225x300.jpg 225w, https:\/\/blogs.correiobraziliense.com.br\/trilhasonora\/wp-content\/uploads\/sites\/39\/2018\/10\/IMG_20181025_204951539_BURST000_COVER_TOP-230x306.jpg 230w\" sizes=\"auto, (max-width: 488px) 100vw, 488px\" \/><\/a>\n\t\t\t<\/div><\/figure><figure class='gallery-item'>\n\t\t\t<div class='gallery-icon landscape'>\n\t\t\t\t<a href='https:\/\/blogs.correiobraziliense.com.br\/trilhasonora\/veja-como-foi-a-homenagem-na-mostra-sesc-de-musica\/img_20181025_205232054\/'><img loading=\"lazy\" decoding=\"async\" width=\"867\" height=\"650\" src=\"https:\/\/blogs.correiobraziliense.com.br\/trilhasonora\/wp-content\/uploads\/sites\/39\/2018\/10\/IMG_20181025_205232054.jpg\" class=\"attachment-full size-full\" alt=\"\" aria-describedby=\"gallery-1-546\" srcset=\"https:\/\/blogs.correiobraziliense.com.br\/trilhasonora\/wp-content\/uploads\/sites\/39\/2018\/10\/IMG_20181025_205232054.jpg 867w, https:\/\/blogs.correiobraziliense.com.br\/trilhasonora\/wp-content\/uploads\/sites\/39\/2018\/10\/IMG_20181025_205232054-300x225.jpg 300w, https:\/\/blogs.correiobraziliense.com.br\/trilhasonora\/wp-content\/uploads\/sites\/39\/2018\/10\/IMG_20181025_205232054-768x576.jpg 768w, https:\/\/blogs.correiobraziliense.com.br\/trilhasonora\/wp-content\/uploads\/sites\/39\/2018\/10\/IMG_20181025_205232054-550x412.jpg 550w, https:\/\/blogs.correiobraziliense.com.br\/trilhasonora\/wp-content\/uploads\/sites\/39\/2018\/10\/IMG_20181025_205232054-230x172.jpg 230w\" sizes=\"auto, (max-width: 867px) 100vw, 867px\" \/><\/a>\n\t\t\t<\/div>\n\t\t\t\t<figcaption class='wp-caption-text gallery-caption' id='gallery-1-546'>\n\t\t\t\tGuilherme Reinecken, chefe da Divis\u00e3o de Desenvolvimento de Recursos Humanos do Sesc DF e Maria Paula Barbosa, apresentadora do evento.\n\t\t\t\t<\/figcaption><\/figure><figure class='gallery-item'>\n\t\t\t<div class='gallery-icon landscape'>\n\t\t\t\t<a href='https:\/\/blogs.correiobraziliense.com.br\/trilhasonora\/veja-como-foi-a-homenagem-na-mostra-sesc-de-musica\/img_20181025_223432019\/'><img loading=\"lazy\" decoding=\"async\" width=\"867\" height=\"650\" src=\"https:\/\/blogs.correiobraziliense.com.br\/trilhasonora\/wp-content\/uploads\/sites\/39\/2018\/10\/IMG_20181025_223432019.jpg\" class=\"attachment-full size-full\" alt=\"\" srcset=\"https:\/\/blogs.correiobraziliense.com.br\/trilhasonora\/wp-content\/uploads\/sites\/39\/2018\/10\/IMG_20181025_223432019.jpg 867w, https:\/\/blogs.correiobraziliense.com.br\/trilhasonora\/wp-content\/uploads\/sites\/39\/2018\/10\/IMG_20181025_223432019-300x225.jpg 300w, https:\/\/blogs.correiobraziliense.com.br\/trilhasonora\/wp-content\/uploads\/sites\/39\/2018\/10\/IMG_20181025_223432019-768x576.jpg 768w, https:\/\/blogs.correiobraziliense.com.br\/trilhasonora\/wp-content\/uploads\/sites\/39\/2018\/10\/IMG_20181025_223432019-550x412.jpg 550w, https:\/\/blogs.correiobraziliense.com.br\/trilhasonora\/wp-content\/uploads\/sites\/39\/2018\/10\/IMG_20181025_223432019-230x172.jpg 230w\" sizes=\"auto, (max-width: 867px) 100vw, 867px\" \/><\/a>\n\t\t\t<\/div><\/figure>\n\t\t<\/div>\n\n<p>Nesta sexta-feira (26), \u00e0s 20h30, na sequ\u00eancia da programa\u00e7\u00e3o h\u00e1 shows do Duo Alvenaria, do grupo Talo de Mamona e da banda Joe Silhueta e Consuelo. No s\u00e1bado (27), sobem ao palco Oswaldo Amorim, Alberto Salgado, Vavpa Alfiouni e Kervansaria.<\/p>\n<p>No encerramento, domingo (28), no mesmo hor\u00e1rio, os shows s\u00e3o de Z\u00e9 Krishna e Amigos Eternos, de Tatiana Nascimento e de Rebeca Realleza. Em todos os dias a entrada \u00e9 franca. Classifica\u00e7\u00e3o indicativa livre.<\/p>\n","protected":false},"excerpt":{"rendered":"<p>A Mostra Sesc de M\u00fasica reconheceu os mais de 40 anos de atua\u00e7\u00e3o no jornalismo<\/p>\n","protected":false},"author":84,"featured_media":547,"comment_status":"open","ping_status":"open","sticky":false,"template":"","format":"standard","meta":{"footnotes":""},"categories":[113],"tags":[142,140],"class_list":["post-543","post","type-post","status-publish","format-standard","has-post-thumbnail","hentry","category-materia","tag-homenagem","tag-mostra-sesc-de-musica"],"_links":{"self":[{"href":"https:\/\/blogs.correiobraziliense.com.br\/trilhasonora\/wp-json\/wp\/v2\/posts\/543","targetHints":{"allow":["GET"]}}],"collection":[{"href":"https:\/\/blogs.correiobraziliense.com.br\/trilhasonora\/wp-json\/wp\/v2\/posts"}],"about":[{"href":"https:\/\/blogs.correiobraziliense.com.br\/trilhasonora\/wp-json\/wp\/v2\/types\/post"}],"author":[{"embeddable":true,"href":"https:\/\/blogs.correiobraziliense.com.br\/trilhasonora\/wp-json\/wp\/v2\/users\/84"}],"replies":[{"embeddable":true,"href":"https:\/\/blogs.correiobraziliense.com.br\/trilhasonora\/wp-json\/wp\/v2\/comments?post=543"}],"version-history":[{"count":5,"href":"https:\/\/blogs.correiobraziliense.com.br\/trilhasonora\/wp-json\/wp\/v2\/posts\/543\/revisions"}],"predecessor-version":[{"id":552,"href":"https:\/\/blogs.correiobraziliense.com.br\/trilhasonora\/wp-json\/wp\/v2\/posts\/543\/revisions\/552"}],"wp:featuredmedia":[{"embeddable":true,"href":"https:\/\/blogs.correiobraziliense.com.br\/trilhasonora\/wp-json\/wp\/v2\/media\/547"}],"wp:attachment":[{"href":"https:\/\/blogs.correiobraziliense.com.br\/trilhasonora\/wp-json\/wp\/v2\/media?parent=543"}],"wp:term":[{"taxonomy":"category","embeddable":true,"href":"https:\/\/blogs.correiobraziliense.com.br\/trilhasonora\/wp-json\/wp\/v2\/categories?post=543"},{"taxonomy":"post_tag","embeddable":true,"href":"https:\/\/blogs.correiobraziliense.com.br\/trilhasonora\/wp-json\/wp\/v2\/tags?post=543"}],"curies":[{"name":"wp","href":"https:\/\/api.w.org\/{rel}","templated":true}]}}