{"id":534,"date":"2018-10-25T05:31:10","date_gmt":"2018-10-25T07:31:10","guid":{"rendered":"https:\/\/blogs.correiobraziliense.com.br\/trilhasonora\/?p=534"},"modified":"2018-10-25T11:30:59","modified_gmt":"2018-10-25T13:30:59","slug":"mostra-sesc-de-musica-presta-homenagem-a-irlam-rocha-lima","status":"publish","type":"post","link":"https:\/\/blogs.correiobraziliense.com.br\/trilhasonora\/mostra-sesc-de-musica-presta-homenagem-a-irlam-rocha-lima\/","title":{"rendered":"Mostra Sesc de M\u00fasica presta homenagem a Irlam Rocha Lima"},"content":{"rendered":"<h3>Terceira edi\u00e7\u00e3o da Mostra Sesc de M\u00fasica celebra as m\u00faltiplas vozes da produ\u00e7\u00e3o musical brasiliense<\/h3>\n<p>Fomentar a produ\u00e7\u00e3o autoral candanga \u00e9 o principal objetivo da Mostra Sesc de M\u00fasica, que chega \u00e0 terceira edi\u00e7\u00e3o a partir de hoje com programa\u00e7\u00e3o no Sesc da 913 Sul. Sob a tem\u00e1tica \u201cM\u00faltiplas vozes\u201d, o projeto apresenta um recorte da m\u00fasica brasiliense com shows e a\u00e7\u00f5es formativas, al\u00e9m de, neste ano, homenagear o jornalista Irlam Rocha Lima, que tem mais de 40 anos de trajet\u00f3ria no <strong>Correio Braziliense<\/strong> cobrindo a cultura local.<\/p>\n<p>\u201cA Mostra de M\u00fasica \u00e9 uma contribui\u00e7\u00e3o do Sesc no fomento da produ\u00e7\u00e3o da cidade. Nominamos o tema deste ano de \u201cM\u00faltiplas vozes\u201d no sentido literal, de dar voz. O Sesc \u00e9 um espa\u00e7o de acolhimento de diversas tend\u00eancias, estilos e linguagens no DF. \u00c9 um espa\u00e7o onde os artistas podem se expressar e dizer o que quiserem artisticamente falando\u201d, explica Ivaldo Gadelha, coordenador da Mostra Sesc de M\u00fasica.<\/p>\n<p>Alinhado exatamente com dar voz aos artistas, a produ\u00e7\u00e3o decidiu prestar um tributo a Irlam Rocha Lima, rep\u00f3rter cultural pioneiro das mat\u00e9rias sobre grandes nomes da m\u00fasica brasiliense no jornal. \u201cEle ser\u00e1 homenageado na primeira noite com um trof\u00e9u e com a men\u00e7\u00e3o de algumas passagens importantes da carreira dele pela cultura de Bras\u00edlia\u201d, revela Gadelha.<\/p>\n<h3>Tributo<\/h3>\n<p>Sobre a homenagem, Irlam Rocha Lima se diz lisonjeado. \u201cQuero dizer que me sinto ligado mesmo \u00e0quele espa\u00e7o, como frequentador, como divulgador\u201d, afirma. Para o jornalista, a escolha de seu nome para o tributo est\u00e1 ligada a sua carreira. \u201cEstou nessa trincheira da m\u00fasica h\u00e1 tanto tempo e fazendo um trabalho que privilegia os artistas da cidade. Certamente houve um reconhecimento por isso e pela minha liga\u00e7\u00e3o com o Teatro Garagem, que \u00e9 antiga\u201d, analisa.<\/p>\n<p>Uma das primeiras recorda\u00e7\u00f5es que Irlam Rocha Lima tem do espa\u00e7o \u00e9 de uma entrevista com a cantora Faf\u00e1 de Bel\u00e9m. \u201cLogo no come\u00e7o da minha carreira no jornal na \u00e1rea de cultura, uma das primeiras importantes entrevistas que fiz foi quando a Faf\u00e1 veio fazer um show no Teatro Sesc. Fui entrevist\u00e1-la l\u00e1. Na \u00e9poca, ela estava lan\u00e7ando o primeiro disco\u201d, lembra.<\/p>\n<figure id=\"attachment_536\" aria-describedby=\"caption-attachment-536\" style=\"width: 800px\" class=\"wp-caption aligncenter\"><img loading=\"lazy\" decoding=\"async\" class=\"size-full wp-image-536\" src=\"https:\/\/blogs.correiobraziliense.com.br\/trilhasonora\/wp-content\/uploads\/sites\/39\/2018\/10\/CBPFOT231020180468.jpg\" alt=\"\" width=\"800\" height=\"531\" srcset=\"https:\/\/blogs.correiobraziliense.com.br\/trilhasonora\/wp-content\/uploads\/sites\/39\/2018\/10\/CBPFOT231020180468.jpg 800w, https:\/\/blogs.correiobraziliense.com.br\/trilhasonora\/wp-content\/uploads\/sites\/39\/2018\/10\/CBPFOT231020180468-300x199.jpg 300w, https:\/\/blogs.correiobraziliense.com.br\/trilhasonora\/wp-content\/uploads\/sites\/39\/2018\/10\/CBPFOT231020180468-768x510.jpg 768w, https:\/\/blogs.correiobraziliense.com.br\/trilhasonora\/wp-content\/uploads\/sites\/39\/2018\/10\/CBPFOT231020180468-550x365.jpg 550w, https:\/\/blogs.correiobraziliense.com.br\/trilhasonora\/wp-content\/uploads\/sites\/39\/2018\/10\/CBPFOT231020180468-230x153.jpg 230w\" sizes=\"auto, (max-width: 800px) 100vw, 800px\" \/><figcaption id=\"caption-attachment-536\" class=\"wp-caption-text\">Cr\u00e9dito: Valerio Ayres\/CB\/D.A Press. Brasil. Bras\u00edlia &#8211; DF. Reda\u00e7ao do Correio Braziliense. Jornalista Irlam Rocha Lima.<\/figcaption><\/figure>\n<p>Apresenta\u00e7\u00f5es de artistas marcantes para o cen\u00e1rio local tamb\u00e9m est\u00e3o entre as lembran\u00e7as do jornalista. \u201cDivulguei bastante a estreia oficial do Mel da Terra, um grupo pop que surgiu no Concerto Cabe\u00e7as. O primeiro show deles foi l\u00e1 no Garagem. Mais pra frente, a Feira de M\u00fasica, que come\u00e7ou no Teatro Galp\u00e3o e migrou para o Teatro Garagem, e eu ia bastante. L\u00e1, vi artistas como Renato Matos, Liga Tripa e Raimundos\u201d, conta.<\/p>\n<p>A ascens\u00e3o de Ellen Ol\u00e9ria em concursos do Sesc \u00e9 outro fato que est\u00e1 entre as recorda\u00e7\u00f5es de Irlam Rocha Lima no espa\u00e7o. \u201cTenho ido ao Teatro Garagem desde ent\u00e3o. O Garagem \u00e9 um dos espa\u00e7os mais importantes para a cultura de Bras\u00edlia\u201d, completa.<\/p>\n<h3>Programa\u00e7\u00e3o<\/h3>\n<p>Durante quatro dias, a Mostra Sesc de M\u00fasica tem programa\u00e7\u00e3o gratuita com shows de artistas de diferentes estilos no palco do Teatro Sesc Garagem e ainda atividades formativas no Espa\u00e7o JK, ambos no Sesc da 913 Sul. \u201cA escolha das atra\u00e7\u00f5es tem a ver com o olhar de curadoria que n\u00f3s temos. Primeiro, v\u00e1rios dos artistas que foram chamados j\u00e1 passaram pelos espa\u00e7os do Sesc. Estamos antenados com a cena cultural da cidade\u201d, explica Ivaldo Gadelha.<\/p>\n<p>Na estreia, o Teatro Garagem recebe, a partir das 20h30, os shows de Cantus Firmus, Beatriz \u00c1guida, Adriah e Marcelo Caf\u00e9. \u201cSer\u00e1 um show autoral, obviamente. Com algumas m\u00fasicas do projeto Contra o tempo, que fiz em 2014, e outras can\u00e7\u00f5es in\u00e9ditas\u201d, adianta Beatriz \u00c1guida.<\/p>\n<p>A cantora se apresentar\u00e1 com uma nova forma\u00e7\u00e3o, com voz, guitarra e bases eletr\u00f4nicas. No show, Beatriz canta e toca guitarra acompanhada de Leo Ribeiro, no baixo, e Ramiro Galas, com as bases. \u201cFico superfeliz e grata. Estou na estrada h\u00e1 muito tempo, comecei muito nova e nessa proposta de m\u00fasica autoral. Sou frequentadora do Garagem desde a \u00e9poca mais hardcore e punk, ent\u00e3o fico feliz de estar pisando l\u00e1\u201d, conta.<\/p>\n<figure id=\"attachment_537\" aria-describedby=\"caption-attachment-537\" style=\"width: 800px\" class=\"wp-caption aligncenter\"><img loading=\"lazy\" decoding=\"async\" class=\"size-full wp-image-537\" src=\"https:\/\/blogs.correiobraziliense.com.br\/trilhasonora\/wp-content\/uploads\/sites\/39\/2018\/10\/CBNFOT241020180098.jpg\" alt=\"\" width=\"800\" height=\"533\" srcset=\"https:\/\/blogs.correiobraziliense.com.br\/trilhasonora\/wp-content\/uploads\/sites\/39\/2018\/10\/CBNFOT241020180098.jpg 800w, https:\/\/blogs.correiobraziliense.com.br\/trilhasonora\/wp-content\/uploads\/sites\/39\/2018\/10\/CBNFOT241020180098-300x200.jpg 300w, https:\/\/blogs.correiobraziliense.com.br\/trilhasonora\/wp-content\/uploads\/sites\/39\/2018\/10\/CBNFOT241020180098-768x512.jpg 768w, https:\/\/blogs.correiobraziliense.com.br\/trilhasonora\/wp-content\/uploads\/sites\/39\/2018\/10\/CBNFOT241020180098-550x366.jpg 550w, https:\/\/blogs.correiobraziliense.com.br\/trilhasonora\/wp-content\/uploads\/sites\/39\/2018\/10\/CBNFOT241020180098-230x153.jpg 230w\" sizes=\"auto, (max-width: 800px) 100vw, 800px\" \/><figcaption id=\"caption-attachment-537\" class=\"wp-caption-text\">Credito: Nina Quintana\/Divulgacao. Beatriz \u00c1guida.<\/figcaption><\/figure>\n<p>Antes do show, o jornalista Irlam Rocha Lima ser\u00e1 lembrado com o recebimento de um trof\u00e9u e mais cedo, entre 14h e 18h, ocorre a primeira atividade formativa, uma oficina intitulada \u201cEscola do flow\u201d, voltada para rappers e pessoas interessadas na metodologia. A oficina fica por conta de Afro Ragga.<\/p>\n<p>Nos demais dias, a mostra contar\u00e1 com apresenta\u00e7\u00f5es de Duo Alvenaria, Talo de Mamona, Joe Silhueta e Consuelo, amanh\u00e3; Oswaldo Amorim, Alberto Salgado, Vav\u00e1 Alfiouni e Kervansaria, no s\u00e1bado; e Z\u00e9 Krishna e Amigos Eternos, Tatiana Nascimento, Rebeca Realleza e MOVNI, no domingo.<\/p>\n<p>Entre as oficinas, Canto popular \u2014 T\u00e9cnica e interpreta\u00e7\u00e3o, com Dani Baggio, no s\u00e1bado; e Percuss\u00e3o tambor e movimento, com Macaxeira Accioli, no domingo. \u201cAs atividades formativas s\u00e3o important\u00edssimas, porque s\u00e3o a possibilidade de as pessoas que n\u00e3o s\u00e3o musicistas terem uma experi\u00eancia musical. Elas fortalecem a cena musical, al\u00e9m de descobrir potenciais art\u00edsticos. Ela forma, qualifica e capacita\u201d, diz Gadelha.<\/p>\n<p>A principal novidade da terceira edi\u00e7\u00e3o da Mostra Sesc de M\u00fasica \u00e9 a presen\u00e7a de um karaok\u00ea aberto para o p\u00fablico na edi\u00e7\u00e3o de s\u00e1bado. No dia, os presentes podem se inscrever, escolher uma m\u00fasica no card\u00e1pio e soltar a voz ao lado da Banda Vox Pop.<\/p>\n<p><strong>Mostra Sesc de M\u00fasica<\/strong><br \/>\nTeatro Garagem (713\/913 Sul). De hoje at\u00e9 domingo, a partir das 20h30. Com shows e a\u00e7\u00f5es formativas. Entrada franca. Classifica\u00e7\u00e3o indicativa livre.<\/p>\n<p><strong>Quinta (25\/10)<\/strong><br \/>\n\u2022 Das 14h \u00e0s 18h: Escola do flow, com Afro Ragga, no Espa\u00e7o JK (Sesc 913 Sul)<\/p>\n<p>\u2022 A partir das 20h30: Homenagem ao jornalista Irlam Rocha Lima e shows de Cantus Firmus, Beatriz \u00c1guida, Adriah e Marcelo Caf\u00e9.<\/p>\n<p><strong>Sexta (26\/10)<\/strong><br \/>\n\u2022 A partir das 20h30: Shows de Duo Alvenaria, Talo de Mamona, Joe Silhueta e Consuelo.<\/p>\n<p><strong>S\u00e1bado (27\/10)<\/strong><br \/>\n\u2022 Das 19h \u00e0s 22h: Oficina de canto popular \u2014 T\u00e9cnica e interpreta\u00e7\u00e3o, com Dani Baggio, no Espa\u00e7o JK (Sesc 913 Sul).<\/p>\n<p>\u2022 A partir das 20h30: Shows de Oswaldo Amorim, Alberto Salgado, Vav\u00e1 Alfiouni e Kervansaria. Karaok\u00ea com a Banda Vox Pop.<\/p>\n<p><strong>Domingo (28\/10)<\/strong><br \/>\n\u2022 Das 14h \u00e0s 18h: Oficina de percuss\u00e3o tambor e movimento, com Macaxeira Accioli, no Espa\u00e7o JK (Sesc 913 Sul).<\/p>\n<p>\u2022 A partir das 20h30: Shows de Z\u00e9 Krishna e Amigos Eternos, Tatiana Nascimento, Rebeca Realleza e MOVNI.<\/p>\n","protected":false},"excerpt":{"rendered":"<p>Terceira edi\u00e7\u00e3o da Mostra Sesc de M\u00fasica celebra as m\u00faltiplas vozes da produ\u00e7\u00e3o musical brasiliense Fomentar a produ\u00e7\u00e3o autoral candanga \u00e9 o principal objetivo da Mostra Sesc de M\u00fasica, que chega \u00e0 terceira edi\u00e7\u00e3o a partir de hoje com programa\u00e7\u00e3o no Sesc da 913 Sul. Sob a tem\u00e1tica \u201cM\u00faltiplas vozes\u201d, o projeto apresenta um recorte da m\u00fasica brasiliense com shows [&hellip;]<\/p>\n","protected":false},"author":84,"featured_media":535,"comment_status":"open","ping_status":"open","sticky":false,"template":"","format":"standard","meta":{"footnotes":""},"categories":[113],"tags":[140,141],"class_list":["post-534","post","type-post","status-publish","format-standard","has-post-thumbnail","hentry","category-materia","tag-mostra-sesc-de-musica","tag-teatro-garagem"],"_links":{"self":[{"href":"https:\/\/blogs.correiobraziliense.com.br\/trilhasonora\/wp-json\/wp\/v2\/posts\/534","targetHints":{"allow":["GET"]}}],"collection":[{"href":"https:\/\/blogs.correiobraziliense.com.br\/trilhasonora\/wp-json\/wp\/v2\/posts"}],"about":[{"href":"https:\/\/blogs.correiobraziliense.com.br\/trilhasonora\/wp-json\/wp\/v2\/types\/post"}],"author":[{"embeddable":true,"href":"https:\/\/blogs.correiobraziliense.com.br\/trilhasonora\/wp-json\/wp\/v2\/users\/84"}],"replies":[{"embeddable":true,"href":"https:\/\/blogs.correiobraziliense.com.br\/trilhasonora\/wp-json\/wp\/v2\/comments?post=534"}],"version-history":[{"count":2,"href":"https:\/\/blogs.correiobraziliense.com.br\/trilhasonora\/wp-json\/wp\/v2\/posts\/534\/revisions"}],"predecessor-version":[{"id":539,"href":"https:\/\/blogs.correiobraziliense.com.br\/trilhasonora\/wp-json\/wp\/v2\/posts\/534\/revisions\/539"}],"wp:featuredmedia":[{"embeddable":true,"href":"https:\/\/blogs.correiobraziliense.com.br\/trilhasonora\/wp-json\/wp\/v2\/media\/535"}],"wp:attachment":[{"href":"https:\/\/blogs.correiobraziliense.com.br\/trilhasonora\/wp-json\/wp\/v2\/media?parent=534"}],"wp:term":[{"taxonomy":"category","embeddable":true,"href":"https:\/\/blogs.correiobraziliense.com.br\/trilhasonora\/wp-json\/wp\/v2\/categories?post=534"},{"taxonomy":"post_tag","embeddable":true,"href":"https:\/\/blogs.correiobraziliense.com.br\/trilhasonora\/wp-json\/wp\/v2\/tags?post=534"}],"curies":[{"name":"wp","href":"https:\/\/api.w.org\/{rel}","templated":true}]}}