{"id":513,"date":"2018-10-05T16:01:09","date_gmt":"2018-10-05T19:01:09","guid":{"rendered":"https:\/\/blogs.correiobraziliense.com.br\/trilhasonora\/?p=513"},"modified":"2018-10-05T18:14:14","modified_gmt":"2018-10-05T21:14:14","slug":"feitico-mineiro-completa-29-anos-com-programacao","status":"publish","type":"post","link":"https:\/\/blogs.correiobraziliense.com.br\/trilhasonora\/feitico-mineiro-completa-29-anos-com-programacao\/","title":{"rendered":"Feiti\u00e7o Mineiro completa 29 anos com programa\u00e7\u00e3o especial"},"content":{"rendered":"<h3>Reduto da boa m\u00fasica na cidade, o Feiti\u00e7o Mineiro celebra a data com uma programa\u00e7\u00e3o diversificada de shows durante todo o m\u00eas<\/h3>\n<p>Um dos bares e restaurantes mais tradicionais da cidade, o Feiti\u00e7o Mineiro, na 306 Norte, chega aos 29 anos , mantendo-se como o principal reduto da boa m\u00fasica, no circuito noturno de Bras\u00edlia. Para celebrar a data, Jerson Alvim, o produtor art\u00edstico da casa elaborou diversificada programa\u00e7\u00e3o de shows, aberta por Paulinho Pedra Azul &#8212; ele estreou na noite de ontem (4\/10) e volta a se apresentar hoje (5), \u00e0s 22h.<\/p>\n<p>Nesse recital de voz e viol\u00e3o, Paulinho revisitou sua obra, cantando can\u00e7\u00f5es como <em>Ave cantadeira (Bem-te-vi), cantar<\/em> e<em> Jequitinhonha<\/em>; e interpretou composi\u00e7\u00f5es do repert\u00f3rio de Elomar (<em>O pedido<\/em> e <em>Tropeiros e cantadores<\/em>), Roberto Carlos (<em>Custe o que custar<\/em>) e Beatles (<em>Something<\/em>).<\/p>\n<p><iframe loading=\"lazy\" title=\"Paulinho Pedra Azul - Recado para um amigo solit\u00e1rio\" width=\"1333\" height=\"1000\" src=\"https:\/\/www.youtube.com\/embed\/sNcky0WIUQo?feature=oembed\" frameborder=\"0\" allow=\"accelerometer; autoplay; clipboard-write; encrypted-media; gyroscope; picture-in-picture; web-share\" referrerpolicy=\"strict-origin-when-cross-origin\" allowfullscreen><\/iframe><\/p>\n<p>O cantor se comoveu ao homenagear o amigo e conterr\u00e2neo Rog\u00e9rio Figueiredo (que morava aqui na cidade, e faleceu em setembro), com <em>Recado para um amigo solit\u00e1rio<\/em> e <em>Solit\u00e1rio recado a um amigo<\/em> &#8212; esta \u00faltima composta em parceria com Sthel Nogueira, que fez duo com ele. Saborosas hist\u00f3rias e causos que remetem \u00e0 sua regi\u00e3o de origem foram tamb\u00e9m contadas por Paulinho.<\/p>\n<p>Sexta-feira e s\u00e1bado da pr\u00f3xima semana, h\u00e1 a apresenta\u00e7\u00e3o da cantora mineira M\u00e1rcia Tauil, radicada na cidade. Ela tem como convidados o compositor e pianista Cristov\u00e3o Bastos, parceiro de Chico Buarque em <em>Todo sentimento<\/em> e <em>Tua cantiga<\/em>; autor tamb\u00e9m (em parceria com Aldir Blanc) do cl\u00e1ssico <em>Resposta ao tempo<\/em>; e a cantora candanga Janete Dornellas.<\/p>\n<p><strong>Programa\u00e7\u00e3o<\/strong><\/p>\n<p><strong>Dias 12 e 13\/10:<\/strong> Cristov\u00e3o Bastos, Marcia Tauil e Janette Dornellas enchem a noite com o melhor do MPB autoral.<\/p>\n<p><strong>Dia 13\/10:<\/strong> a partir das 13h, buffet de feijoada com melhor do Chorinho e Samba.<\/p>\n<p><strong>Dias 17 e 18\/10:<\/strong> Clodo Ferreira e Fausto Nilo agitam a noite do Feiti\u00e7o Mineiro com um show repleto de MPB autoral. Dentre os sucessos est\u00e3o <em>Barco de cristal<\/em>, <em>Ave cora\u00e7\u00e3o<\/em> e <em>Astro vagabundo<\/em>.<\/p>\n<p><strong>Dias 19 e 20\/10:<\/strong> Saulo Laranjeira leva muito humor e v\u00e1rias composi\u00e7\u00f5es autorais.<\/p>\n<p><strong>Dia 24\/10:<\/strong> Alessandra Terribili, prata da casa, sobe ao palco para interpretar sucessos do inestim\u00e1vel Adoniran Barbosa.<\/p>\n<p><strong>Dia 25\/10:<\/strong> Tavinho Moura e Esthel Nogueira fazem um tributo aos 29 anos do Feiti\u00e7o Mineiro com o melhor da m\u00fasica mineira.<\/p>\n<p><strong>Dia 26\/10:<\/strong> Os meninos do Let it Beatles mostram porque s\u00e3o considerados os melhores covers da banda brit\u00e2nica em uma noite com o melhor do bom e velho rock and roll.<\/p>\n<p><strong>Dia 27\/10:<\/strong> Indiana Nomma faz um tributo \u00e0 inesquec\u00edvel Mercedes Sosa. Apresentando m\u00fasicas que fizeram parte da carreira de uma das cantoras mais famosas da Am\u00e9rica Latina, Nomma promete uma noite memor\u00e1vel.<\/p>\n<p><strong>Dia 30\/10:<\/strong> Ant\u00f4nio Carlos Bigonha convida Clodo Ferreira, Reco do Bandolim e amigos do samba para uma noite com o melhor da M\u00fasica Popular Brasileira. \u00c9 a partir das 21h30.<\/p>\n<p><strong>Dia 31\/10:<\/strong> Jos\u00e9 Carlos Vieira, Wanderley Lima, Vicente S\u00e1, Luciana Barreto, No\u00e9lia Ribeiro e Nara Fonseca sobem ao palco para apresentar o Quarto Sarau da Poesia Candanga, uma noite recheada de poesias de Carlos Drummond de Andrade para homenagear o Dia Nacional da Poesia.<\/p>\n","protected":false},"excerpt":{"rendered":"<p>Reduto da boa m\u00fasica na cidade, o Feiti\u00e7o Mineiro celebra a data com uma programa\u00e7\u00e3o diversificada de shows durante todo o m\u00eas<\/p>\n","protected":false},"author":84,"featured_media":514,"comment_status":"open","ping_status":"open","sticky":false,"template":"","format":"standard","meta":{"footnotes":""},"categories":[2],"tags":[137,135,136],"class_list":["post-513","post","type-post","status-publish","format-standard","has-post-thumbnail","hentry","category-musica","tag-29-anos","tag-feitico-mineiro","tag-programacao"],"_links":{"self":[{"href":"https:\/\/blogs.correiobraziliense.com.br\/trilhasonora\/wp-json\/wp\/v2\/posts\/513","targetHints":{"allow":["GET"]}}],"collection":[{"href":"https:\/\/blogs.correiobraziliense.com.br\/trilhasonora\/wp-json\/wp\/v2\/posts"}],"about":[{"href":"https:\/\/blogs.correiobraziliense.com.br\/trilhasonora\/wp-json\/wp\/v2\/types\/post"}],"author":[{"embeddable":true,"href":"https:\/\/blogs.correiobraziliense.com.br\/trilhasonora\/wp-json\/wp\/v2\/users\/84"}],"replies":[{"embeddable":true,"href":"https:\/\/blogs.correiobraziliense.com.br\/trilhasonora\/wp-json\/wp\/v2\/comments?post=513"}],"version-history":[{"count":3,"href":"https:\/\/blogs.correiobraziliense.com.br\/trilhasonora\/wp-json\/wp\/v2\/posts\/513\/revisions"}],"predecessor-version":[{"id":518,"href":"https:\/\/blogs.correiobraziliense.com.br\/trilhasonora\/wp-json\/wp\/v2\/posts\/513\/revisions\/518"}],"wp:featuredmedia":[{"embeddable":true,"href":"https:\/\/blogs.correiobraziliense.com.br\/trilhasonora\/wp-json\/wp\/v2\/media\/514"}],"wp:attachment":[{"href":"https:\/\/blogs.correiobraziliense.com.br\/trilhasonora\/wp-json\/wp\/v2\/media?parent=513"}],"wp:term":[{"taxonomy":"category","embeddable":true,"href":"https:\/\/blogs.correiobraziliense.com.br\/trilhasonora\/wp-json\/wp\/v2\/categories?post=513"},{"taxonomy":"post_tag","embeddable":true,"href":"https:\/\/blogs.correiobraziliense.com.br\/trilhasonora\/wp-json\/wp\/v2\/tags?post=513"}],"curies":[{"name":"wp","href":"https:\/\/api.w.org\/{rel}","templated":true}]}}