{"id":507,"date":"2018-10-01T08:43:01","date_gmt":"2018-10-01T11:43:01","guid":{"rendered":"https:\/\/blogs.correiobraziliense.com.br\/trilhasonora\/?p=507"},"modified":"2018-09-27T20:51:00","modified_gmt":"2018-09-27T23:51:00","slug":"os-bossa-nova","status":"publish","type":"post","link":"https:\/\/blogs.correiobraziliense.com.br\/trilhasonora\/os-bossa-nova\/","title":{"rendered":"Os Bossa Nova: Jo\u00e3o Donato, Roberto Menescal, Carlos Lyra e Marcos Valle lan\u00e7am disco"},"content":{"rendered":"<p><strong>\u00c1lbum com Jo\u00e3o Donato, Roberto Menescal, Carlos Lyra e Marcos Valle \u00e9 reeditado e lan\u00e7ado em comemora\u00e7\u00e3o dos 60 anos do movimento que \u00e9 tido como divisor de \u00e1guas da m\u00fasica popular brasileira<\/strong><\/p>\n<p>Nascida na Zona Sul do Rio de Janeiro, em encontros de jovens compositores e m\u00fasicos &#8212; antes de Tom Jobim, Vinicius de Moraes e Jo\u00e3o Gilberto entrarem em cena &#8212; para trocar ideias em bares e apartamentos, na busca de um estilo musical que os representasse. Eles curtiam jazz, bolero, m\u00fasica francesa e a dos impressionistas; e foram influenciados mel\u00f3dica e harmonicamente por esses ritmos, determinantes para que pudessem retratar o cotidiano da juventude do final dos anos 1950, num Brasil que crescia pr\u00f3spero.<\/p>\n<p>Em Copacabana morava o capixaba Roberto Menescal; carioca do mesmo bairro, Carlos Lyra frequentava o bar Plaza, onde encontrava com Jo\u00e3o Donato, acreano que saia da Tijuca para ouvir as harmonias sofisticadas de Johnny Alf, que fizeram dele o precursor da bossa nova. Menescal estudava no mesmo col\u00e9gio de Lyra e se aproximou dele, que j\u00e1 tinha uma m\u00fasica gravada, e come\u00e7aram a tocar juntos. O ent\u00e3o menino Marcos Valle, carioca, filho de paraenses e descendente de alem\u00e3es, tamb\u00e9m morador de Copacabana, passou a fazer parte do grupo. Logo depois, mais precisamente em 1958, surgiu o estilo musical que fez hist\u00f3ria e segue influenciando gera\u00e7\u00f5es, em todo o mundo.<\/p>\n<p>Jo\u00e3o Donato, Roberto Menescal, Carlos Lyra e Marcos Valle, reunidos 2008, gravaram o \u00e1lbum <em>Os Bossa Nova<\/em>, com o qual comemorara o cinquenten\u00e1rio do movimento.O CD est\u00e1 sendo relan\u00e7ado, na celebra\u00e7\u00e3o dos 60 anos da bossa. O projeto idealizado e produzido por Jos\u00e9 Milton, traz no repert\u00f3rio cl\u00e1ssicos como <em>Samba do carioca<\/em> (Carlos Lyra e Vinicius de Moraes), <em>Teresa da praia<\/em> (Tom Jobim e Billy Blanco), <em>Vagamente<\/em> (Roberto Menescal e Ronaldo B\u00f4scoli), <em>Gente<\/em> (Marcos e Paulo S\u00e9rgio Valle) e <em>At\u00e9 quem sabe<\/em> (Jo\u00e3o Donato e Lysias Enio). H\u00e1 tamb\u00e9m as Lado B, entre elas Sextante (Carlos Lyra), Balansamba (Roberto Menescal e Ronaldo B\u00f4scoli) e Entardecendo (Marcos Vale e J<br \/>\nJo\u00e3o Donato, al\u00e9m da instrumental <em>A cara do Rio<\/em> (Jo\u00e3o Donato e Roberto Menescal).<\/p>\n<p>A reedi\u00e7\u00e3o de<em> Os Bossa Nov<\/em>a tem como novidade duas faixas b\u00f4nus:<em> Sambeando<\/em> (Roberto Menescal e Carlos Lyra) e \u00daltimo aviso (Jo\u00e3o Donato). O \u00e1lbum, lan\u00e7amento da gravadora Biscoito Fino, est\u00e1 dispon\u00edvel em lojas f\u00edsicas e nas plataformas digitais. O pre\u00e7o sugerido \u00e9 de R$ 32.<\/p>\n","protected":false},"excerpt":{"rendered":"<p>\u00c1lbum com Jo\u00e3o Donato, Roberto Menescal, Carlos Lyra e Marcos Valle \u00e9 reeditado Os Bossa Nova \u00e9 lan\u00e7ado em comemora\u00e7\u00e3o dos 60 anos do movimento<\/p>\n","protected":false},"author":84,"featured_media":508,"comment_status":"open","ping_status":"open","sticky":false,"template":"","format":"standard","meta":{"footnotes":""},"categories":[113],"tags":[132,130,131,133,129,94],"class_list":["post-507","post","type-post","status-publish","format-standard","has-post-thumbnail","hentry","category-materia","tag-carlos-lyra","tag-disco","tag-joao-donato","tag-marcos-valle","tag-os-bossa-nova","tag-roberto-menescal"],"_links":{"self":[{"href":"https:\/\/blogs.correiobraziliense.com.br\/trilhasonora\/wp-json\/wp\/v2\/posts\/507","targetHints":{"allow":["GET"]}}],"collection":[{"href":"https:\/\/blogs.correiobraziliense.com.br\/trilhasonora\/wp-json\/wp\/v2\/posts"}],"about":[{"href":"https:\/\/blogs.correiobraziliense.com.br\/trilhasonora\/wp-json\/wp\/v2\/types\/post"}],"author":[{"embeddable":true,"href":"https:\/\/blogs.correiobraziliense.com.br\/trilhasonora\/wp-json\/wp\/v2\/users\/84"}],"replies":[{"embeddable":true,"href":"https:\/\/blogs.correiobraziliense.com.br\/trilhasonora\/wp-json\/wp\/v2\/comments?post=507"}],"version-history":[{"count":1,"href":"https:\/\/blogs.correiobraziliense.com.br\/trilhasonora\/wp-json\/wp\/v2\/posts\/507\/revisions"}],"predecessor-version":[{"id":509,"href":"https:\/\/blogs.correiobraziliense.com.br\/trilhasonora\/wp-json\/wp\/v2\/posts\/507\/revisions\/509"}],"wp:featuredmedia":[{"embeddable":true,"href":"https:\/\/blogs.correiobraziliense.com.br\/trilhasonora\/wp-json\/wp\/v2\/media\/508"}],"wp:attachment":[{"href":"https:\/\/blogs.correiobraziliense.com.br\/trilhasonora\/wp-json\/wp\/v2\/media?parent=507"}],"wp:term":[{"taxonomy":"category","embeddable":true,"href":"https:\/\/blogs.correiobraziliense.com.br\/trilhasonora\/wp-json\/wp\/v2\/categories?post=507"},{"taxonomy":"post_tag","embeddable":true,"href":"https:\/\/blogs.correiobraziliense.com.br\/trilhasonora\/wp-json\/wp\/v2\/tags?post=507"}],"curies":[{"name":"wp","href":"https:\/\/api.w.org\/{rel}","templated":true}]}}