{"id":497,"date":"2018-09-18T16:27:00","date_gmt":"2018-09-18T19:27:00","guid":{"rendered":"https:\/\/blogs.correiobraziliense.com.br\/trilhasonora\/?p=497"},"modified":"2018-09-18T16:27:00","modified_gmt":"2018-09-18T19:27:00","slug":"jorge-helder-o-mestre-do-contrabaixo","status":"publish","type":"post","link":"https:\/\/blogs.correiobraziliense.com.br\/trilhasonora\/jorge-helder-o-mestre-do-contrabaixo\/","title":{"rendered":"Jorge Helder, o mestre do contrabaixo"},"content":{"rendered":"<p>Um dos m\u00fasicos mais requisitados do pa\u00eds, Jorge Helder \u00e9 figurinha carimbada em trabalhos dos principais artistas da m\u00fasica brasileira. <a href=\"https:\/\/www.correiobraziliense.com.br\/app\/noticia\/diversao-e-arte\/2018\/09\/08\/interna_diversao_arte,704684\/mestre-do-contrabaixo-jorge-helder-concede-entrevista-ao-correio.shtml\">Confira mat\u00e9ria com ele publicada em 8 de setembro na capa do<\/a><strong><a href=\"https:\/\/www.correiobraziliense.com.br\/app\/noticia\/diversao-e-arte\/2018\/09\/08\/interna_diversao_arte,704684\/mestre-do-contrabaixo-jorge-helder-concede-entrevista-ao-correio.shtml\"> Divers\u00e3o &amp; Arte<\/a>.<\/strong><\/p>\n<p><img loading=\"lazy\" decoding=\"async\" class=\"aligncenter size-full wp-image-498\" src=\"https:\/\/blogs.correiobraziliense.com.br\/trilhasonora\/wp-content\/uploads\/sites\/39\/2018\/09\/0001.jpg\" alt=\"0001\" width=\"528\" height=\"1000\" srcset=\"https:\/\/blogs.correiobraziliense.com.br\/trilhasonora\/wp-content\/uploads\/sites\/39\/2018\/09\/0001.jpg 528w, https:\/\/blogs.correiobraziliense.com.br\/trilhasonora\/wp-content\/uploads\/sites\/39\/2018\/09\/0001-158x300.jpg 158w, https:\/\/blogs.correiobraziliense.com.br\/trilhasonora\/wp-content\/uploads\/sites\/39\/2018\/09\/0001-230x436.jpg 230w\" sizes=\"auto, (max-width: 528px) 100vw, 528px\" \/><\/p>\n","protected":false},"excerpt":{"rendered":"<p>Um dos m\u00fasicos mais requisitados do pa\u00eds, Jorge Helder \u00e9 figurinha carimbada em trabalhos dos principais artistas da m\u00fasica brasileira. Confira mat\u00e9ria com ele publicada em 8 de setembro na capa do Divers\u00e3o &amp; Arte.<\/p>\n","protected":false},"author":84,"featured_media":0,"comment_status":"open","ping_status":"open","sticky":false,"template":"","format":"standard","meta":{"footnotes":""},"categories":[1],"tags":[],"class_list":["post-497","post","type-post","status-publish","format-standard","hentry","category-sem-categoria"],"_links":{"self":[{"href":"https:\/\/blogs.correiobraziliense.com.br\/trilhasonora\/wp-json\/wp\/v2\/posts\/497","targetHints":{"allow":["GET"]}}],"collection":[{"href":"https:\/\/blogs.correiobraziliense.com.br\/trilhasonora\/wp-json\/wp\/v2\/posts"}],"about":[{"href":"https:\/\/blogs.correiobraziliense.com.br\/trilhasonora\/wp-json\/wp\/v2\/types\/post"}],"author":[{"embeddable":true,"href":"https:\/\/blogs.correiobraziliense.com.br\/trilhasonora\/wp-json\/wp\/v2\/users\/84"}],"replies":[{"embeddable":true,"href":"https:\/\/blogs.correiobraziliense.com.br\/trilhasonora\/wp-json\/wp\/v2\/comments?post=497"}],"version-history":[{"count":1,"href":"https:\/\/blogs.correiobraziliense.com.br\/trilhasonora\/wp-json\/wp\/v2\/posts\/497\/revisions"}],"predecessor-version":[{"id":499,"href":"https:\/\/blogs.correiobraziliense.com.br\/trilhasonora\/wp-json\/wp\/v2\/posts\/497\/revisions\/499"}],"wp:attachment":[{"href":"https:\/\/blogs.correiobraziliense.com.br\/trilhasonora\/wp-json\/wp\/v2\/media?parent=497"}],"wp:term":[{"taxonomy":"category","embeddable":true,"href":"https:\/\/blogs.correiobraziliense.com.br\/trilhasonora\/wp-json\/wp\/v2\/categories?post=497"},{"taxonomy":"post_tag","embeddable":true,"href":"https:\/\/blogs.correiobraziliense.com.br\/trilhasonora\/wp-json\/wp\/v2\/tags?post=497"}],"curies":[{"name":"wp","href":"https:\/\/api.w.org\/{rel}","templated":true}]}}