{"id":494,"date":"2018-09-14T08:00:31","date_gmt":"2018-09-14T11:00:31","guid":{"rendered":"https:\/\/blogs.correiobraziliense.com.br\/trilhasonora\/?p=494"},"modified":"2018-09-13T17:53:59","modified_gmt":"2018-09-13T20:53:59","slug":"sons-da-noite-green-move-festival-chega-setima-edicao","status":"publish","type":"post","link":"https:\/\/blogs.correiobraziliense.com.br\/trilhasonora\/sons-da-noite-green-move-festival-chega-setima-edicao\/","title":{"rendered":"Sons da Noite: Green Move Festival chega \u00e0 s\u00e9tima edi\u00e7\u00e3o"},"content":{"rendered":"<h3>Confira a coluna Sons da Noite publicada nesta sexta-feira (14\/9) no caderno Divirta-se Mais<\/h3>\n<p>A s\u00e9tima edi\u00e7\u00e3o do <a href=\"https:\/\/blogs.correiobraziliense.com.br\/trilhasonora\/jota-quest-pitty-e-vanessa-da-mata-green-move-festival\/\">Green Move<\/a>, que ocupar\u00e1 a Esplanada dos Minist\u00e9rios no dia 30 pr\u00f3ximo, ter\u00e1 uma programa\u00e7\u00e3o musical diversificada, com shows de MPB, rock e pop e concerto sinf\u00f4nico. Uma das atra\u00e7\u00f5es, a banda pop mineira Jota Quest, liderada pelo vocalista Rog\u00e9rio Flausino, que participar\u00e1 do festival pela terceira vez \u2014 as anteriores foram em 2012 e 2015. Outros destaque do evento ser\u00e3o a cantora mato-grossense Vanessa da Mata e a roqueira baiana Pitty. Haver\u00e1 ainda a participa\u00e7\u00e3o da Orquestra Sinf\u00f4nica do Teatro Nacional, sob a reg\u00eancia do maestro Cl\u00e1udio Cohen, tendo como solista a cantora l\u00edrica Lu\u00edsa Franciscone. Classifica\u00e7\u00e3o indicativa livre.<\/p>\n<p><strong>Eu recomendo<\/strong><\/p>\n<p>A m\u00fasica medieval do bar\u00edtono franc\u00eas Marc Mauillon pode ser apreciada na pr\u00f3xima quarta-feira, \u00e0s 20h, no Teatro da Caixa, em recital pelo projeto <em>Solo M\u00fasica<\/em>. Nesta apresenta\u00e7\u00e3o ele canta m\u00fasicas de seu vasto repert\u00f3rio de 30 discos, em especial do <em>Songline-itin\u00e9raire monodique<\/em>, lan\u00e7ado em 2016. Classifica\u00e7\u00e3o indicativa livre.<\/p>\n<p><strong>Eterna bossa<\/strong><\/p>\n<p>Homenagem aos 60 anos da bossa nova ser\u00e1 prestada pela cantora C\u00e9lia Rabelo e pelo cantor e violonista Jos\u00e9 Lybio,\u00a0s\u00e1bado (15\/9), \u00e0s 11h30, no Clube da Bossa (Teatro S\u00edlvio Barbato do Sesc\/ Edif\u00edcio Eurico Dutra\/ Setor Comercial Sul). Eles ser\u00e3o acompanhados por Jos\u00e9 Cabrera (piano e arranjos), Hamilton Pinheiro (contrabaixo) e Paulo Marques (bateria). A entrada \u00e9 franca. Classifica\u00e7\u00e3o indicativa livre.<\/p>\n<p><strong>Projeto autoral<\/strong><\/p>\n<p><em>Espa\u00e7o do tempo<\/em> \u00e9 o nome do DVD que o quarteto formado por Paulo Andr\u00e9 Tavares (viol\u00e3o), Oswaldo Amorim (contrabaixo), Daniel Baker (piano) e Paulo Marques (bateria) lan\u00e7a no dia 22, \u00e0s 18h, no Teatro Carlos Galv\u00e3o da Escola de M\u00fasica (602 Sul). O \u00e1lbum traz 12 faixas autorais. A entrada \u00e9 franca. Classifica\u00e7\u00e3o indicativa livre.<\/p>\n<p><strong>Mem\u00f3ria afetiva<\/strong><\/p>\n<p>Jodette Amorim lan\u00e7ar\u00e1 sexta (14), \u00e0s 18h, na AABB, o CD <em>O Luar de S\u00e3o Mateus<\/em>, no qual reuniu composi\u00e7\u00f5es do legado do pai, Joel Guilherme da Silva. No show ela ter\u00e1 como convidados Eduardo Rangel, Dhi Ribeiro, Marcelo Sena e Valerinho Xavier, artistas que participaram da grava\u00e7\u00e3o do disco. A entrada \u00e9 franca. Classifica\u00e7\u00e3o indicativa livre.<\/p>\n<p><strong>Lual na capital<\/strong><\/p>\n<p>A orla do Iate Clube vai ser o cen\u00e1rio do Lual da capital, que tem como principal atra\u00e7\u00e3o a banda baiana Jammil, liderada pelo vocalista Levi Lima. Quem abre a festa \u00e9 a banda brasiliense Surf Sessions. Os DJs Dudu Mireira, Marcelo Labac e Ralk se alternam no comando das picapes. N\u00e3o recomendado para menores de 18 Anos.<\/p>\n","protected":false},"excerpt":{"rendered":"<p>Confira a coluna Sons da Noite publicada nesta sexta-feira (14\/9) no caderno Divirta-se Mais A s\u00e9tima edi\u00e7\u00e3o do Green Move, que ocupar\u00e1 a Esplanada dos Minist\u00e9rios no dia 30 pr\u00f3ximo, ter\u00e1 uma programa\u00e7\u00e3o musical diversificada, com shows de MPB, rock e pop e concerto sinf\u00f4nico. Uma das atra\u00e7\u00f5es, a banda pop mineira Jota Quest, liderada pelo vocalista Rog\u00e9rio Flausino, que [&hellip;]<\/p>\n","protected":false},"author":84,"featured_media":495,"comment_status":"open","ping_status":"open","sticky":false,"template":"","format":"standard","meta":{"footnotes":""},"categories":[27],"tags":[22,128],"class_list":["post-494","post","type-post","status-publish","format-standard","has-post-thumbnail","hentry","category-coluna-sons-da-noite","tag-green-move-festival","tag-levi-lima"],"_links":{"self":[{"href":"https:\/\/blogs.correiobraziliense.com.br\/trilhasonora\/wp-json\/wp\/v2\/posts\/494","targetHints":{"allow":["GET"]}}],"collection":[{"href":"https:\/\/blogs.correiobraziliense.com.br\/trilhasonora\/wp-json\/wp\/v2\/posts"}],"about":[{"href":"https:\/\/blogs.correiobraziliense.com.br\/trilhasonora\/wp-json\/wp\/v2\/types\/post"}],"author":[{"embeddable":true,"href":"https:\/\/blogs.correiobraziliense.com.br\/trilhasonora\/wp-json\/wp\/v2\/users\/84"}],"replies":[{"embeddable":true,"href":"https:\/\/blogs.correiobraziliense.com.br\/trilhasonora\/wp-json\/wp\/v2\/comments?post=494"}],"version-history":[{"count":1,"href":"https:\/\/blogs.correiobraziliense.com.br\/trilhasonora\/wp-json\/wp\/v2\/posts\/494\/revisions"}],"predecessor-version":[{"id":496,"href":"https:\/\/blogs.correiobraziliense.com.br\/trilhasonora\/wp-json\/wp\/v2\/posts\/494\/revisions\/496"}],"wp:featuredmedia":[{"embeddable":true,"href":"https:\/\/blogs.correiobraziliense.com.br\/trilhasonora\/wp-json\/wp\/v2\/media\/495"}],"wp:attachment":[{"href":"https:\/\/blogs.correiobraziliense.com.br\/trilhasonora\/wp-json\/wp\/v2\/media?parent=494"}],"wp:term":[{"taxonomy":"category","embeddable":true,"href":"https:\/\/blogs.correiobraziliense.com.br\/trilhasonora\/wp-json\/wp\/v2\/categories?post=494"},{"taxonomy":"post_tag","embeddable":true,"href":"https:\/\/blogs.correiobraziliense.com.br\/trilhasonora\/wp-json\/wp\/v2\/tags?post=494"}],"curies":[{"name":"wp","href":"https:\/\/api.w.org\/{rel}","templated":true}]}}