{"id":483,"date":"2018-08-31T08:00:21","date_gmt":"2018-08-31T11:00:21","guid":{"rendered":"https:\/\/blogs.correiobraziliense.com.br\/trilhasonora\/?p=483"},"modified":"2018-08-30T15:47:48","modified_gmt":"2018-08-30T18:47:48","slug":"sons-da-noite-raul-de-souza-se-apresenta-hoje-no-clube-do-choro","status":"publish","type":"post","link":"https:\/\/blogs.correiobraziliense.com.br\/trilhasonora\/sons-da-noite-raul-de-souza-se-apresenta-hoje-no-clube-do-choro\/","title":{"rendered":"Sons da Noite: Raul de Souza se apresenta hoje no Clube do Choro"},"content":{"rendered":"<h3>Confira a coluna <em>Sons da Noite<\/em> publicada nesta sexta-feira (31\/8) no Divirta-se Mais<\/h3>\n<p><strong>Mestre do trombone<\/strong><br \/>\nUm dos m\u00fasicos brasileiros de maior prest\u00edgio internacional, Raul de Souza est\u00e1 de volta a Bras\u00edlia. Sexta (31\/8), \u00e0s 21h, o trombonista carioca de 82 anos e mais de seis d\u00e9cadas de carreira se apresenta no Espa\u00e7o Cultural do Choro (Eixo Monumental). No show, ele toca temas registrados em alguns dos seus 14 discos, entre os quais <em>Sweet Lucy<\/em>, <em>Jazzmim<\/em>, <em>Souk &amp; creatuin<\/em> e <em>Bossa eterna<\/em>.<\/p>\n<p>Inventor do souzabone \u2014 trombone com quatro v\u00e1lvulas, uma a mais do que no instrumento tradicional \u2014, Raul conquistou a admira\u00e7\u00e3o de gigantes do jazz como Sonny Rollins, George Duke, Sarah Voughan, Freddie Hubbzrd e Hubert Laws. N\u00e3o recomendado para menores de 14 anos.<\/p>\n<p><strong>Eu recomendo<\/strong><br \/>\nA banda paulista Beatles para crian\u00e7a faz show neste domingo (2\/9), no Festival Fam\u00edlia Bras\u00edlia, que ocupa o estacionamento 5 do Parque da Cidade, das 9h \u00e0s 17h. Cl\u00e1ssicos como <em>All you need is love<\/em>, <em>Black bird<\/em>, <em>Help<\/em>, <em>Hey Jude<\/em> e <em>Yellow submarine<\/em> v\u00e3o ser ouvidos pelos participantes do evento. A entrada \u00e9 franca. Classifica\u00e7\u00e3o indicativa livre.<\/p>\n<p><strong>Nova fase<\/strong><br \/>\nO Espa\u00e7o Cultural Bras\u00edlia, que funcionou anexo ao Shopping Iguatemi, na temporada de 2016, foi desativado ap\u00f3s receber artistas como Marisa Monte, Maria Rita e Diogo Nogueira. Agora, est\u00e1 sendo reativado e reestruturado, no mesmo local, para reabrir em 6 de outubro, com o espet\u00e1culo comemorativo dos 60 anos da bossa nova, que re\u00fane o MPB4 e o Quarteto em Cy. A tenda, com 3.200 m\u00b2, dividida em tr\u00eas n\u00edveis, tem capacidade para duas mil pessoas \u2014 sentadas em 250 mesas de quatro lugares. Classifica\u00e7\u00e3o indicativa livre.<\/p>\n<p><strong>Dupla campe\u00e3<\/strong><br \/>\nRio Negro &amp; Solim\u00f5es,dupla campe\u00e3 de participa\u00e7\u00f5es em shows de exposi\u00e7\u00f5es agropecu\u00e1rias da Granja do Torto, \u00e9 a maior atra\u00e7\u00e3o da Granja 2018, na pr\u00f3xima semana, com apresenta\u00e7\u00e3o na sexta-feira. Outros destaques s\u00e3o Fernando &amp; Sorocaba, que se apresentam na sexta-feira; e Eduardo Costa, que fecha aprograma\u00e7\u00e3o no s\u00e1bado. Classifica\u00e7\u00e3o indicativa livre.<\/p>\n<p><strong>Para bailar<\/strong><br \/>\nProjeto liderado por Andr\u00e9 Gonzales (ex-vocalista do M\u00f3veis Coloniais de Acaju e \u00e0 frente da Sr. Gonzales Serenata Orquestra),o Bailame comemora um ano, domingo, no Clube Previdenci\u00e1rios (entrequadra 712\/912 Sul). Quem estiver l\u00e1 vai dan\u00e7ar no embalo de cl\u00e1ssicos da MPB tradicional, gravados por Francisco Alves, Carlos Galhardo, Orlando Silva e Nelson Gon\u00e7alves, cantores da Era de Ouro do r\u00e1dio.N\u00e3o recomendado para menores de 18 anos.<\/p>\n<p><strong>Revival Credence<\/strong><br \/>\nGrandes hits da Creedence v\u00e3o ser rememorados pela banda Creedence Clearwater Revival, cover de Belo Horizonte que cultua o som dos californianos. No show que faz sexta, \u00e0s 22h, na Buddy (413 Sul), o grupo traz de volta as consagradas <em>Bad moon misssing<\/em>, <em>Someday never comes<\/em>, <em>Suzie Q<\/em> e <em>Who\u2019ll stop the rain.<\/em> N\u00e3o recomendado para menores de 18 anos.<\/p>\n<p><strong>Instrumental sofisticado<\/strong><br \/>\nO Jazz Trio, formado por Fl\u00e1vio Silva (piano), Daniel Castro (contrabaixo ac\u00fastico) e C\u00e9lio Maciel (bateria), que tem participado de festivais no Brasil e no exterior, cumpre temporada no sofisticado B Hotel Bras\u00edlia (Setor Hoteleiro Norte) nas quartas-feiras, \u00e0s 20h, e nas sextas-feiras, a partir das 13h. O grupo brasiliense interpreta standards de jazz e cl\u00e1ssicos da MPB. Classifica\u00e7\u00e3o indicativa livre.<\/p>\n","protected":false},"excerpt":{"rendered":"<p>Confira a coluna Sons da Noite publicada nesta sexta-feira (31\/8) no Divirta-se Mais Mestre do trombone Um dos m\u00fasicos brasileiros de maior prest\u00edgio internacional, Raul de Souza est\u00e1 de volta a Bras\u00edlia. Sexta (31\/8), \u00e0s 21h, o trombonista carioca de 82 anos e mais de seis d\u00e9cadas de carreira se apresenta no Espa\u00e7o Cultural do Choro (Eixo Monumental). No show, [&hellip;]<\/p>\n","protected":false},"author":84,"featured_media":484,"comment_status":"open","ping_status":"open","sticky":false,"template":"","format":"standard","meta":{"footnotes":""},"categories":[49],"tags":[],"class_list":["post-483","post","type-post","status-publish","format-standard","has-post-thumbnail","hentry","category-sons-da-noite"],"_links":{"self":[{"href":"https:\/\/blogs.correiobraziliense.com.br\/trilhasonora\/wp-json\/wp\/v2\/posts\/483","targetHints":{"allow":["GET"]}}],"collection":[{"href":"https:\/\/blogs.correiobraziliense.com.br\/trilhasonora\/wp-json\/wp\/v2\/posts"}],"about":[{"href":"https:\/\/blogs.correiobraziliense.com.br\/trilhasonora\/wp-json\/wp\/v2\/types\/post"}],"author":[{"embeddable":true,"href":"https:\/\/blogs.correiobraziliense.com.br\/trilhasonora\/wp-json\/wp\/v2\/users\/84"}],"replies":[{"embeddable":true,"href":"https:\/\/blogs.correiobraziliense.com.br\/trilhasonora\/wp-json\/wp\/v2\/comments?post=483"}],"version-history":[{"count":1,"href":"https:\/\/blogs.correiobraziliense.com.br\/trilhasonora\/wp-json\/wp\/v2\/posts\/483\/revisions"}],"predecessor-version":[{"id":485,"href":"https:\/\/blogs.correiobraziliense.com.br\/trilhasonora\/wp-json\/wp\/v2\/posts\/483\/revisions\/485"}],"wp:featuredmedia":[{"embeddable":true,"href":"https:\/\/blogs.correiobraziliense.com.br\/trilhasonora\/wp-json\/wp\/v2\/media\/484"}],"wp:attachment":[{"href":"https:\/\/blogs.correiobraziliense.com.br\/trilhasonora\/wp-json\/wp\/v2\/media?parent=483"}],"wp:term":[{"taxonomy":"category","embeddable":true,"href":"https:\/\/blogs.correiobraziliense.com.br\/trilhasonora\/wp-json\/wp\/v2\/categories?post=483"},{"taxonomy":"post_tag","embeddable":true,"href":"https:\/\/blogs.correiobraziliense.com.br\/trilhasonora\/wp-json\/wp\/v2\/tags?post=483"}],"curies":[{"name":"wp","href":"https:\/\/api.w.org\/{rel}","templated":true}]}}