{"id":479,"date":"2018-08-24T08:00:32","date_gmt":"2018-08-24T11:00:32","guid":{"rendered":"https:\/\/blogs.correiobraziliense.com.br\/trilhasonora\/?p=479"},"modified":"2018-08-23T15:45:49","modified_gmt":"2018-08-23T18:45:49","slug":"sons-da-noite-tribalistas-e-chico-buarque-passam-por-brasilia","status":"publish","type":"post","link":"https:\/\/blogs.correiobraziliense.com.br\/trilhasonora\/sons-da-noite-tribalistas-e-chico-buarque-passam-por-brasilia\/","title":{"rendered":"Sons da Noite: Tribalistas e Chico Buarque passam por Bras\u00edlia"},"content":{"rendered":"<h3>Confira a coluna Sons da noite publicada nesta sexta-feira (24\/8) no <em>Divirta-se Mais<\/em><\/h3>\n<p><strong>Espet\u00e1culos marcantes<\/strong><\/p>\n<p>Bras\u00edlia viver\u00e1 no final da pr\u00f3xima semana dias de grande efervesc\u00eancia cultural na \u00e1rea da m\u00fasica. Na quinta-feira, \u00e0s 21h, Chico Buarque far\u00e1, no audit\u00f3rio m\u00e1ster do Centro Cultural Ulysses Guimar\u00e3es <a href=\"https:\/\/blogs.correiobraziliense.com.br\/trilhasonora\/chico-buarque-show\/\">o show <em>Caravanas<\/em><\/a>, com direito a bis na sexta-feira, no mesmo hor\u00e1rio. Tamb\u00e9m na quinta, \u00e0s 21h, Paulinho da Viola, tendo ao lado os filhos Beatriz Faria e Jo\u00e3o Rabello, se apresentar\u00e1 na 312 Norte, pelo projeto Noite Cultural T-Bone. S\u00e1bado, \u00e0s 21h30, Marisa Monte, Arnaldo Antunes e Carlinhos Brown ocupar\u00e3o o anfiteatro instalado no gramado do Est\u00e1dio Nacional Man\u00e9 Garrincha, <a href=\"https:\/\/blogs.correiobraziliense.com.br\/trilhasonora\/nova-turne-tribalistas\/\">com o espet\u00e1culo <em>Tribalistas<\/em><\/a>. Para o<em> Caravanas<\/em> e o Tribalistas (n\u00e3o recomendados para menores de 14 anos), os ingressos est\u00e3o \u00e0 venda no G2 do Bras\u00edlia Shopping. J\u00e1 para o de Paulinho, o acesso ser\u00e1 gratuito, com classifica\u00e7\u00e3o indicativa livre.<\/p>\n<p><strong>Eu recomendo<\/strong><br \/>\nShows gratuitos que visam divulgar o Festival Dosol, que ocorre em Natal, em 24 e 25 de novembro, ser\u00e3o apresentados no fim da pr\u00f3xima semana, no Pier 21 (Avenida das Na\u00e7\u00f5es). As atra\u00e7\u00f5es s\u00e3o o cantor e compositor Ops e o grupo Saci Were, de Bras\u00edlia, sexta-feira, \u00e0s 19h30; e as bandas brasilienses Augusta e O Tarot e o m\u00fasico paulista Rodrigo Alarcon, s\u00e1bado, a partir das 19h. Classifica\u00e7\u00e3o indicativa livre.<\/p>\n<p><strong>De volta<\/strong><br \/>\nAusente dos palcos brasilienses h\u00e1 v\u00e1rios anos, Cl\u00e1udia Leitte retorna \u00e0 cidade em 29 de setembro, com uma esp\u00e9cie de pr\u00e9via do carnaval. Ela vai dividir o palco da arena lounge do Man\u00e9 Garrincha com a funkeira Valesca Popozuda. No recomendado para menores de 18 anos.<\/p>\n<p><strong>Nome retomado<\/strong><br \/>\nA casa de shows localizada na Orla Norte do Lago Parano\u00e1 que se chamava Net Live Bras\u00edlia volta a receber o antigo nome, \u00d3pera Hall. No dia 22 de setembro recebe o show <em>Ao vivo pra caramba<\/em>, t\u00edtulo tamb\u00e9m do DVD com o qual Humberto Gessinger, ex-vocalista e baixista da banda Engenheiros do Hawaii, celebrou 30 anos de carreira. N\u00e3o recomendado para menores de 16 anos.<\/p>\n<p><strong>Para despedir<\/strong><br \/>\nNa estrada com a \u00faltima turn\u00ea como dupla, Victor &amp; L\u00e9o cantam no pr\u00f3ximo dia 15, no Centro de Conven\u00e7\u00f5es Ulysses Guimar\u00e3es. No show, eles revisitam sucessos como <em>Borboletas<\/em>, <em>Deus e eu no sert\u00e3o<\/em>, <em>Fada<\/em> e <em>Momentos<\/em>. N\u00e3o recomendado para menores de 12 anos.<\/p>\n<p><strong>Tudo misturado<\/strong><br \/>\nMart\u2019n\u00e1lia cumpre temporada de 6 a 9 de setembro no Teatro da Caixa com o show <em>+ Misturado<\/em>, que vem sendo apresentado em turn\u00ea pelo pa\u00eds. Acompanhada por sua banda, a cantora interpreta repert\u00f3rio bem variado, que inclui <em>Cabide<\/em> (Ana Carolina), <em>Estrela<\/em> (Gilberto Gil), <em>Linha do Equador<\/em> (Djavan), <em>Tempo de estio<\/em> (Caetano Veloso), e <em>Tava por a\u00ed, dela<\/em> e <em>Momba\u00e7a<\/em>. N\u00e3o recomendado para menores de 12 anos.<\/p>\n<p><strong>Lual oitentista<\/strong><br \/>\nSem se apresentar na capital h\u00e1 bastante tempo, o Biquini Cavad\u00e3o est\u00e1 de volta como atra\u00e7\u00e3o do Lual do Iate 2018, no dia 31 pr\u00f3ximo. Bruno Gouveia (vocal), Sheik (baixo), \u00c1lvaro Birita (bateria) e Miguel Flores (teclados) v\u00e3o reviver m\u00fasicas que marcaram a cena do rock brasileiro dos anos 1980, entre as quais <em>T\u00e9dio<\/em>, <em>Vento ventania<\/em> e<em> Z\u00e9 Ningu\u00e9m<\/em>. A banda brasiliense Rock Beats toca na abertura.<\/p>\n","protected":false},"excerpt":{"rendered":"<p>Confira a coluna Sons da noite publicada nesta sexta-feira (24\/8) no Divirta-se Mais Espet\u00e1culos marcantes Bras\u00edlia viver\u00e1 no final da pr\u00f3xima semana dias de grande efervesc\u00eancia cultural na \u00e1rea da m\u00fasica. Na quinta-feira, \u00e0s 21h, Chico Buarque far\u00e1, no audit\u00f3rio m\u00e1ster do Centro Cultural Ulysses Guimar\u00e3es o show Caravanas, com direito a bis na sexta-feira, no mesmo hor\u00e1rio. Tamb\u00e9m na [&hellip;]<\/p>\n","protected":false},"author":84,"featured_media":215,"comment_status":"open","ping_status":"open","sticky":false,"template":"","format":"standard","meta":{"footnotes":""},"categories":[27],"tags":[],"class_list":["post-479","post","type-post","status-publish","format-standard","has-post-thumbnail","hentry","category-coluna-sons-da-noite"],"_links":{"self":[{"href":"https:\/\/blogs.correiobraziliense.com.br\/trilhasonora\/wp-json\/wp\/v2\/posts\/479","targetHints":{"allow":["GET"]}}],"collection":[{"href":"https:\/\/blogs.correiobraziliense.com.br\/trilhasonora\/wp-json\/wp\/v2\/posts"}],"about":[{"href":"https:\/\/blogs.correiobraziliense.com.br\/trilhasonora\/wp-json\/wp\/v2\/types\/post"}],"author":[{"embeddable":true,"href":"https:\/\/blogs.correiobraziliense.com.br\/trilhasonora\/wp-json\/wp\/v2\/users\/84"}],"replies":[{"embeddable":true,"href":"https:\/\/blogs.correiobraziliense.com.br\/trilhasonora\/wp-json\/wp\/v2\/comments?post=479"}],"version-history":[{"count":1,"href":"https:\/\/blogs.correiobraziliense.com.br\/trilhasonora\/wp-json\/wp\/v2\/posts\/479\/revisions"}],"predecessor-version":[{"id":480,"href":"https:\/\/blogs.correiobraziliense.com.br\/trilhasonora\/wp-json\/wp\/v2\/posts\/479\/revisions\/480"}],"wp:featuredmedia":[{"embeddable":true,"href":"https:\/\/blogs.correiobraziliense.com.br\/trilhasonora\/wp-json\/wp\/v2\/media\/215"}],"wp:attachment":[{"href":"https:\/\/blogs.correiobraziliense.com.br\/trilhasonora\/wp-json\/wp\/v2\/media?parent=479"}],"wp:term":[{"taxonomy":"category","embeddable":true,"href":"https:\/\/blogs.correiobraziliense.com.br\/trilhasonora\/wp-json\/wp\/v2\/categories?post=479"},{"taxonomy":"post_tag","embeddable":true,"href":"https:\/\/blogs.correiobraziliense.com.br\/trilhasonora\/wp-json\/wp\/v2\/tags?post=479"}],"curies":[{"name":"wp","href":"https:\/\/api.w.org\/{rel}","templated":true}]}}