{"id":474,"date":"2018-08-17T08:41:12","date_gmt":"2018-08-17T11:41:12","guid":{"rendered":"https:\/\/blogs.correiobraziliense.com.br\/trilhasonora\/?p=474"},"modified":"2018-08-16T20:49:13","modified_gmt":"2018-08-16T23:49:13","slug":"sons-da-noite-paulinho-da-viola-se-apresenta-na-noite-cultural-t-bone","status":"publish","type":"post","link":"https:\/\/blogs.correiobraziliense.com.br\/trilhasonora\/sons-da-noite-paulinho-da-viola-se-apresenta-na-noite-cultural-t-bone\/","title":{"rendered":"Sons da noite: Paulinho da Viola se apresenta na Noite Cultural T-Bone"},"content":{"rendered":"<h3>Confira a coluna Sons da noite desta sexta-feira (17\/8) do Divirta-se Mais<\/h3>\n<p><strong>Paulinho em fam\u00edlia<br \/>\n<\/strong><br \/>\nH\u00e1 algum tempo longe dos palcos brasilienses, Paulinho da Viola voltar\u00e1 \u00e0 cidade em breve. No dia 30 pr\u00f3ximo, o cantor e compositor carioca far\u00e1 show pelo projeto Noite Cultural T-Bone, na 312 Norte. Ele ter\u00e1 como convidada a filha e cantora Beatriz Rabelo. Um dos integrantes da banda que o acompanha \u00e9 o filho, violonista e baixista Jo\u00e3o Faria.<\/p>\n<p>Nessa apresenta\u00e7\u00e3o, Paulinho revisitar\u00e1 cl\u00e1ssicos de sua obra como <em>Argumento<\/em>, <em>Eu canto samba<\/em>, <em>Cora\u00e7\u00e3o leviano<\/em>, <em>Onde a dor n\u00e3o tem raz\u00e3o<\/em>, <em>Timoneiro<\/em> e, claro, <em>Foi um rio que passou em minha vida<\/em>. A entrada \u00e9 franca. Classifica\u00e7\u00e3o indicativa livre.<\/p>\n<p><strong>Eu recomendo<\/strong><\/p>\n<p>Com trabalho muit\u00edssimo bem-avaliado em toda a Europa, o pianista e compositor italiano Stefano Bollani acaba de lan\u00e7ar pela Biscoito Fino o \u00e1lbum <em>Que bom<\/em>, com a participa\u00e7\u00e3o de Caetano Veloso, Jo\u00e3o Bosco, Jaques Morelembaum e Hamilton de Holanda, que o apresentou ao Brasil. Na pr\u00f3xima segunda-feira (20), \u00e0s 21h, ele faz show no Espa\u00e7o Cultural do Choro (Eixo Monumental), acompanhado por Jorge Helder (baixo), Jurim Moreira (bateria), Armando Mar\u00e7al e Thiago da Serrinha (percuss\u00e3o). N\u00e3o recomendado para menores de 14 anos.<\/p>\n<p><strong>Eterna rainha<br \/>\n<\/strong><br \/>\n<em>Can\u00e7\u00f5es de Roberto e Erasmo<\/em> \u00e9 o nome do CD que \u00c2ngela Maria lan\u00e7ou em 2017. No dia 20 de outubro, a eterna rainha do r\u00e1dio vir\u00e1 a Bras\u00edlia para show no audit\u00f3rio m\u00e1ster do Centro de Conven\u00e7\u00f5es Ulysses Guimar\u00e3es, quando interpretar\u00e1 m\u00fasicas como <em>Desabafo<\/em>, <em>N\u00e3o se esque\u00e7a de mim<\/em>, <em>Sentado \u00e0 beira do caminh<\/em>o e <em>Sua estupidez<\/em>. N\u00e3o recomendado para menores de 12 anos.<\/p>\n<p><strong>Hits internacionais<\/strong><\/p>\n<p>Daniel Boaventura chega a Bras\u00edlia em 21 de setembro para a festa show <em>Uma noite de flashback<\/em>, no Unique Palace. O cantor e ator vai passear por repert\u00f3rio que inclui composi\u00e7\u00f5es do cancioneiro internacional, entre as quais<em> I\u2019ve got you under my skin<\/em>,<em> Should I stay or should I go?<\/em>, <em>It\u2019s now or never<\/em>, <em>Celebration<\/em>, <em>New York, New York<\/em> e <em>Can\u2019t take my eyes of or you<\/em>.<\/p>\n<p><strong>Banda bonita<br \/>\n<\/strong><br \/>\nQuem retorna \u00e0 capital em breve \u00e9 A Banda Mais Bonita da Cidade. O grupo curitibano se apresenta dia 31, no Clube Previdenci\u00e1rios (712\/912 Sul) e aproveita para lan\u00e7ar seu terceiro CD de est\u00fadio, intitulado <em>De cima do mundo eu vi o tempo<\/em>. Classifica\u00e7\u00e3o indicativa livre.<\/p>\n<p><strong>Recital erudito<br \/>\n<\/strong><br \/>\nO saxofonista Asdrubal Bandeira e a pianista Fab\u00edola Pinheiro fazem recital sexta (17), \u00e0s 20h, pelo projeto <em>Sextas Musicais<\/em>, no Casa Thomas Jefferson Hall (entrequadra 706\/906 Sul), com entrada franca. O duo brasiliense toca pe\u00e7as de Gabriel Faur, Robert Mucznynski, Paul Creston, Ronaldo Miranda e Radam\u00e9s Gnattali. Classifica\u00e7\u00e3o indicativa livre.<\/p>\n<p><strong>Os seresteiros<br \/>\n<\/strong><br \/>\nO projeto Sesc Seresta apresenta sexta, \u00e0s 19h30, no Pont\u00e3o do Lago Sul, a cantora Myrla Muniz e Dad\u00e1 Quixabeira. A programa\u00e7\u00e3o prossegue no dia 25, com Fhernanda Fernandes e Cely Curado; e finaliza em 1\u00ba de setembro, tendo Agnaldo Tim\u00f3teo como atra\u00e7\u00e3o. Classifica\u00e7\u00e3o indicativa, livre.<\/p>\n<p><strong>Cl\u00e1ssicos de Gil<br \/>\n<\/strong><\/p>\n<figure id=\"attachment_436\" aria-describedby=\"caption-attachment-436\" style=\"width: 1200px\" class=\"wp-caption aligncenter\"><img loading=\"lazy\" decoding=\"async\" class=\"size-full wp-image-436\" src=\"https:\/\/blogs.correiobraziliense.com.br\/trilhasonora\/wp-content\/uploads\/sites\/39\/2018\/07\/Gilberto-GIl.jpg\" alt=\"Gilberto GIl\" width=\"1200\" height=\"650\" srcset=\"https:\/\/blogs.correiobraziliense.com.br\/trilhasonora\/wp-content\/uploads\/sites\/39\/2018\/07\/Gilberto-GIl.jpg 1200w, https:\/\/blogs.correiobraziliense.com.br\/trilhasonora\/wp-content\/uploads\/sites\/39\/2018\/07\/Gilberto-GIl-300x163.jpg 300w, https:\/\/blogs.correiobraziliense.com.br\/trilhasonora\/wp-content\/uploads\/sites\/39\/2018\/07\/Gilberto-GIl-768x416.jpg 768w, https:\/\/blogs.correiobraziliense.com.br\/trilhasonora\/wp-content\/uploads\/sites\/39\/2018\/07\/Gilberto-GIl-1024x555.jpg 1024w, https:\/\/blogs.correiobraziliense.com.br\/trilhasonora\/wp-content\/uploads\/sites\/39\/2018\/07\/Gilberto-GIl-550x298.jpg 550w, https:\/\/blogs.correiobraziliense.com.br\/trilhasonora\/wp-content\/uploads\/sites\/39\/2018\/07\/Gilberto-GIl-230x125.jpg 230w\" sizes=\"auto, (max-width: 1200px) 100vw, 1200px\" \/><figcaption id=\"caption-attachment-436\" class=\"wp-caption-text\">Cr\u00e9ditos: Daryan Dornelles\/Divulga\u00e7\u00e3o<\/figcaption><\/figure>\n<p>No show que far\u00e1 no dia 25 pelo projeto Na Praia, dividindo a cena com o Natiruts, Gilberto Gil interpretar\u00e1 cl\u00e1ssicos de sua obra, como <em>Andar com f\u00e9<\/em>, <em>A paz<\/em>, <em>Esot\u00e9rico<\/em>, <em>Palco<\/em>, <em>Toda menina baiana<\/em> e<em> Vamos fugir<\/em>; e tamb\u00e9m o primeiro <a href=\"https:\/\/blogs.correiobraziliense.com.br\/trilhasonora\/gilberto-gil-ok-ok-ok\/\">single do novo \u00e1lbum, <em>OK OK OK<\/em><\/a>. O eterno tropicalista ter\u00e1 ao seu lado tr\u00eas dos seus filhos, os m\u00fasicos Bem e Jos\u00e9 Gil e a cantora Nara Gil; e ser\u00e1 acompanhado pela banda formada por Mestrinho (sanfona), Magno Brito (baixo) e Kainan (percuss\u00e3o). N\u00e3o recomendado para menores de 16 anos.<\/p>\n","protected":false},"excerpt":{"rendered":"<p>Confira a coluna Sons da noite desta sexta-feira (17\/8) do Divirta-se Mais Paulinho em fam\u00edlia H\u00e1 algum tempo longe dos palcos brasilienses, Paulinho da Viola voltar\u00e1 \u00e0 cidade em breve. No dia 30 pr\u00f3ximo, o cantor e compositor carioca far\u00e1 show pelo projeto Noite Cultural T-Bone, na 312 Norte. Ele ter\u00e1 como convidada a filha e cantora Beatriz Rabelo. Um [&hellip;]<\/p>\n","protected":false},"author":84,"featured_media":475,"comment_status":"open","ping_status":"open","sticky":false,"template":"","format":"standard","meta":{"footnotes":""},"categories":[49],"tags":[118,29,44],"class_list":["post-474","post","type-post","status-publish","format-standard","has-post-thumbnail","hentry","category-sons-da-noite","tag-gilberto-gil","tag-paulinho-da-viola","tag-sons-da-noite"],"_links":{"self":[{"href":"https:\/\/blogs.correiobraziliense.com.br\/trilhasonora\/wp-json\/wp\/v2\/posts\/474","targetHints":{"allow":["GET"]}}],"collection":[{"href":"https:\/\/blogs.correiobraziliense.com.br\/trilhasonora\/wp-json\/wp\/v2\/posts"}],"about":[{"href":"https:\/\/blogs.correiobraziliense.com.br\/trilhasonora\/wp-json\/wp\/v2\/types\/post"}],"author":[{"embeddable":true,"href":"https:\/\/blogs.correiobraziliense.com.br\/trilhasonora\/wp-json\/wp\/v2\/users\/84"}],"replies":[{"embeddable":true,"href":"https:\/\/blogs.correiobraziliense.com.br\/trilhasonora\/wp-json\/wp\/v2\/comments?post=474"}],"version-history":[{"count":1,"href":"https:\/\/blogs.correiobraziliense.com.br\/trilhasonora\/wp-json\/wp\/v2\/posts\/474\/revisions"}],"predecessor-version":[{"id":476,"href":"https:\/\/blogs.correiobraziliense.com.br\/trilhasonora\/wp-json\/wp\/v2\/posts\/474\/revisions\/476"}],"wp:featuredmedia":[{"embeddable":true,"href":"https:\/\/blogs.correiobraziliense.com.br\/trilhasonora\/wp-json\/wp\/v2\/media\/475"}],"wp:attachment":[{"href":"https:\/\/blogs.correiobraziliense.com.br\/trilhasonora\/wp-json\/wp\/v2\/media?parent=474"}],"wp:term":[{"taxonomy":"category","embeddable":true,"href":"https:\/\/blogs.correiobraziliense.com.br\/trilhasonora\/wp-json\/wp\/v2\/categories?post=474"},{"taxonomy":"post_tag","embeddable":true,"href":"https:\/\/blogs.correiobraziliense.com.br\/trilhasonora\/wp-json\/wp\/v2\/tags?post=474"}],"curies":[{"name":"wp","href":"https:\/\/api.w.org\/{rel}","templated":true}]}}