{"id":464,"date":"2018-08-13T18:07:26","date_gmt":"2018-08-13T21:07:26","guid":{"rendered":"https:\/\/blogs.correiobraziliense.com.br\/trilhasonora\/?p=464"},"modified":"2018-08-13T18:18:40","modified_gmt":"2018-08-13T21:18:40","slug":"maria-rita-participara-como-convidada-em-shows-de-andrea-bocelli-no-brasil","status":"publish","type":"post","link":"https:\/\/blogs.correiobraziliense.com.br\/trilhasonora\/maria-rita-participara-como-convidada-em-shows-de-andrea-bocelli-no-brasil\/","title":{"rendered":"Maria Rita participar\u00e1 como convidada em shows de Andrea Bocelli no Brasil"},"content":{"rendered":"<h3>Andrea Bocelli far\u00e1 tr\u00eas shows no Brasil, todos eles com presen\u00e7a de Maria Rita, filha de Elis Regina<\/h3>\n<p>Considerado o artista de maior popularidade na hist\u00f3ria da m\u00fasica cl\u00e1ssica, o tenor Andrea Bocelli cumprir\u00e1 nova turn\u00ea pelo Brasil no pr\u00f3ximo m\u00eas, em setembro. As apresenta\u00e7\u00f5es ser\u00e3o em Porto Alegre (Est\u00e1dio Beira-Rio), dia 23; <a href=\"https:\/\/www.correiobraziliense.com.br\/app\/noticia\/diversao-e-arte\/2018\/05\/16\/interna_diversao_arte,680909\/andrea-bocelli-entrevista.shtml\">Bras\u00edlia (Est\u00e1dio Nacional Man\u00e9 Garrincha), dia 26<\/a>; e S\u00e3o Paulo (Allianz Parque), dia 29.<\/p>\n<p>Nas tr\u00eas cidades, o artista italiano, que tem uma legi\u00e3o de f\u00e3s no pa\u00eds, ter\u00e1 como convidada a cantora <a href=\"https:\/\/www.correiobraziliense.com.br\/app\/noticia\/diversao-e-arte\/2018\/05\/12\/interna_diversao_arte,680304\/maria-rita-durante-apresentacao-em-brasilia-esse-show-e-um-ato-polit.shtml\">Maria Rita<\/a> (filha de Elis Regina), que est\u00e1 na estrada com o show <em>Amor e m\u00fasica<\/em>, nome tamb\u00e9m do seu novo \u00e1lbum. Recentemente, ela se apresentou em Bras\u00edlia, no projeto Na Praia.<\/p>\n<p>Em seus concertos, Bocelli transita entre o cl\u00e1ssico e o popular. Na passagem anterior pelos palcos brasileiros, ele teve ao seu lado cantoras de diferentes estilos, Anitta, Sandy e Paula Fernandes. No momento, o tenor est\u00e1 com aten\u00e7\u00f5es voltadas tamb\u00e9m para <em>Si<\/em>, CD que tem lan\u00e7amento previsto para outubro. O single desse disco \u00e9 <em>If only<\/em>, inclu\u00edda do repert\u00f3rio do espet\u00e1culo nas tr\u00eas capitais brasileiras.<\/p>\n<p>Andrea Bocelli que iniciou sua trajet\u00f3ria vitoriosa no Festival de Sanremo,em 1992, lan\u00e7ou incont\u00e1veis \u00e1lbuns de est\u00fadio e gravados ao vivo. Entre as \u00f3peras que gravou est\u00e3o <em>Caemen<\/em> (Georges Bizet), <em>Tosca<\/em> (Giacomo Puccini) e<em> Romeu, La Boheme<\/em> (Giacomp Puccini) e <em>Julieta<\/em> (Charles Gounod).<\/p>\n<p>Os ingressos para a apresenta\u00e7\u00e3o em Bras\u00edlia est\u00e3o \u00e0 venda na Fnac (PrkShopping), de segunda-feira a s\u00e1bado, das 10h \u00e0s 22h; e domingos e feriados, das 13h \u00e0s 20h. Pre\u00e7os: a partir de R$ 125.<\/p>\n<h2>Ou\u00e7a<em> If only<\/em>, mais novo single de Andrea Bocelli<\/h2>\n<p><iframe loading=\"lazy\" title=\"Andrea Bocelli - If Only\" width=\"1440\" height=\"810\" src=\"https:\/\/www.youtube.com\/embed\/RFPTjcS4E_U?feature=oembed\" frameborder=\"0\" allow=\"accelerometer; autoplay; clipboard-write; encrypted-media; gyroscope; picture-in-picture; web-share\" referrerpolicy=\"strict-origin-when-cross-origin\" allowfullscreen><\/iframe><\/p>\n","protected":false},"excerpt":{"rendered":"<p>Andrea Bocelli far\u00e1 tr\u00eas shows no Brasil, todos eles com presen\u00e7a de Maria Rita, filha de Elis Regina Considerado o artista de maior popularidade na hist\u00f3ria da m\u00fasica cl\u00e1ssica, o tenor Andrea Bocelli cumprir\u00e1 nova turn\u00ea pelo Brasil no pr\u00f3ximo m\u00eas, em setembro. As apresenta\u00e7\u00f5es ser\u00e3o em Porto Alegre (Est\u00e1dio Beira-Rio), dia 23; Bras\u00edlia (Est\u00e1dio Nacional Man\u00e9 Garrincha), dia 26; [&hellip;]<\/p>\n","protected":false},"author":84,"featured_media":465,"comment_status":"open","ping_status":"open","sticky":false,"template":"","format":"standard","meta":{"footnotes":""},"categories":[2],"tags":[123,124,122,21],"class_list":["post-464","post","type-post","status-publish","format-standard","has-post-thumbnail","hentry","category-musica","tag-andrea-bocelli","tag-brasil","tag-maria-rita","tag-show"],"_links":{"self":[{"href":"https:\/\/blogs.correiobraziliense.com.br\/trilhasonora\/wp-json\/wp\/v2\/posts\/464","targetHints":{"allow":["GET"]}}],"collection":[{"href":"https:\/\/blogs.correiobraziliense.com.br\/trilhasonora\/wp-json\/wp\/v2\/posts"}],"about":[{"href":"https:\/\/blogs.correiobraziliense.com.br\/trilhasonora\/wp-json\/wp\/v2\/types\/post"}],"author":[{"embeddable":true,"href":"https:\/\/blogs.correiobraziliense.com.br\/trilhasonora\/wp-json\/wp\/v2\/users\/84"}],"replies":[{"embeddable":true,"href":"https:\/\/blogs.correiobraziliense.com.br\/trilhasonora\/wp-json\/wp\/v2\/comments?post=464"}],"version-history":[{"count":2,"href":"https:\/\/blogs.correiobraziliense.com.br\/trilhasonora\/wp-json\/wp\/v2\/posts\/464\/revisions"}],"predecessor-version":[{"id":467,"href":"https:\/\/blogs.correiobraziliense.com.br\/trilhasonora\/wp-json\/wp\/v2\/posts\/464\/revisions\/467"}],"wp:featuredmedia":[{"embeddable":true,"href":"https:\/\/blogs.correiobraziliense.com.br\/trilhasonora\/wp-json\/wp\/v2\/media\/465"}],"wp:attachment":[{"href":"https:\/\/blogs.correiobraziliense.com.br\/trilhasonora\/wp-json\/wp\/v2\/media?parent=464"}],"wp:term":[{"taxonomy":"category","embeddable":true,"href":"https:\/\/blogs.correiobraziliense.com.br\/trilhasonora\/wp-json\/wp\/v2\/categories?post=464"},{"taxonomy":"post_tag","embeddable":true,"href":"https:\/\/blogs.correiobraziliense.com.br\/trilhasonora\/wp-json\/wp\/v2\/tags?post=464"}],"curies":[{"name":"wp","href":"https:\/\/api.w.org\/{rel}","templated":true}]}}