{"id":461,"date":"2018-08-10T08:00:55","date_gmt":"2018-08-10T11:00:55","guid":{"rendered":"https:\/\/blogs.correiobraziliense.com.br\/trilhasonora\/?p=461"},"modified":"2018-08-09T14:32:26","modified_gmt":"2018-08-09T17:32:26","slug":"sons-da-noite-dionne-warwick-desembarca-em-brasilia-para-show-em-agosto","status":"publish","type":"post","link":"https:\/\/blogs.correiobraziliense.com.br\/trilhasonora\/sons-da-noite-dionne-warwick-desembarca-em-brasilia-para-show-em-agosto\/","title":{"rendered":"Sons da noite: Dionne Warwick desembarca em Bras\u00edlia para show em agosto"},"content":{"rendered":"<h3>Confira a coluna Sons da Noite publicada nesta sexta-feira (10\/8) no caderno Divirta-se Mais<\/h3>\n<p><strong>Estrela da can\u00e7\u00e3o<\/strong><\/p>\n<p>Dionne Warwick, que tem uma grande afinidade com o Brasil, j\u00e1 se apresentou no Rio de Janeiro e em S\u00e3o Paulo v\u00e1rias vezes. <a href=\"https:\/\/blogs.correiobraziliense.com.br\/trilhasonora\/dionne-warwick-brasilia\/\">Em sua nova turn\u00ea nacional, a estrela da m\u00fasica norte-americana vir\u00e1 a Bras\u00edlia pela primeira vez e far\u00e1 show dia 25 pr\u00f3ximo, no audit\u00f3rio m\u00e1ster do Centro de Conven\u00e7\u00f5es Ulysses Guimar\u00e3es<\/a>.<\/p>\n<p>Acompanhada por banda, ela ir\u00e1 interpretar cl\u00e1ssicos do seu repert\u00f3rio como <em>Do you know the way to San Jose<\/em>, <em>Walk on by<\/em>, <em>Anyone who had a heart<\/em>, <em>Say a little prayer<\/em> e<em> I\u2019Il never fall in love again<\/em>, al\u00e9m de can\u00e7\u00f5es do disco de duetos intitulado <em>Feels so good<\/em>, lan\u00e7ado recentemente, que teve a participa\u00e7\u00e3o de Alicia Keys, Cyndi Lauper e Jamie Foxx, entre outros. N\u00e3o recomendado para menores de 14 anos.<\/p>\n<p><strong>Eu recomendo<\/strong><\/p>\n<p>Destaque do samba na capital, o cantor e compositor Diego Pedigree lan\u00e7a o CD <em>\u00c9 pra chegar<\/em>, domingo (12), no C\u00edrculo Oper\u00e1rio (Cruzeiro Velho). No show, a partir das 15h, ele tem como convidados Clara Nogueira, Jean Mussa, Bebeto Serqueira, Canela de Cobra e o grupo 7 na Roda.<em> Amar e querer bem<\/em>, <em>Cad\u00ea Jovelina?<\/em>, <em>Diz sarav\u00e1<\/em> e <em>Mar de sedu\u00e7\u00e3o<\/em> s\u00e3o algumas das m\u00fasicas do disco. N\u00e3o recomendado para menores de 16 anos.<\/p>\n<p><strong>Balada sagrada<\/strong><\/p>\n<p>Origin\u00e1ria do Fabrique Club, no bairro paulistano da Barra Funda, a festa Santo Forte desembarca em Bras\u00edlia em 1\u00ba de setembro. A balada comandada pelo elogiado DJ e pesquisador Tutu Moraes, que aposta no cancioneiro brasileiro, vai ocupar o subsolo da Faculdade Dulcina, no Conic. N\u00e3o recomendado para menores de 18 anos.<\/p>\n<p><strong>Serenata gratuita<\/strong><\/p>\n<p>Depois de reunir mais de duas mil pessoas, recentemente, no Centro de Conven\u00e7\u00f5es Ulysses Guimar\u00e3es, Oswaldo Montenegro est\u00e1 de volta \u00e0 cidade. No dia 16, \u00e0s 21h, ele faz o show <em>Serenata<\/em>, em homenagem ao Dia dos Pais, na Pra\u00e7a Central do Terra\u00e7o Shopping (\u00c1rea Octogonal), com entrada franca. Classifica\u00e7\u00e3o indicativa livre.<\/p>\n<p><strong>Em casa<\/strong><\/p>\n<p>Ao se apresentar domingo (12), \u00e0s 20h, no projeto Na Praia, o Caraivana vai se sentir em casa. Tudo porque o grupo surgiu na comunidade litor\u00e2nea de Cara\u00edva, pr\u00f3ximo a Porto Seguro. No show, Alex Souza, Douglas Lora, Alexandre Lora, Andr\u00e9 Lora, Juninho Billy e F\u00e1bio Luna v\u00e3o passear por uma variedade de ritimos brasileiros \u2014 indo do choro ao bai\u00e3o, do xote ao samba de raiz. N\u00e3o recomendado para menores de 16 anos.<\/p>\n<p><strong>\u00d3pera popular<\/strong><\/p>\n<p><em>A flauta m\u00e1gica<\/em>, \u00f3pera de Mozart, ser\u00e1 encenada s\u00e1bado (11), \u00e0s 19h, e domingo (12), \u00e0s 16h e \u00e0s 19h, no Teatro da Escola de M\u00fasica de Bras\u00edlia (601 Sul). Com dire\u00e7\u00e3o de Francisco Frias, o espet\u00e1culo tem como protagonista Danielle Dumont, que d\u00e1 vida \u00e0 Rainha da Noite. Classifica\u00e7\u00e3o indicativa livre.<\/p>\n<p><strong>Violeiro brasileiro<\/strong><\/p>\n<p>Espet\u00e1culo c\u00eanico-musical, protagonizado por Roberto Corr\u00eaa, que narra com texto e m\u00fasica a vida de um violeiro brasileiro, estar\u00e1 em cartaz de 14 a 16 pr\u00f3ximos, no Teatro da Caixa. Haver\u00e1 a participa\u00e7\u00e3o da dupla formada por Badia Medeiros e H\u00e9rik Souza, de um grupo de catira e a exibi\u00e7\u00e3o de v\u00eddeos. N\u00e3o recomendado para menores de 12 anos.<\/p>\n","protected":false},"excerpt":{"rendered":"<p>Confira a coluna Sons da Noite publicada nesta sexta-feira (10\/8) no caderno Divirta-se Mais Estrela da can\u00e7\u00e3o Dionne Warwick, que tem uma grande afinidade com o Brasil, j\u00e1 se apresentou no Rio de Janeiro e em S\u00e3o Paulo v\u00e1rias vezes. Em sua nova turn\u00ea nacional, a estrela da m\u00fasica norte-americana vir\u00e1 a Bras\u00edlia pela primeira vez e far\u00e1 show dia [&hellip;]<\/p>\n","protected":false},"author":84,"featured_media":385,"comment_status":"open","ping_status":"open","sticky":false,"template":"","format":"standard","meta":{"footnotes":""},"categories":[27],"tags":[44],"class_list":["post-461","post","type-post","status-publish","format-standard","has-post-thumbnail","hentry","category-coluna-sons-da-noite","tag-sons-da-noite"],"_links":{"self":[{"href":"https:\/\/blogs.correiobraziliense.com.br\/trilhasonora\/wp-json\/wp\/v2\/posts\/461","targetHints":{"allow":["GET"]}}],"collection":[{"href":"https:\/\/blogs.correiobraziliense.com.br\/trilhasonora\/wp-json\/wp\/v2\/posts"}],"about":[{"href":"https:\/\/blogs.correiobraziliense.com.br\/trilhasonora\/wp-json\/wp\/v2\/types\/post"}],"author":[{"embeddable":true,"href":"https:\/\/blogs.correiobraziliense.com.br\/trilhasonora\/wp-json\/wp\/v2\/users\/84"}],"replies":[{"embeddable":true,"href":"https:\/\/blogs.correiobraziliense.com.br\/trilhasonora\/wp-json\/wp\/v2\/comments?post=461"}],"version-history":[{"count":1,"href":"https:\/\/blogs.correiobraziliense.com.br\/trilhasonora\/wp-json\/wp\/v2\/posts\/461\/revisions"}],"predecessor-version":[{"id":463,"href":"https:\/\/blogs.correiobraziliense.com.br\/trilhasonora\/wp-json\/wp\/v2\/posts\/461\/revisions\/463"}],"wp:featuredmedia":[{"embeddable":true,"href":"https:\/\/blogs.correiobraziliense.com.br\/trilhasonora\/wp-json\/wp\/v2\/media\/385"}],"wp:attachment":[{"href":"https:\/\/blogs.correiobraziliense.com.br\/trilhasonora\/wp-json\/wp\/v2\/media?parent=461"}],"wp:term":[{"taxonomy":"category","embeddable":true,"href":"https:\/\/blogs.correiobraziliense.com.br\/trilhasonora\/wp-json\/wp\/v2\/categories?post=461"},{"taxonomy":"post_tag","embeddable":true,"href":"https:\/\/blogs.correiobraziliense.com.br\/trilhasonora\/wp-json\/wp\/v2\/tags?post=461"}],"curies":[{"name":"wp","href":"https:\/\/api.w.org\/{rel}","templated":true}]}}